{"id":21473,"date":"2026-03-10T23:45:41","date_gmt":"2026-03-10T22:45:41","guid":{"rendered":"https:\/\/aleeknews.com\/4l33k5\/2026\/03\/10\/asi-fue-el-funeral-de-willie-colon-en-nueva-york\/"},"modified":"2026-03-10T23:45:41","modified_gmt":"2026-03-10T22:45:41","slug":"asi-fue-el-funeral-de-willie-colon-en-nueva-york","status":"publish","type":"post","link":"https:\/\/aleeknews.com\/4l33k5\/2026\/03\/10\/asi-fue-el-funeral-de-willie-colon-en-nueva-york\/","title":{"rendered":"As\u00ed fue el funeral de Willie Col\u00f3n en Nueva York"},"content":{"rendered":"<div data-fusion-lazy-id=\"f0fvkVotAlJJUv\">\n<div>\n<div>\n<p>La misa del cantante, productor y trombonista se realiz\u00f3 en la Catedral de San Patricio en Nueva York. El arquitecto de la salsa y estrella de la Fania falleci\u00f3 el 21 de febrero de 2026 a sus 75 a\u00f1os. <\/p>\n<div>\n<p><img decoding=\"async\" alt=\"Damaris Hern\u00e1ndez Mercado\" src=\"https:\/\/www.elnuevodia.com\/pf\/api\/v3\/content\/fetch\/image-resizer-v1?query=%7B%22website%22%3A%22el-nuevo-dia%22%2C%22imageUrl%22%3A%22https%3A%2F%2Fs3.amazonaws.com%2Farc-authors%2Fgfrmedia%2Fe78d5726-5863-4929-a9ec-b24cc70112dd.png%22%2C%22width%22%3A170%2C%22height%22%3A147%2C%22redirect%22%3A%221%22%2C%22external%22%3A%221%22%7D\"><\/p>\n<\/div>\n<div>\n<p>9 de marzo de 2026 &#8211; 11:07 AM<\/p>\n<\/div>\n<\/div>\n<\/div>\n<div>\n<p><b>1 \/ 10 | <\/b><span> As\u00ed fue el funeral de Willie Col\u00f3n en Nueva York . El f\u00e9retro con los restos de Willie Col\u00f3n a su llegada a St. Patrick&#8217;s Cathedral para el funeral del m\u00fasico. (AP Photo\/Seth Wenig)<\/span><i> &#8211; Seth Wenig<\/i><\/p>\n<\/div>\n<\/div>\n\n    <div class=\"xs_social_share_widget xs_share_url after_content \t\tmain_content  wslu-style-1 wslu-share-box-shaped wslu-fill-colored wslu-none wslu-share-horizontal wslu-theme-font-no wslu-main_content\">\n\n\t\t\n        <ul>\n\t\t\t        <\/ul>\n    <\/div> \n","protected":false},"excerpt":{"rendered":"<p>La misa del cantante, productor y trombonista se realiz\u00f3 en la Catedral de San Patricio en Nueva York. El arquitecto de la salsa y estrella de la Fania falleci\u00f3 el 21 de febrero de 2026 a sus 75 a\u00f1os. 9 de marzo de 2026 &#8211; 11:07 AM 1 \/ 10 | As\u00ed fue el funeral<\/p>\n","protected":false},"author":1,"featured_media":21474,"comment_status":"open","ping_status":"open","sticky":false,"template":"","format":"standard","meta":{"om_disable_all_campaigns":false,"_monsterinsights_skip_tracking":false,"_monsterinsights_sitenote_active":false,"_monsterinsights_sitenote_note":"","_monsterinsights_sitenote_category":0,"footnotes":""},"categories":[61],"tags":[],"class_list":["post-21473","post","type-post","status-publish","format-standard","has-post-thumbnail","hentry","category-musica"],"aioseo_notices":[],"_links":{"self":[{"href":"https:\/\/aleeknews.com\/4l33k5\/wp-json\/wp\/v2\/posts\/21473","targetHints":{"allow":["GET"]}}],"collection":[{"href":"https:\/\/aleeknews.com\/4l33k5\/wp-json\/wp\/v2\/posts"}],"about":[{"href":"https:\/\/aleeknews.com\/4l33k5\/wp-json\/wp\/v2\/types\/post"}],"author":[{"embeddable":true,"href":"https:\/\/aleeknews.com\/4l33k5\/wp-json\/wp\/v2\/users\/1"}],"replies":[{"embeddable":true,"href":"https:\/\/aleeknews.com\/4l33k5\/wp-json\/wp\/v2\/comments?post=21473"}],"version-history":[{"count":0,"href":"https:\/\/aleeknews.com\/4l33k5\/wp-json\/wp\/v2\/posts\/21473\/revisions"}],"wp:featuredmedia":[{"embeddable":true,"href":"https:\/\/aleeknews.com\/4l33k5\/wp-json\/wp\/v2\/media\/21474"}],"wp:attachment":[{"href":"https:\/\/aleeknews.com\/4l33k5\/wp-json\/wp\/v2\/media?parent=21473"}],"wp:term":[{"taxonomy":"category","embeddable":true,"href":"https:\/\/aleeknews.com\/4l33k5\/wp-json\/wp\/v2\/categories?post=21473"},{"taxonomy":"post_tag","embeddable":true,"href":"https:\/\/aleeknews.com\/4l33k5\/wp-json\/wp\/v2\/tags?post=21473"}],"curies":[{"name":"wp","href":"https:\/\/api.w.org\/{rel}","templated":true}]}}