{"id":21469,"date":"2026-03-10T23:45:10","date_gmt":"2026-03-10T22:45:10","guid":{"rendered":"https:\/\/aleeknews.com\/4l33k5\/2026\/03\/10\/que-es-anosognosia-ademas-de-demencia-el-actor-bruce-willis-padece-de-esta-condicion\/"},"modified":"2026-03-10T23:45:10","modified_gmt":"2026-03-10T22:45:10","slug":"que-es-anosognosia-ademas-de-demencia-el-actor-bruce-willis-padece-de-esta-condicion","status":"publish","type":"post","link":"https:\/\/aleeknews.com\/4l33k5\/2026\/03\/10\/que-es-anosognosia-ademas-de-demencia-el-actor-bruce-willis-padece-de-esta-condicion\/","title":{"rendered":"\u00bfQu\u00e9 es anosognosia? Adem\u00e1s de demencia, el actor Bruce Willis padece de esta condici\u00f3n"},"content":{"rendered":"<div>\n<p>La salud de <a href=\"https:\/\/www.elnuevodia.com\/topicos\/bruce-willis\/\" target=\"_blank\" rel=\"noreferrer\" title=\"https:\/\/www.elnuevodia.com\/topicos\/bruce-willis\/\"><b>Bruce Willis<\/b><\/a> volvi\u00f3 a colocarse en el centro de la conversaci\u00f3n p\u00fablica, pero esta vez por una revelaci\u00f3n que va m\u00e1s all\u00e1 del diagn\u00f3stico de demencia frontotemporal que enfrenta desde 2023.<\/p>\n<p><a href=\"https:\/\/www.elnuevodia.com\/entretenimiento\/farandula\/notas\/emma-heming-celebra-18-anos-de-amor-con-bruce-willis-con-nostalgica-fotografia\/\" target=\"_blank\" rel=\"noreferrer\" title=\"https:\/\/www.elnuevodia.com\/entretenimiento\/farandula\/notas\/emma-heming-celebra-18-anos-de-amor-con-bruce-willis-con-nostalgica-fotografia\/\"><b>Emma Heming<\/b><\/a>, esposa del actor, comparti\u00f3 que Willis no es consciente de su enfermedad, debido a una condici\u00f3n neurol\u00f3gica llamada anosognosia.<\/p>\n<p>De acuerdo con informaci\u00f3n publicada por la revista \u201cPeople\u201d, las declaraciones de Heming forman parte del pr\u00f3ximo episodio del podcast \u201cConversations With Cam\u201d, donde explic\u00f3 que, <b>adem\u00e1s de la demencia, el protagonista de \u201cDie Hard\u201d presenta esta alteraci\u00f3n que le impide reconocer su propio estado de salud.<\/b><\/p>\n<p>\u201cBruce no es consciente de que tiene demencia\u201d, dijo Emma, dejando claro que <b>no se trata de una negaci\u00f3n voluntaria. \u201cNunca conect\u00f3 los puntos. Para \u00e9l, todo est\u00e1 bien\u201d.<\/b><\/p>\n<p>Heming tambi\u00e9n afirm\u00f3 que aunque el histri\u00f3n no sea consciente de su salud, enfrentar la enfermedad no es sencillo, ni para \u00e9l ni para quienes est\u00e1n a su alrededor.<\/p>\n<p><b>\u201cEs dif\u00edcil saber si \u00e9l sabe lo que le est\u00e1 pasando. La demencia es dura para la persona diagnosticada, pero es igual de dura para la familia\u201d,<\/b> confes\u00f3.<\/p>\n<p>Asimismo, pidi\u00f3 que no se confunda con la negaci\u00f3n, simplemente es la enfermedad manifest\u00e1ndose.<\/p>\n<p><b>\u201cLa gente piensa que esto podr\u00eda ser negaci\u00f3n. No es negaci\u00f3n, es simplemente que su cerebro est\u00e1 cambiando. Esto es parte de la enfermedad\u201d.<\/b><\/p>\n<p>Sobre la relaci\u00f3n familiar, Emma reconoci\u00f3 que no ha sido f\u00e1cil explicarle la situaci\u00f3n a sus hijas, pero ha optado hablarles con la verdad sin afectar la imagen que las ni\u00f1as tienen de su padre. <\/p>\n<p>Por \u00faltimo, neg\u00f3 que la condici\u00f3n de Willis ha llegado al punto de que ya no la reconoce; incluso, asegur\u00f3 que, aunque no de la misma manera que antes, su conexi\u00f3n con el actor sigue siendo especial.<\/p>\n<p>\u201cCuando alguien me pregunta: \u2018\u00bfBruce todav\u00eda sabe qui\u00e9n eres?\u2019, s\u00ed, lo sabe. No tiene Alzheimer. Tiene una forma de conectar conmigo y con nuestros hijos que quiz\u00e1 no sea la misma que antes, pero sigue siendo muy hermosa\u201d, finaliz\u00f3.<\/p>\n<p>Desde el punto de vista m\u00e9dico<b>, la anosognosia significa literalmente \u201cfalta de conocimiento de la enfermedad\u201d. Suele presentarse en personas con ciertos tipos de demencia, as\u00ed como en pacientes que han sufrido accidentes cerebrovasculares, traumatismos craneales u otras afecciones neurol\u00f3gicas.<\/b><\/p>\n<p>No se trata de un desconocimiento a prop\u00f3sito; el cerebro, simplemente,<b> deja de procesar la informaci\u00f3n necesaria para reconocer el propio deterioro.<\/b> Esto puede traducirse en rechazo a explicaciones m\u00e9dicas, insistencia en que \u201ctodo est\u00e1 bien\u201d o confusi\u00f3n frente a situaciones que antes eran claras.<\/p>\n<p>Para las familias, esta condici\u00f3n a\u00f1ade una dificultad adicional: el paciente no percibe la necesidad de ayuda, supervisi\u00f3n o atenci\u00f3n constante.<\/p>\n<\/div>\n\n    <div class=\"xs_social_share_widget xs_share_url after_content \t\tmain_content  wslu-style-1 wslu-share-box-shaped wslu-fill-colored wslu-none wslu-share-horizontal wslu-theme-font-no wslu-main_content\">\n\n\t\t\n        <ul>\n\t\t\t        <\/ul>\n    <\/div> \n","protected":false},"excerpt":{"rendered":"<p>La salud de Bruce Willis volvi\u00f3 a colocarse en el centro de la conversaci\u00f3n p\u00fablica, pero esta vez por una revelaci\u00f3n que va m\u00e1s all\u00e1 del diagn\u00f3stico de demencia frontotemporal que enfrenta desde 2023. Emma Heming , esposa del actor, comparti\u00f3 que Willis no es consciente de su enfermedad, debido a una condici\u00f3n neurol\u00f3gica llamada<\/p>\n","protected":false},"author":2,"featured_media":21470,"comment_status":"open","ping_status":"open","sticky":false,"template":"","format":"standard","meta":{"om_disable_all_campaigns":false,"_monsterinsights_skip_tracking":false,"_monsterinsights_sitenote_active":false,"_monsterinsights_sitenote_note":"","_monsterinsights_sitenote_category":0,"footnotes":""},"categories":[38],"tags":[],"class_list":["post-21469","post","type-post","status-publish","format-standard","has-post-thumbnail","hentry","category-estilo-de-vida"],"aioseo_notices":[],"_links":{"self":[{"href":"https:\/\/aleeknews.com\/4l33k5\/wp-json\/wp\/v2\/posts\/21469","targetHints":{"allow":["GET"]}}],"collection":[{"href":"https:\/\/aleeknews.com\/4l33k5\/wp-json\/wp\/v2\/posts"}],"about":[{"href":"https:\/\/aleeknews.com\/4l33k5\/wp-json\/wp\/v2\/types\/post"}],"author":[{"embeddable":true,"href":"https:\/\/aleeknews.com\/4l33k5\/wp-json\/wp\/v2\/users\/2"}],"replies":[{"embeddable":true,"href":"https:\/\/aleeknews.com\/4l33k5\/wp-json\/wp\/v2\/comments?post=21469"}],"version-history":[{"count":0,"href":"https:\/\/aleeknews.com\/4l33k5\/wp-json\/wp\/v2\/posts\/21469\/revisions"}],"wp:featuredmedia":[{"embeddable":true,"href":"https:\/\/aleeknews.com\/4l33k5\/wp-json\/wp\/v2\/media\/21470"}],"wp:attachment":[{"href":"https:\/\/aleeknews.com\/4l33k5\/wp-json\/wp\/v2\/media?parent=21469"}],"wp:term":[{"taxonomy":"category","embeddable":true,"href":"https:\/\/aleeknews.com\/4l33k5\/wp-json\/wp\/v2\/categories?post=21469"},{"taxonomy":"post_tag","embeddable":true,"href":"https:\/\/aleeknews.com\/4l33k5\/wp-json\/wp\/v2\/tags?post=21469"}],"curies":[{"name":"wp","href":"https:\/\/api.w.org\/{rel}","templated":true}]}}