{"id":21466,"date":"2026-03-10T23:44:44","date_gmt":"2026-03-10T22:44:44","guid":{"rendered":"https:\/\/aleeknews.com\/4l33k5\/2026\/03\/10\/representante-jorge-rivera-segarra-es-tanta-la-labor-en-las-fincas-que-hay-espacio-para-todos\/"},"modified":"2026-03-10T23:44:44","modified_gmt":"2026-03-10T22:44:44","slug":"representante-jorge-rivera-segarra-es-tanta-la-labor-en-las-fincas-que-hay-espacio-para-todos","status":"publish","type":"post","link":"https:\/\/aleeknews.com\/4l33k5\/2026\/03\/10\/representante-jorge-rivera-segarra-es-tanta-la-labor-en-las-fincas-que-hay-espacio-para-todos\/","title":{"rendered":"Representante Jorge Rivera Segarra: \u201cEs tanta la labor en las fincas que hay espacio para todos\u201d"},"content":{"rendered":"<div>\n<div data-fusion-lazy-id=\"f0f5G41E11Y61Ck\">\n<div data-testid=\"global-header-test\">\n<hr>\n<p><span>Bolsa de valores <b>10:44 PM<\/b><\/span><\/p>\n<\/div>\n<div data-testid=\"test-post-copy\">\n<div>\n<p>S&#038;P 500 &#8211; (CFD)<\/p>\n<p>6781.52<\/p>\n<p>-0.21%<\/p>\n<\/div>\n<p><span> \u00b7 <\/span><\/p>\n<p><span> \u00b7 <\/span><\/p>\n<\/div>\n<\/div>\n<div>\n<div data-fusion-lazy-id=\"f0f9tfiOw0362nv\">\n<div class>\n<p><a href=\"https:\/\/thetrustproject.org\/\"><img decoding=\"async\" src=\"https:\/\/www.elnuevodia.com\/pf\/resources\/v2\/icons\/trust-icon.svg?d=223\"><\/a><\/p>\n<div>\n<p>Se adhiere a los criterios de The Trust Project<\/p>\n<\/div>\n<\/div>\n<div>\n<h2>El legislador despach\u00f3 la generalizaci\u00f3n de que los boricuas no quieren trabajar en la agricultura, pero de igual forma dio la bienvenida a trabajadores de otros pa\u00edses que deseen sumarse a las iniciativas de este sector<\/h2>\n<div>\n<p>25 de marzo de 2021 &#8211; 12:52 PM<\/p>\n<\/div>\n<div>\n<p><b>Archivo<\/b><\/p>\n<p>Esta historia fue publicada hace m\u00e1s de 5 a\u00f1os.<\/p>\n<\/div>\n<\/div>\n<\/div>\n<div data-fusion-lazy-id=\"f0f8wxHIPTYNet\">\n<div><picture><source media=\"(max-width: 375px)\" ><source media=\"(max-width: 767px)\" ><source media=\"(max-width: 1023px)\" ><source ><\/picture><figcaption>Representante Jorge Rivera Segarra. <span>(Suministrada)<\/span><\/figcaption><\/div>\n<div>\n<p>Jorge Alfredo Rivera Segarra, representante novato del Partido Popular Democr\u00e1tico, asegur\u00f3 en un comunicado de prensa que el mes pasado el Departamento del Trabajo indic\u00f3 que en la isla hab\u00eda unos 4,000 empleos disponibles en el sector agr\u00edcola, por lo que invit\u00f3 a locales y personas extranjeras a sumarse a este campo laboral.<\/p>\n<\/div>\n<\/div>\n<section>\n<header><span>Popular en la Comunidad<\/span><\/header>\n<\/section>\n<\/div>\n<\/div>\n\n    <div class=\"xs_social_share_widget xs_share_url after_content \t\tmain_content  wslu-style-1 wslu-share-box-shaped wslu-fill-colored wslu-none wslu-share-horizontal wslu-theme-font-no wslu-main_content\">\n\n\t\t\n        <ul>\n\t\t\t        <\/ul>\n    <\/div> \n","protected":false},"excerpt":{"rendered":"<p>Bolsa de valores 10:44 PM S&amp;P 500 &#8211; (CFD) 6781.52 -0.21% \u00b7 \u00b7 Se adhiere a los criterios de The Trust Project El legislador despach\u00f3 la generalizaci\u00f3n de que los boricuas no quieren trabajar en la agricultura, pero de igual forma dio la bienvenida a trabajadores de otros pa\u00edses que deseen sumarse a las iniciativas<\/p>\n","protected":false},"author":2,"featured_media":21467,"comment_status":"open","ping_status":"open","sticky":false,"template":"","format":"standard","meta":{"om_disable_all_campaigns":false,"_monsterinsights_skip_tracking":false,"_monsterinsights_sitenote_active":false,"_monsterinsights_sitenote_note":"","_monsterinsights_sitenote_category":0,"footnotes":""},"categories":[5],"tags":[],"class_list":["post-21466","post","type-post","status-publish","format-standard","has-post-thumbnail","hentry","category-negocios"],"aioseo_notices":[],"_links":{"self":[{"href":"https:\/\/aleeknews.com\/4l33k5\/wp-json\/wp\/v2\/posts\/21466","targetHints":{"allow":["GET"]}}],"collection":[{"href":"https:\/\/aleeknews.com\/4l33k5\/wp-json\/wp\/v2\/posts"}],"about":[{"href":"https:\/\/aleeknews.com\/4l33k5\/wp-json\/wp\/v2\/types\/post"}],"author":[{"embeddable":true,"href":"https:\/\/aleeknews.com\/4l33k5\/wp-json\/wp\/v2\/users\/2"}],"replies":[{"embeddable":true,"href":"https:\/\/aleeknews.com\/4l33k5\/wp-json\/wp\/v2\/comments?post=21466"}],"version-history":[{"count":0,"href":"https:\/\/aleeknews.com\/4l33k5\/wp-json\/wp\/v2\/posts\/21466\/revisions"}],"wp:featuredmedia":[{"embeddable":true,"href":"https:\/\/aleeknews.com\/4l33k5\/wp-json\/wp\/v2\/media\/21467"}],"wp:attachment":[{"href":"https:\/\/aleeknews.com\/4l33k5\/wp-json\/wp\/v2\/media?parent=21466"}],"wp:term":[{"taxonomy":"category","embeddable":true,"href":"https:\/\/aleeknews.com\/4l33k5\/wp-json\/wp\/v2\/categories?post=21466"},{"taxonomy":"post_tag","embeddable":true,"href":"https:\/\/aleeknews.com\/4l33k5\/wp-json\/wp\/v2\/tags?post=21466"}],"curies":[{"name":"wp","href":"https:\/\/api.w.org\/{rel}","templated":true}]}}