{"id":21460,"date":"2026-03-10T23:44:48","date_gmt":"2026-03-10T22:44:48","guid":{"rendered":"https:\/\/aleeknews.com\/4l33k5\/2026\/03\/10\/gobierno-discrepa-de-la-negativa-de-la-junta-fiscal-a-los-proyectos-de-alivio-contributivo\/"},"modified":"2026-03-10T23:44:48","modified_gmt":"2026-03-10T22:44:48","slug":"gobierno-discrepa-de-la-negativa-de-la-junta-fiscal-a-los-proyectos-de-alivio-contributivo","status":"publish","type":"post","link":"https:\/\/aleeknews.com\/4l33k5\/2026\/03\/10\/gobierno-discrepa-de-la-negativa-de-la-junta-fiscal-a-los-proyectos-de-alivio-contributivo\/","title":{"rendered":"Gobierno discrepa de la negativa de la Junta Fiscal a los proyectos de alivio contributivo"},"content":{"rendered":"<div>\n<div data-fusion-lazy-id=\"f0f5G41E11Y61Ck\">\n<div data-testid=\"global-header-test\">\n<hr>\n<p><span>Bolsa de valores <b>10:43 PM<\/b><\/span><\/p>\n<\/div>\n<div data-testid=\"test-post-copy\">\n<div>\n<p>S&#038;P 500 &#8211; (CFD)<\/p>\n<p>6781.52<\/p>\n<p>-0.21%<\/p>\n<\/div>\n<p><span> \u00b7 <\/span><\/p>\n<p><span> \u00b7 <\/span><\/p>\n<\/div>\n<\/div>\n<div>\n<div data-fusion-lazy-id=\"f0f9tfiOw0362nv\">\n<div class>\n<p><a href=\"https:\/\/thetrustproject.org\/\"><img decoding=\"async\" src=\"https:\/\/www.elnuevodia.com\/pf\/resources\/v2\/icons\/trust-icon.svg?d=223\"><\/a><\/p>\n<div>\n<p>Noticia<\/p>\n<div>\n<p>Basado en hechos que el periodista haya observado y verificado de primera mano, o en informaci\u00f3n verificada que proviene de fuentes bien informadas.<\/p>\n<\/div>\n<\/div>\n<\/div>\n<div>\n<h2>El secretario de Asuntos P\u00fablicos, Jean Pe\u00f1a Payano, inform\u00f3 que le tom\u00f3 por sorpresa la comunicaci\u00f3n del ente a cargo de las finanzas p\u00fablicas de Puerto Rico<\/h2>\n<div>\n<p>30 de enero de 2026 &#8211; 6:00 PM<\/p>\n<\/div>\n<div>\n<p><b>Archivo<\/b><\/p>\n<p>Esta historia fue publicada hace m\u00e1s de 1 mes.<\/p>\n<\/div>\n<\/div>\n<\/div>\n<div data-fusion-lazy-id=\"f0f8wxHIPTYNet\">\n<div><picture><source media=\"(max-width: 375px)\" ><source media=\"(max-width: 767px)\" ><source media=\"(max-width: 1023px)\" ><source ><\/picture><figcaption>El secretario de Asuntos P\u00fablicos, Jean Pe\u00f1a Payano, reaccion\u00f3 a la negativa de la Junta Fiscal a los proyectos de alivio contributivo. <span>(alexis.cedeno)<\/span><\/figcaption><\/div>\n<div>\n<p><img decoding=\"async\" alt=\"Efra\u00edn Montalb\u00e1n R\u00edos\" src=\"https:\/\/www.elnuevodia.com\/resizer\/v2\/https%3A%2F%2Fauthor-service-images-prod-us-east-1.publishing.aws.arc.pub%2Fgfrmedia%2Fb846106f-313f-4fa3-8690-8169fec53277.png?auth=b672eb01840f63d170a79ae205ccc29a2f694f1bb849b72693c84ad2cc16b7a1&#038;quality=75&#038;smart=true&#038;width=170&#038;height=147\"><\/p>\n<\/div>\n<div>\n<p>La administraci\u00f3n de <a href=\"https:\/\/www.elnuevodia.com\/topicos\/jenniffer-gonzalez\/\" target=\"_blank\" rel=\"noreferrer\" title=\"https:\/\/www.elnuevodia.com\/topicos\/jenniffer-gonzalez\/\"><b>Jenniffer Gonz\u00e1lez Col\u00f3n<\/b><\/a> reaccion\u00f3 sorprendida con el rechazo de la <a href=\"https:\/\/www.elnuevodia.com\/topicos\/junta-de-supervision-fiscal\/\" target=\"_blank\" rel=\"noreferrer\" title=\"https:\/\/www.elnuevodia.com\/topicos\/junta-de-supervision-fiscal\/\"><b>Junta de Supervisi\u00f3n Fiscal<\/b><\/a> (JSF) a los proyectos de alivio contributivo a individuos que se discuten en la Asamblea Legislativa por ser inconsistente con el plan fiscal vigente.<\/p>\n<\/div>\n<\/div>\n<section>\n<header><span>Popular en la Comunidad<\/span><\/header>\n<\/section>\n<\/div>\n<\/div>\n\n    <div class=\"xs_social_share_widget xs_share_url after_content \t\tmain_content  wslu-style-1 wslu-share-box-shaped wslu-fill-colored wslu-none wslu-share-horizontal wslu-theme-font-no wslu-main_content\">\n\n\t\t\n        <ul>\n\t\t\t        <\/ul>\n    <\/div> \n","protected":false},"excerpt":{"rendered":"<p>Bolsa de valores 10:43 PM S&amp;P 500 &#8211; (CFD) 6781.52 -0.21% \u00b7 \u00b7 Noticia Basado en hechos que el periodista haya observado y verificado de primera mano, o en informaci\u00f3n verificada que proviene de fuentes bien informadas. El secretario de Asuntos P\u00fablicos, Jean Pe\u00f1a Payano, inform\u00f3 que le tom\u00f3 por sorpresa la comunicaci\u00f3n del ente<\/p>\n","protected":false},"author":2,"featured_media":0,"comment_status":"open","ping_status":"open","sticky":false,"template":"","format":"standard","meta":{"om_disable_all_campaigns":false,"_monsterinsights_skip_tracking":false,"_monsterinsights_sitenote_active":false,"_monsterinsights_sitenote_note":"","_monsterinsights_sitenote_category":0,"footnotes":""},"categories":[5],"tags":[],"class_list":["post-21460","post","type-post","status-publish","format-standard","hentry","category-negocios"],"aioseo_notices":[],"_links":{"self":[{"href":"https:\/\/aleeknews.com\/4l33k5\/wp-json\/wp\/v2\/posts\/21460","targetHints":{"allow":["GET"]}}],"collection":[{"href":"https:\/\/aleeknews.com\/4l33k5\/wp-json\/wp\/v2\/posts"}],"about":[{"href":"https:\/\/aleeknews.com\/4l33k5\/wp-json\/wp\/v2\/types\/post"}],"author":[{"embeddable":true,"href":"https:\/\/aleeknews.com\/4l33k5\/wp-json\/wp\/v2\/users\/2"}],"replies":[{"embeddable":true,"href":"https:\/\/aleeknews.com\/4l33k5\/wp-json\/wp\/v2\/comments?post=21460"}],"version-history":[{"count":0,"href":"https:\/\/aleeknews.com\/4l33k5\/wp-json\/wp\/v2\/posts\/21460\/revisions"}],"wp:attachment":[{"href":"https:\/\/aleeknews.com\/4l33k5\/wp-json\/wp\/v2\/media?parent=21460"}],"wp:term":[{"taxonomy":"category","embeddable":true,"href":"https:\/\/aleeknews.com\/4l33k5\/wp-json\/wp\/v2\/categories?post=21460"},{"taxonomy":"post_tag","embeddable":true,"href":"https:\/\/aleeknews.com\/4l33k5\/wp-json\/wp\/v2\/tags?post=21460"}],"curies":[{"name":"wp","href":"https:\/\/api.w.org\/{rel}","templated":true}]}}