{"id":21449,"date":"2026-03-10T21:43:16","date_gmt":"2026-03-10T20:43:16","guid":{"rendered":"https:\/\/aleeknews.com\/4l33k5\/2026\/03\/10\/el-papa-leon-xiv-acepta-la-renuncia-de-obispo-estadounidense-detenido-por-presuntos-delitos-financieros-2\/"},"modified":"2026-03-10T21:43:16","modified_gmt":"2026-03-10T20:43:16","slug":"el-papa-leon-xiv-acepta-la-renuncia-de-obispo-estadounidense-detenido-por-presuntos-delitos-financieros-2","status":"publish","type":"post","link":"https:\/\/aleeknews.com\/4l33k5\/2026\/03\/10\/el-papa-leon-xiv-acepta-la-renuncia-de-obispo-estadounidense-detenido-por-presuntos-delitos-financieros-2\/","title":{"rendered":"El papa Le\u00f3n XIV acepta la renuncia de obispo estadounidense detenido por presuntos delitos financieros"},"content":{"rendered":"<div>\n<p><b>Roma<\/b> &#8211; El <a href=\"https:\/\/www.elnuevodia.com\/topicos\/papa-leon-xiv\/\" target=\"_self\" rel title=\"https:\/\/www.elnuevodia.com\/topicos\/papa-leon-xiv\/\">papa Le\u00f3n XIV<\/a> ha aceptado la renuncia del obispo cat\u00f3lico caldeo de San Diego, <a href=\"https:\/\/www.elnuevodia.com\/topicos\/california\/\" target=\"_self\" rel title=\"https:\/\/www.elnuevodia.com\/topicos\/california\/\">California<\/a>, una decisi\u00f3n anunciada el martes por el Vaticano despu\u00e9s de que el obispo fuera arrestado por cargos de malversaci\u00f3n de fondos.<\/p>\n<p><b>La oficina del sheriff del condado de San Diego inform\u00f3 la semana pasada de que hab\u00eda detenido al obispo Emmanuel Shaleta el 5 de marzo en el aeropuerto internacional de San Diego cuando intentaba salir del pa\u00eds. La oficina dijo que actu\u00f3 despu\u00e9s de que alguien de la iglesia de Shaleta proporcionara una declaraci\u00f3n y documentaci\u00f3n \u201cque mostraba una posible malversaci\u00f3n de fondos de la iglesia.\u201d<\/b><\/p>\n<p>Shaleta estaba detenido bajo fianza de $125,000 por ocho cargos de malversaci\u00f3n, blanqueo de capitales y delito de cuello blanco con agravantes, seg\u00fan el comunicado.<\/p>\n<p>No hubo respuesta inmediata a un correo electr\u00f3nico enviado a la parroquia de Shaleta, la iglesia caldea de San Pedro, en busca de comentarios e informaci\u00f3n de contacto de su abogado.<\/p>\n<p><b>El Vaticano dijo en su bolet\u00edn diario del martes que Le\u00f3n hab\u00eda aceptado la renuncia de Sheleta en virtud del c\u00f3digo de derecho can\u00f3nico para las iglesias de rito oriental que permite que el papa est\u00e9 de acuerdo si un obispo pide renunciar.<\/b><\/p>\n<div>\n<p><b>1 \/ 17 | <\/b><span> Solemnidad y reflexi\u00f3n: estampas del primer Mi\u00e9rcoles de Ceniza de Le\u00f3n XIV en El Vaticano. El papa Le\u00f3n XIV abri\u00f3 la temporada penitencial de Cuaresma de la Iglesia al presidir el Mi\u00e9rcoles de Ceniza.<\/span><i> &#8211; Riccardo De Luca<\/i><\/p>\n<\/div>\n<p>De hecho, Le\u00f3n acept\u00f3 la dimisi\u00f3n cuando Shaleta se la present\u00f3 en febrero, pero no se hizo el anuncio hasta el martes, seg\u00fan la embajada del Vaticano en Washington. La Santa Sede parece haber esperado a anunciar la decisi\u00f3n para evitar interferir en la investigaci\u00f3n policial.<\/p>\n<p>Le\u00f3n nombr\u00f3 administrador provisional al obispo Saad Hanna Sirop.<\/p>\n<p>Shaleta, de 69 a\u00f1os, fue ordenado sacerdote de la Iglesia cat\u00f3lica caldea de Detroit en 1984. En 2017 fue nombrado sacerdote de la rama de San Diego de la Iglesia cat\u00f3lica de rito oriental en Estados Unidos.<\/p>\n<p>___<\/p>\n<p><i>Esta historia fue traducida del ingl\u00e9s al espa\u00f1ol con una herramienta de inteligencia artificial y fue revisada por un editor antes de su publicaci\u00f3n.<\/i><\/p>\n<\/div>\n\n    <div class=\"xs_social_share_widget xs_share_url after_content \t\tmain_content  wslu-style-1 wslu-share-box-shaped wslu-fill-colored wslu-none wslu-share-horizontal wslu-theme-font-no wslu-main_content\">\n\n\t\t\n        <ul>\n\t\t\t        <\/ul>\n    <\/div> \n","protected":false},"excerpt":{"rendered":"<p>Roma &#8211; El papa Le\u00f3n XIV ha aceptado la renuncia del obispo cat\u00f3lico caldeo de San Diego, California, una decisi\u00f3n anunciada el martes por el Vaticano despu\u00e9s de que el obispo fuera arrestado por cargos de malversaci\u00f3n de fondos. La oficina del sheriff del condado de San Diego inform\u00f3 la semana pasada de que hab\u00eda<\/p>\n","protected":false},"author":2,"featured_media":21448,"comment_status":"open","ping_status":"open","sticky":false,"template":"","format":"standard","meta":{"om_disable_all_campaigns":false,"_monsterinsights_skip_tracking":false,"_monsterinsights_sitenote_active":false,"_monsterinsights_sitenote_note":"","_monsterinsights_sitenote_category":0,"footnotes":""},"categories":[10],"tags":[],"class_list":["post-21449","post","type-post","status-publish","format-standard","has-post-thumbnail","hentry","category-mundo"],"aioseo_notices":[],"_links":{"self":[{"href":"https:\/\/aleeknews.com\/4l33k5\/wp-json\/wp\/v2\/posts\/21449","targetHints":{"allow":["GET"]}}],"collection":[{"href":"https:\/\/aleeknews.com\/4l33k5\/wp-json\/wp\/v2\/posts"}],"about":[{"href":"https:\/\/aleeknews.com\/4l33k5\/wp-json\/wp\/v2\/types\/post"}],"author":[{"embeddable":true,"href":"https:\/\/aleeknews.com\/4l33k5\/wp-json\/wp\/v2\/users\/2"}],"replies":[{"embeddable":true,"href":"https:\/\/aleeknews.com\/4l33k5\/wp-json\/wp\/v2\/comments?post=21449"}],"version-history":[{"count":0,"href":"https:\/\/aleeknews.com\/4l33k5\/wp-json\/wp\/v2\/posts\/21449\/revisions"}],"wp:featuredmedia":[{"embeddable":true,"href":"https:\/\/aleeknews.com\/4l33k5\/wp-json\/wp\/v2\/media\/21448"}],"wp:attachment":[{"href":"https:\/\/aleeknews.com\/4l33k5\/wp-json\/wp\/v2\/media?parent=21449"}],"wp:term":[{"taxonomy":"category","embeddable":true,"href":"https:\/\/aleeknews.com\/4l33k5\/wp-json\/wp\/v2\/categories?post=21449"},{"taxonomy":"post_tag","embeddable":true,"href":"https:\/\/aleeknews.com\/4l33k5\/wp-json\/wp\/v2\/tags?post=21449"}],"curies":[{"name":"wp","href":"https:\/\/api.w.org\/{rel}","templated":true}]}}