{"id":21435,"date":"2026-03-10T21:43:04","date_gmt":"2026-03-10T20:43:04","guid":{"rendered":"https:\/\/aleeknews.com\/4l33k5\/2026\/03\/10\/nocaut-puerto-rico-no-llevara-boxeadores-a-los-juegos-centroamericanos-y-del-caribe-santo-domingo-2026\/"},"modified":"2026-03-10T21:43:04","modified_gmt":"2026-03-10T20:43:04","slug":"nocaut-puerto-rico-no-llevara-boxeadores-a-los-juegos-centroamericanos-y-del-caribe-santo-domingo-2026","status":"publish","type":"post","link":"https:\/\/aleeknews.com\/4l33k5\/2026\/03\/10\/nocaut-puerto-rico-no-llevara-boxeadores-a-los-juegos-centroamericanos-y-del-caribe-santo-domingo-2026\/","title":{"rendered":"\u00a1Nocaut! Puerto Rico no llevar\u00e1 boxeadores a los Juegos Centroamericanos y del Caribe Santo Domingo 2026"},"content":{"rendered":"<div>\n<p>Puerto Rico no participar\u00e1 en el torneo clasificatorio de boxeo rumbo a los <a href=\"https:\/\/www.elnuevodia.com\/topicos\/juegos-centroamericanos-y-del-caribe\/\" rel title=\"https:\/\/www.elnuevodia.com\/topicos\/juegos-centroamericanos-y-del-caribe\/\"><b>Juegos Centroamericanos y del Caribe de Santo Domingo 2026<\/b><\/a>, un evento que inicia este mi\u00e9rcoles en Guadalajara, M\u00e9xico, y que reunir\u00e1 a representantes de 14 pa\u00edses. <\/p>\n<p>Seg\u00fan se desprende de la lista de delegaciones participantes divulgada por la <b>Federaci\u00f3n Mexicana de Boxeo<\/b>, Puerto Rico no figura entre los pa\u00edses que competir\u00e1n en el torneo.<\/p>\n<p>La ausencia del pa\u00eds marcar\u00eda un hecho poco com\u00fan en la historia del boxeo puertorrique\u00f1o dentro del ciclo regional. <\/p>\n<p>De acuerdo con informaci\u00f3n compartida con <b>El Nuevo D\u00eda<\/b> por el historiador deportivo <b>Carlos Uriarte Gonz\u00e1lez, de confirmarse la ausencia boricua ser\u00eda la primera vez en 76 a\u00f1os que Puerto Rico no presenta boxeadores en un evento clasificatorio o competencia relacionada con los Juegos Centroamericanos y del Caribe<\/b>, desde los <b>Juegos Centroamericanos y del Caribe Guatemala 1950<\/b>.<\/p>\n<p>Los pa\u00edses confirmados para el clasificatorio son <b>Barbados, Colombia, Cuba, Guatemala, Hait\u00ed, Honduras, Islas V\u00edrgenes, Jamaica, M\u00e9xico, Nicaragua, Panam\u00e1, El Salvador, Trinidad y Tobago y Venezuela<\/b>.<\/p>\n<p>Hasta el momento, <b>no se ha informado p\u00fablicamente la ausencia de la delegaci\u00f3n puertorrique\u00f1a<\/b> en el torneo clasificatorio. Sin embargo, fuentes de este medio confirmaron que la decisi\u00f3n es final y firme.<\/p>\n<p>En una entrevista previa con <b>El Nuevo D\u00eda<\/b>, el presidente de la <a href=\"https:\/\/www.elnuevodia.com\/topicos\/federacion-puertorriquena-de-boxeo\/\" rel title=\"https:\/\/www.elnuevodia.com\/topicos\/federacion-puertorriquena-de-boxeo\/\"><b>Federaci\u00f3n Puertorrique\u00f1a de Boxeo (FPB)<\/b><\/a>, <b>Jos\u00e9 \u201cChicky\u201d Laureano,<\/b> explic\u00f3 que la raz\u00f3n por la cual Puerto Rico enfrentaba la posibilidad de quedar fuera del clasificatorio fue una confusi\u00f3n con las fechas de inscripci\u00f3n.<\/p>\n<p>De acuerdo con Laureano, la <b>Confederaci\u00f3n Panamericana de Boxeo<\/b>, organismo encargado de organizar el clasificatorio, provey\u00f3 dos fechas distintas para completar el registro de las delegaciones nacionales.<\/p>\n<p>Mientras un correo electr\u00f3nico enviado a las federaciones establec\u00eda el <b>20 de enero de 2026<\/b> como fecha l\u00edmite, la plataforma oficial de inscripci\u00f3n del torneo indicaba que el plazo se extend\u00eda hasta el <b>30 de enero<\/b>.<\/p>\n<p><b>El Nuevo D\u00eda<\/b> le dej\u00f3 mensajes de audio y de texto al presidente federativo para obtener una reacci\u00f3n, pero no ha recibido respuesta.<\/p>\n<p>Laureano indic\u00f3 que hab\u00edan solicitado la intervenci\u00f3n de la Junta de Directores de la <b>Confederaci\u00f3n Panamericana de Boxeo<\/b>, as\u00ed como del secretario general, del vicepresidente y del presidente de <b>World Boxing<\/b>, adem\u00e1s del presidente de <b>Centro Caribe Sports<\/b>, <b>Luis Mej\u00eda Oviedo<\/b>. Sin embargo, estas gestiones no generaron una respuesta favorable, lo que afectar\u00e1 a <b>hasta 10 atletas puertorrique\u00f1os<\/b>, seg\u00fan los c\u00e1lculos que Laureano hab\u00eda compartido previamente.<\/p>\n<\/div>\n\n    <div class=\"xs_social_share_widget xs_share_url after_content \t\tmain_content  wslu-style-1 wslu-share-box-shaped wslu-fill-colored wslu-none wslu-share-horizontal wslu-theme-font-no wslu-main_content\">\n\n\t\t\n        <ul>\n\t\t\t        <\/ul>\n    <\/div> \n","protected":false},"excerpt":{"rendered":"<p>Puerto Rico no participar\u00e1 en el torneo clasificatorio de boxeo rumbo a los Juegos Centroamericanos y del Caribe de Santo Domingo 2026 , un evento que inicia este mi\u00e9rcoles en Guadalajara, M\u00e9xico, y que reunir\u00e1 a representantes de 14 pa\u00edses. Seg\u00fan se desprende de la lista de delegaciones participantes divulgada por la Federaci\u00f3n Mexicana de<\/p>\n","protected":false},"author":2,"featured_media":21436,"comment_status":"open","ping_status":"open","sticky":false,"template":"","format":"standard","meta":{"om_disable_all_campaigns":false,"_monsterinsights_skip_tracking":false,"_monsterinsights_sitenote_active":false,"_monsterinsights_sitenote_note":"","_monsterinsights_sitenote_category":0,"footnotes":""},"categories":[7],"tags":[],"class_list":["post-21435","post","type-post","status-publish","format-standard","has-post-thumbnail","hentry","category-deportes"],"aioseo_notices":[],"_links":{"self":[{"href":"https:\/\/aleeknews.com\/4l33k5\/wp-json\/wp\/v2\/posts\/21435","targetHints":{"allow":["GET"]}}],"collection":[{"href":"https:\/\/aleeknews.com\/4l33k5\/wp-json\/wp\/v2\/posts"}],"about":[{"href":"https:\/\/aleeknews.com\/4l33k5\/wp-json\/wp\/v2\/types\/post"}],"author":[{"embeddable":true,"href":"https:\/\/aleeknews.com\/4l33k5\/wp-json\/wp\/v2\/users\/2"}],"replies":[{"embeddable":true,"href":"https:\/\/aleeknews.com\/4l33k5\/wp-json\/wp\/v2\/comments?post=21435"}],"version-history":[{"count":0,"href":"https:\/\/aleeknews.com\/4l33k5\/wp-json\/wp\/v2\/posts\/21435\/revisions"}],"wp:featuredmedia":[{"embeddable":true,"href":"https:\/\/aleeknews.com\/4l33k5\/wp-json\/wp\/v2\/media\/21436"}],"wp:attachment":[{"href":"https:\/\/aleeknews.com\/4l33k5\/wp-json\/wp\/v2\/media?parent=21435"}],"wp:term":[{"taxonomy":"category","embeddable":true,"href":"https:\/\/aleeknews.com\/4l33k5\/wp-json\/wp\/v2\/categories?post=21435"},{"taxonomy":"post_tag","embeddable":true,"href":"https:\/\/aleeknews.com\/4l33k5\/wp-json\/wp\/v2\/tags?post=21435"}],"curies":[{"name":"wp","href":"https:\/\/api.w.org\/{rel}","templated":true}]}}