{"id":21434,"date":"2026-03-10T21:43:05","date_gmt":"2026-03-10T20:43:05","guid":{"rendered":"https:\/\/aleeknews.com\/4l33k5\/2026\/03\/10\/el-credito-es-para-ellos-carlos-beltran-resalta-la-union-del-camerino-de-puerto-rico\/"},"modified":"2026-03-10T21:43:05","modified_gmt":"2026-03-10T20:43:05","slug":"el-credito-es-para-ellos-carlos-beltran-resalta-la-union-del-camerino-de-puerto-rico","status":"publish","type":"post","link":"https:\/\/aleeknews.com\/4l33k5\/2026\/03\/10\/el-credito-es-para-ellos-carlos-beltran-resalta-la-union-del-camerino-de-puerto-rico\/","title":{"rendered":"\u201cEl cr\u00e9dito es para ellos\u201d: Carlos Beltr\u00e1n resalta la uni\u00f3n del camerino de Puerto Rico"},"content":{"rendered":"<div>\n<p><b>Nota del editor: <\/b><i>Sigue toda la emoci\u00f3n del Cl\u00e1sico Mundial de B\u00e9isbol en <\/i><a href=\"https:\/\/www.elnuevodia.com\/especiales\/clasico-mundial-beisbol-2026\/\" rel><i><b>nuestro sitio especial<\/b><\/i><\/a><i><b>.<\/b><\/i><\/p>\n<p><i>&#8212;<\/i><\/p>\n<p>La uni\u00f3n del equipo, que inicia en el camerino y se refleja en el terreno de juego, fue clave para que Puerto Rico clasificara a la segunda ronda del <a href=\"https:\/\/www.elnuevodia.com\/topicos\/clasico-mundial-de-beisbol\/\" target=\"_blank\" rel=\"noreferrer\" title=\"https:\/\/www.elnuevodia.com\/topicos\/clasico-mundial-de-beisbol\/\"><b>Cl\u00e1sico Mundial de B\u00e9isbol<\/b><\/a>, resalt\u00f3 el gerente general de la novena.<\/p>\n<p>Puerto Rico avanz\u00f3 de ronda cuando a\u00fan le faltaba un juego en el calendario de la primera ronda del Grupo A en el <a href=\"https:\/\/www.elnuevodia.com\/topicos\/estadio-hiram-bithorn\/\" target=\"_blank\" rel=\"noreferrer\" title=\"https:\/\/www.elnuevodia.com\/topicos\/estadio-hiram-bithorn\/\"><b>Estadio Hiram Bithorn<\/b><\/a>. La novena completa el calendario este martes en la noche ante Canad\u00e1.<\/p>\n<p>El gerente general <a href=\"https:\/\/www.elnuevodia.com\/topicos\/carlos-beltran\/\" target=\"_blank\" rel=\"noreferrer\" title=\"https:\/\/www.elnuevodia.com\/topicos\/carlos-beltran\/\"><b>Carlos Beltr\u00e1n<\/b><\/a> vivi\u00f3 el lunes emociones colectivas con la clasificaci\u00f3n de Puerto Rico, que se extendieron hasta el p\u00fablico que ha llenado las grader\u00edas en cada juego del equipo en la primera ronda.<\/p>\n<p>\u201cEstoy contento. Es gradioso para los muchachos\u201d, dijo Beltr\u00e1n se\u00f1alando a un grupo relativamente joven de jugadores, como Darell Hern\u00e1iz, quien peg\u00f3 un her\u00f3ico jonr\u00f3n en la primera ronda, y Eduardo Rivera y Elmer Rodr\u00edguez, quienes subieron a la loma y cumplieron importantes misiones, junto a veteranos como Mart\u00edn \u2018Machete\u2019 Maldonado, que est\u00e1 cerrando su carreras con notas altas.<\/p>\n<p>\u201cEstoy contento con lo que estamos viviendo como equipo y lo que vivieron los fan\u00e1ticos en estos tres partidos que hemos jugado. Ha sido una experiencia bien bonita y le doy las gracias a Dios por todo\u201d, agreg\u00f3 el novel gerente, que este verano ser\u00e1 exaltado al Sal\u00f3n de la Fama del B\u00e9isbol en Cooperstown.<\/p>\n<div>\n<p><b>1 \/ 25 | <\/b><span> En im\u00e1genes: la fiesta boricua ante Cuba en el Estadio Hiram Bithorn. Fernando Cruz festeja en el Bithorn.<\/span><i> &#8211; Ramon &#8220;Tonito&#8221; Zayas<\/i><\/p>\n<\/div>\n<p>Luego de cerrar este martes ante Canad\u00e1 en la primera ronda, el equipo de Puerto Rico se trasladar\u00e1 a Houston para la segunda ronda. El equipo cumpli\u00f3 la misi\u00f3n de haber clasificado sin contar con muchos de sus jugadores estrellas en las Grandes Ligas.<\/p>\n<p>Detr\u00e1s de todo ese ambiente \u201cbonito\u201d que describi\u00f3 Beltr\u00e1n, el gerente resalt\u00f3 lo intangible: la uni\u00f3n del equipo dentro del camerino, que es un \u00e1rea restricta para jugadores.<\/p>\n<p>\u201cLogramos unirnos r\u00e1pido en <i>Fort Myers<\/i> desde el primer d\u00eda en que estuvimos all\u00ed\u201d, dijo Beltr\u00e1n se\u00f1alando la sede del primer encuentro del equipo la pasada semana y de cara a un par de fogueos ante los Red Sox de Boston y los Braves de Atlanta.<\/p>\n<div>\n<figure><picture><source media=\"(max-width: 375px)\" ><source media=\"(max-width: 767px)\" ><source media=\"(max-width: 1023px)\" ><source ><img src=\"https:\/\/www.elnuevodia.com\/resizer\/v2\/IRZKRYYS2RDCTEGJWE7E3ZPS7E.JPG?auth=f9537dd76c5da68e5138e34be9e03b335e23fa7550d8283cf8a0e4ed5dbcd594&#038;quality=75&#038;width=829&#038;smart=true\" alt=\"Carlos Beltr\u00e1n en el Estadio Hiram Bithron.\" loading=\"eager\" fetchpriority=\"high\" decoding=\"sync\"><\/picture><figcaption>Carlos Beltr\u00e1n en el Estadio Hiram Bithron. (Ramon &#8220;Tonito&#8221; Zayas)<\/figcaption><\/figure>\n<\/div>\n<p>\u201cEs bien dif\u00edcil unir un equipo\u201d, continu\u00f3 el veterano de 20 campa\u00f1as en las Grandes Ligas y actual ayudante gerencial de los Mets de Nueva York. \u201cEl que los muchachos puedan convivir y contribuir en un camerino es muchas veces complicado . Ellos los han hecho f\u00e1cil. El cr\u00e9dito es para ellos\u201d.<\/p>\n<p>Maldonado es el capit\u00e1n del equipo, que tiene m\u00e1s de una decena de jugadores debutando con la selecci\u00f3n.<\/p>\n<p>Beltr\u00e1n, adem\u00e1s de darle m\u00e9rito a los \u201cmuchachos\u201d, tambi\u00e9n dio m\u00e9rito a su dirigente <a href=\"https:\/\/www.elnuevodia.com\/topicos\/yadier-molina\/\" target=\"_blank\" rel=\"noreferrer\" title=\"https:\/\/www.elnuevodia.com\/topicos\/yadier-molina\/\"><b>Yadier Molina<\/b><\/a> por unir al grupo.<\/p>\n<p>\u201cY cr\u00e9dito para Yadier, que ha buscado la manera de motivarlos, de usarlos y darles confianza\u201d.<\/p>\n<\/div>\n\n    <div class=\"xs_social_share_widget xs_share_url after_content \t\tmain_content  wslu-style-1 wslu-share-box-shaped wslu-fill-colored wslu-none wslu-share-horizontal wslu-theme-font-no wslu-main_content\">\n\n\t\t\n        <ul>\n\t\t\t        <\/ul>\n    <\/div> \n","protected":false},"excerpt":{"rendered":"<p>Nota del editor: Sigue toda la emoci\u00f3n del Cl\u00e1sico Mundial de B\u00e9isbol en nuestro sitio especial . &#8212; La uni\u00f3n del equipo, que inicia en el camerino y se refleja en el terreno de juego, fue clave para que Puerto Rico clasificara a la segunda ronda del Cl\u00e1sico Mundial de B\u00e9isbol , resalt\u00f3 el gerente<\/p>\n","protected":false},"author":2,"featured_media":0,"comment_status":"open","ping_status":"open","sticky":false,"template":"","format":"standard","meta":{"om_disable_all_campaigns":false,"_monsterinsights_skip_tracking":false,"_monsterinsights_sitenote_active":false,"_monsterinsights_sitenote_note":"","_monsterinsights_sitenote_category":0,"footnotes":""},"categories":[7],"tags":[],"class_list":["post-21434","post","type-post","status-publish","format-standard","hentry","category-deportes"],"aioseo_notices":[],"_links":{"self":[{"href":"https:\/\/aleeknews.com\/4l33k5\/wp-json\/wp\/v2\/posts\/21434","targetHints":{"allow":["GET"]}}],"collection":[{"href":"https:\/\/aleeknews.com\/4l33k5\/wp-json\/wp\/v2\/posts"}],"about":[{"href":"https:\/\/aleeknews.com\/4l33k5\/wp-json\/wp\/v2\/types\/post"}],"author":[{"embeddable":true,"href":"https:\/\/aleeknews.com\/4l33k5\/wp-json\/wp\/v2\/users\/2"}],"replies":[{"embeddable":true,"href":"https:\/\/aleeknews.com\/4l33k5\/wp-json\/wp\/v2\/comments?post=21434"}],"version-history":[{"count":0,"href":"https:\/\/aleeknews.com\/4l33k5\/wp-json\/wp\/v2\/posts\/21434\/revisions"}],"wp:attachment":[{"href":"https:\/\/aleeknews.com\/4l33k5\/wp-json\/wp\/v2\/media?parent=21434"}],"wp:term":[{"taxonomy":"category","embeddable":true,"href":"https:\/\/aleeknews.com\/4l33k5\/wp-json\/wp\/v2\/categories?post=21434"},{"taxonomy":"post_tag","embeddable":true,"href":"https:\/\/aleeknews.com\/4l33k5\/wp-json\/wp\/v2\/tags?post=21434"}],"curies":[{"name":"wp","href":"https:\/\/api.w.org\/{rel}","templated":true}]}}