{"id":21314,"date":"2026-03-07T21:43:17","date_gmt":"2026-03-07T20:43:17","guid":{"rendered":"https:\/\/aleeknews.com\/4l33k5\/2026\/03\/07\/cuba-anuncia-retiro-de-sus-medicos-de-jamaica-tras-kingston-decidir-cesar-la-cooperacion-2\/"},"modified":"2026-03-07T21:43:17","modified_gmt":"2026-03-07T20:43:17","slug":"cuba-anuncia-retiro-de-sus-medicos-de-jamaica-tras-kingston-decidir-cesar-la-cooperacion-2","status":"publish","type":"post","link":"https:\/\/aleeknews.com\/4l33k5\/2026\/03\/07\/cuba-anuncia-retiro-de-sus-medicos-de-jamaica-tras-kingston-decidir-cesar-la-cooperacion-2\/","title":{"rendered":"Cuba anuncia retiro de sus m\u00e9dicos de Jamaica tras Kingston decidir cesar la cooperaci\u00f3n"},"content":{"rendered":"<div>\n<p><b>La Habana- <\/b>El Gobierno de <a href=\"https:\/\/www.elnuevodia.com\/topicos\/cuba\/\" target=\"_blank\" rel=\"noreferrer\" title=\"https:\/\/www.elnuevodia.com\/topicos\/cuba\/\"><b>Cuba<\/b><\/a> anunci\u00f3 este viernes la retirada de la brigada de profesionales de la salud m\u00e9dica que prestaba servicios en <a href=\"https:\/\/www.elnuevodia.com\/topicos\/jamaica\/\" target=\"_blank\" rel=\"noreferrer\" title=\"https:\/\/www.elnuevodia.com\/topicos\/jamaica\/\"><b>Jamaica<\/b><\/a> y lament\u00f3 \u201cprofundamente\u201d que ese pa\u00eds caribe\u00f1o decidiera cesar la cooperaci\u00f3n m\u00e9dica cubana \u201ccediendo a presiones de Estados Unidos\u201d.<\/p>\n<p>\u201cAnte el paso dado por el gobierno de Jamaica\u201d, el Ejecutivo cubano ha tomado \u201cla decisi\u00f3n soberana\u201d de proceder al regreso de la brigada m\u00e9dica compuesta por 277 profesionales, cuyo trabajo resalta con \u201cun impacto tangible y profundo en el fortalecimiento del sistema sanitario jamaicano\u201d, indic\u00f3 un comunicado de la Canciller\u00eda de <a href=\"https:\/\/www.elnuevodia.com\/topicos\/la-habana\/\" target=\"_blank\" rel=\"noreferrer\" title=\"https:\/\/www.elnuevodia.com\/topicos\/la-habana\/\"><b>La Habana<\/b><\/a>.<\/p>\n<p>Asimismo \u201clamenta profundamente que se menosprecie de esta manera una historia de colaboraci\u00f3n fruct\u00edfera y sostenida que ha reportado innumerables beneficios al pueblo jamaicano, al cual ahora se le priva de recibir los servicios b\u00e1sicos y especializados de salud que brindaban los colaboradores cubanos\u201d.<\/p>\n<p><b>El Ministerio de Relaciones Exteriores de La Habana refiere que la Canciller\u00eda de Jamaica comunic\u00f3 a la embajada cubana en ese pa\u00eds la \u201cdecisi\u00f3n unilateral\u201d de su gobierno de \u201crescindir el acuerdo de cooperaci\u00f3n\u201d en el sector de salud que han mantenido ambas naciones durante d\u00e9cadas.<\/b><\/p>\n<p>Considera que \u201ccon esta acci\u00f3n, el gobierno de Jamaica cede a las presiones del gobierno de Estados Unidos, al que no le preocupan las necesidades de salud de los hermanos caribe\u00f1os\u201d.<\/p>\n<p>Resalta que los profesionales de la salud cubanos dejan tras de s\u00ed \u201cuna huella imborrable\u201d y retornan a Cuba con \u201cla satisfacci\u00f3n del deber cumplido y la disposici\u00f3n permanente de asistir all\u00ed donde su vocaci\u00f3n solidaria sea requerida\u201d.<\/p>\n<p><b>Cita que, durante los \u00faltimos treinta a\u00f1os, m\u00e1s de 4,700 colaboradores cubanos han prestado asistencia m\u00e9dica en Jamaica. Entre sus resultados figuran la atenci\u00f3n a m\u00e1s de 8,176,000 pacientes, 74,302 intervenciones quir\u00fargicas realizadas, 7,170 partos atendidos y m\u00e1s de 90,000 vidas salvadas, y la devoluci\u00f3n y mejora de la visi\u00f3n a cerca de 25,000 jamaicanos.<\/b><\/p>\n<p>Tambi\u00e9n recuerda que la cooperaci\u00f3n cubana ha contribuido al control y prevenci\u00f3n de la malaria, a enfrentar la pandemia de la COVID-19, y a la recuperaci\u00f3n de hospitales y comunidades tras el paso del hurac\u00e1n Melissa, que afect\u00f3 severamente a Jamaica en 2025.<\/p>\n<p>Las autoridades jamaicanas afirmaron en un comunicado que su decisi\u00f3n de suspender el acuerdo se debe a que ambos Gobiernos no han podido alcanzar un acuerdo sobre los t\u00e9rminos y condiciones de unas nuevas medidas de cooperaci\u00f3n t\u00e9cnica, tras expirar el pacto anterior en febrero de 2023.<\/p>\n<p><b>La v\u00edspera, regres\u00f3 a Cuba una brigada de 172 sanitarios que prest\u00f3 servicios en Honduras desde 2024, luego de que el Gobierno de ese pa\u00eds decidi\u00f3 no renovar el contrato de cooperaci\u00f3n, lo que obedece -seg\u00fan La Habana- a las presiones del gobierno de Estados Unidos.<\/b><\/p>\n<p>Una decena de pa\u00edses, caribe\u00f1os y centroamericanos principalmente, han cerrado o reducido en el \u00faltimo a\u00f1o sus contratos con Cuba para recibir m\u00e9dicos por la insistencia de Washington de que no colaboren en pr\u00e1cticas que tacha de \u201ctrabajo forzado\u201d.<\/p>\n<p>Antigua y Barbuda, Bahamas, Granada, Guyana y Trinidad y Tobago, defendieron inicialmente estos programas, vitales para sus sistemas de salud, pero luego reajustaron sus lazos con La Habana y realizaron cambios en los t\u00e9rminos de las contrataciones.<\/p>\n<p>La exportaci\u00f3n de servicios profesionales ha sido durante a\u00f1os una de las tres principales fuentes de ingresos en divisas de la isla, con el turismo y las remesas, todas ellas afectadas por la presi\u00f3n de Washington.<\/p>\n<p>Las brigadas m\u00e9dicas -que arrancaron hace m\u00e1s de seis d\u00e9cadas y han llevado a 600,000 profesionales a 165 pa\u00edses, seg\u00fan datos oficiales- son un controvertido mecanismo que combina ventajas para las partes implicadas, pero con m\u00e9todos cuestionados. <\/p>\n<\/div>\n\n    <div class=\"xs_social_share_widget xs_share_url after_content \t\tmain_content  wslu-style-1 wslu-share-box-shaped wslu-fill-colored wslu-none wslu-share-horizontal wslu-theme-font-no wslu-main_content\">\n\n\t\t\n        <ul>\n\t\t\t        <\/ul>\n    <\/div> \n","protected":false},"excerpt":{"rendered":"<p>La Habana- El Gobierno de Cuba anunci\u00f3 este viernes la retirada de la brigada de profesionales de la salud m\u00e9dica que prestaba servicios en Jamaica y lament\u00f3 \u201cprofundamente\u201d que ese pa\u00eds caribe\u00f1o decidiera cesar la cooperaci\u00f3n m\u00e9dica cubana \u201ccediendo a presiones de Estados Unidos\u201d. \u201cAnte el paso dado por el gobierno de Jamaica\u201d, el Ejecutivo<\/p>\n","protected":false},"author":2,"featured_media":21309,"comment_status":"open","ping_status":"open","sticky":false,"template":"","format":"standard","meta":{"om_disable_all_campaigns":false,"_monsterinsights_skip_tracking":false,"_monsterinsights_sitenote_active":false,"_monsterinsights_sitenote_note":"","_monsterinsights_sitenote_category":0,"footnotes":""},"categories":[10],"tags":[],"class_list":["post-21314","post","type-post","status-publish","format-standard","has-post-thumbnail","hentry","category-mundo"],"aioseo_notices":[],"_links":{"self":[{"href":"https:\/\/aleeknews.com\/4l33k5\/wp-json\/wp\/v2\/posts\/21314","targetHints":{"allow":["GET"]}}],"collection":[{"href":"https:\/\/aleeknews.com\/4l33k5\/wp-json\/wp\/v2\/posts"}],"about":[{"href":"https:\/\/aleeknews.com\/4l33k5\/wp-json\/wp\/v2\/types\/post"}],"author":[{"embeddable":true,"href":"https:\/\/aleeknews.com\/4l33k5\/wp-json\/wp\/v2\/users\/2"}],"replies":[{"embeddable":true,"href":"https:\/\/aleeknews.com\/4l33k5\/wp-json\/wp\/v2\/comments?post=21314"}],"version-history":[{"count":0,"href":"https:\/\/aleeknews.com\/4l33k5\/wp-json\/wp\/v2\/posts\/21314\/revisions"}],"wp:featuredmedia":[{"embeddable":true,"href":"https:\/\/aleeknews.com\/4l33k5\/wp-json\/wp\/v2\/media\/21309"}],"wp:attachment":[{"href":"https:\/\/aleeknews.com\/4l33k5\/wp-json\/wp\/v2\/media?parent=21314"}],"wp:term":[{"taxonomy":"category","embeddable":true,"href":"https:\/\/aleeknews.com\/4l33k5\/wp-json\/wp\/v2\/categories?post=21314"},{"taxonomy":"post_tag","embeddable":true,"href":"https:\/\/aleeknews.com\/4l33k5\/wp-json\/wp\/v2\/tags?post=21314"}],"curies":[{"name":"wp","href":"https:\/\/api.w.org\/{rel}","templated":true}]}}