{"id":21304,"date":"2026-03-07T21:43:23","date_gmt":"2026-03-07T20:43:23","guid":{"rendered":"https:\/\/aleeknews.com\/4l33k5\/2026\/03\/07\/atacan-con-cohetes-la-embajada-de-estados-unidos-en-irak\/"},"modified":"2026-03-07T21:43:23","modified_gmt":"2026-03-07T20:43:23","slug":"atacan-con-cohetes-la-embajada-de-estados-unidos-en-irak","status":"publish","type":"post","link":"https:\/\/aleeknews.com\/4l33k5\/2026\/03\/07\/atacan-con-cohetes-la-embajada-de-estados-unidos-en-irak\/","title":{"rendered":"Atacan con cohetes la embajada de Estados Unidos en Irak"},"content":{"rendered":"<div>\n<p><b>Bagdad- <\/b>La embajada de los <a href=\"https:\/\/www.elnuevodia.com\/noticias\/estados-unidos\/\" target=\"_blank\" rel=\"noreferrer\" title=\"https:\/\/www.elnuevodia.com\/noticias\/estados-unidos\/\"><b>Estados Unidos<\/b><\/a> en <a href=\"https:\/\/www.elnuevodia.com\/topicos\/irak\/\" target=\"_blank\" rel=\"noreferrer\" title=\"https:\/\/www.elnuevodia.com\/topicos\/irak\/\"><b>Irak<\/b><\/a>, ubicada en la c\u00e9ntrica Zona Verde de Bagdad, un \u00e1rea fuertemente protegida donde se encuentran muchas embajadas, fue atacada con cohetes de origen desconocido este domingo que fueron repelidos por el sistema de defensa a\u00e9rea de la legaci\u00f3n, que intercept\u00f3 el ataque. <\/p>\n<p>As\u00ed lo informaron a EFE fuentes del servicio de seguridad iraqu\u00ed, que se\u00f1alaron que a\u00fan no se conoce si ha habido da\u00f1os. <\/p>\n<p><b>Im\u00e1genes difundidas por redes sociales, que EFE no ha podido verificar, muestran una intensa humareda en la zona donde se sit\u00faa la embajada. <\/b><\/p>\n<p>Este es el primer ataque con cohetes contra el complejo estadounidense desde el inicio de la guerra entre <a href=\"https:\/\/www.elnuevodia.com\/topicos\/israel\/\" target=\"_blank\" rel=\"noreferrer\" title=\"https:\/\/www.elnuevodia.com\/topicos\/israel\/\"><b>Israel<\/b><\/a> y Estados Unidos contra Ir\u00e1n, si bien el pasado d\u00eda 1 de marzo varias decenas de personas intentaron irrumpir en la Zona Verde coreando gritos de \u201cMuerte a Am\u00e9rica\u201d en protesta por el asesinato del l\u00edder supremo iran\u00ed Al\u00ed Jamene\u00ed. <\/p>\n<p><b>Irak, de mayor\u00eda chi\u00ed, es uno de los pa\u00edses que m\u00e1s ha criticado los ataques contra Ir\u00e1n y ha llegado incluso a decretar tres d\u00edas de luto nacional por el \u201cmartirio\u201d de Jamene\u00ed<\/b>, v\u00edctima de \u201cun acto flagrante de agresi\u00f3n y una acci\u00f3n condenable que viola todas las normas humanitarias y morales y constituye una clara violaci\u00f3n de las leyes y convenciones internacionales\u201d. <\/p>\n<div>\n<p><b>1 \/ 13 | <\/b><span> Conflicto en el Oriente Medio: Ir\u00e1n e Israel se enfrentan en una batalla sin precedentes. En la madrugada del 13 de junio de 2025, Israel lanz\u00f3 un ataque sorpresa en diversos puntos de Teher\u00e1n, capital de la Rep\u00fablica Isl\u00e1mica de Ir\u00e1n, lo que provoc\u00f3 la muerte de importantes figuras militares. En la foto, uno de los rascacielos da\u00f1ado, alcanzado por ataques a\u00e9reos israel\u00edes.<\/span><i> &#8211; ABEDIN TAHERKENAREH<\/i><\/p>\n<\/div>\n<p>En esta semana de ataques, el territorio iraqu\u00ed ha recibido tambi\u00e9n misiles y bombas de origen desconocido, que han afectado fundamentalmente emplazamientos de las milicias de la denominada Multitud Popular, una agrupaci\u00f3n de grupos de distinto signo, pero en su gran mayor\u00eda chi\u00edes y simpatizantes de <a href=\"https:\/\/www.elnuevodia.com\/topicos\/iran\/\" target=\"_blank\" rel=\"noreferrer\" title=\"https:\/\/www.elnuevodia.com\/topicos\/iran\/\"><b>Ir\u00e1n<\/b><\/a>. <\/p>\n<p>En 2016 se integraron de facto en las Fuerzas Armadas, y forman parte del sistema oficial de seguridad iraqu\u00ed, si bien algunas de sus facciones han sido acusadas por Estados Unidos de lanzar ataques contra intereses estadounidenses en Irak, y determinadas milicias integrantes han sido designadas como organizaciones terroristas por Washington. <\/p>\n<\/div>\n\n    <div class=\"xs_social_share_widget xs_share_url after_content \t\tmain_content  wslu-style-1 wslu-share-box-shaped wslu-fill-colored wslu-none wslu-share-horizontal wslu-theme-font-no wslu-main_content\">\n\n\t\t\n        <ul>\n\t\t\t        <\/ul>\n    <\/div> \n","protected":false},"excerpt":{"rendered":"<p>Bagdad- La embajada de los Estados Unidos en Irak , ubicada en la c\u00e9ntrica Zona Verde de Bagdad, un \u00e1rea fuertemente protegida donde se encuentran muchas embajadas, fue atacada con cohetes de origen desconocido este domingo que fueron repelidos por el sistema de defensa a\u00e9rea de la legaci\u00f3n, que intercept\u00f3 el ataque. As\u00ed lo informaron<\/p>\n","protected":false},"author":2,"featured_media":21305,"comment_status":"open","ping_status":"open","sticky":false,"template":"","format":"standard","meta":{"om_disable_all_campaigns":false,"_monsterinsights_skip_tracking":false,"_monsterinsights_sitenote_active":false,"_monsterinsights_sitenote_note":"","_monsterinsights_sitenote_category":0,"footnotes":""},"categories":[10],"tags":[],"class_list":["post-21304","post","type-post","status-publish","format-standard","has-post-thumbnail","hentry","category-mundo"],"aioseo_notices":[],"_links":{"self":[{"href":"https:\/\/aleeknews.com\/4l33k5\/wp-json\/wp\/v2\/posts\/21304","targetHints":{"allow":["GET"]}}],"collection":[{"href":"https:\/\/aleeknews.com\/4l33k5\/wp-json\/wp\/v2\/posts"}],"about":[{"href":"https:\/\/aleeknews.com\/4l33k5\/wp-json\/wp\/v2\/types\/post"}],"author":[{"embeddable":true,"href":"https:\/\/aleeknews.com\/4l33k5\/wp-json\/wp\/v2\/users\/2"}],"replies":[{"embeddable":true,"href":"https:\/\/aleeknews.com\/4l33k5\/wp-json\/wp\/v2\/comments?post=21304"}],"version-history":[{"count":0,"href":"https:\/\/aleeknews.com\/4l33k5\/wp-json\/wp\/v2\/posts\/21304\/revisions"}],"wp:featuredmedia":[{"embeddable":true,"href":"https:\/\/aleeknews.com\/4l33k5\/wp-json\/wp\/v2\/media\/21305"}],"wp:attachment":[{"href":"https:\/\/aleeknews.com\/4l33k5\/wp-json\/wp\/v2\/media?parent=21304"}],"wp:term":[{"taxonomy":"category","embeddable":true,"href":"https:\/\/aleeknews.com\/4l33k5\/wp-json\/wp\/v2\/categories?post=21304"},{"taxonomy":"post_tag","embeddable":true,"href":"https:\/\/aleeknews.com\/4l33k5\/wp-json\/wp\/v2\/tags?post=21304"}],"curies":[{"name":"wp","href":"https:\/\/api.w.org\/{rel}","templated":true}]}}