{"id":21231,"date":"2026-03-06T21:43:04","date_gmt":"2026-03-06T20:43:04","guid":{"rendered":"https:\/\/aleeknews.com\/4l33k5\/2026\/03\/06\/definida-la-primera-alineacion-de-puerto-rico-para-el-clasico-mundial-de-beisbol\/"},"modified":"2026-03-06T21:43:04","modified_gmt":"2026-03-06T20:43:04","slug":"definida-la-primera-alineacion-de-puerto-rico-para-el-clasico-mundial-de-beisbol","status":"publish","type":"post","link":"https:\/\/aleeknews.com\/4l33k5\/2026\/03\/06\/definida-la-primera-alineacion-de-puerto-rico-para-el-clasico-mundial-de-beisbol\/","title":{"rendered":"\u00a1Definida la primera alineaci\u00f3n de Puerto Rico para el Cl\u00e1sico Mundial de B\u00e9isbol!"},"content":{"rendered":"<div>\n<div data-fusion-lazy-id=\"f0fQYcNoHQKSGL\">\n<div class>\n<p><a href=\"https:\/\/thetrustproject.org\/\"><img decoding=\"async\" src=\"https:\/\/www.elnuevodia.com\/pf\/resources\/v2\/icons\/trust-icon.svg?d=223\"><\/a><\/p>\n<div>\n<p>Noticia<\/p>\n<div>\n<p>Basado en hechos que el periodista haya observado y verificado de primera mano, o en informaci\u00f3n verificada que proviene de fuentes bien informadas.<\/p>\n<\/div>\n<\/div>\n<\/div>\n<div>\n<h2>El \u201cTeam Rubio\u201d debuta este viernes a las 7:00 p.m. ante Colombia en el Estadio Hiram Bithorn<\/h2>\n<div>\n<p>6 de marzo de 2026 &#8211; 3:32 PM<\/p>\n<\/div>\n<\/div>\n<\/div>\n<div data-fusion-lazy-id=\"f0fIYaQF9GLV14D\">\n<div><picture><source media=\"(max-width: 375px)\" ><source media=\"(max-width: 767px)\" ><source media=\"(max-width: 1023px)\" ><source ><\/picture><figcaption>Eddie Rosario es la principal novedad del conjunto boricua. <span>(Ramon &#8220;Tonito&#8221; Zayas)<\/span><\/figcaption><\/div>\n<div>\n<p><img decoding=\"async\" alt=\"Redacci\u00f3n El Nuevo D\u00eda\" src=\"https:\/\/www.elnuevodia.com\/resizer\/v2\/https%3A%2F%2Fs3.amazonaws.com%2Farc-authors%2Fgfrmedia%2F145c9c5d-db09-4b86-9ff1-e79fe50922de.png?auth=2373579377c73cdf235cc102f3fb85f18894a8e29945292302694e43fc083cf4&#038;quality=75&#038;smart=true&#038;width=170&#038;height=147\"><\/p>\n<p><span>Por <b><\/b><b>Redacci\u00f3n El Nuevo D\u00eda<\/b><\/span><\/p>\n<\/div>\n<div>\n<div>\n<p>La <a href=\"https:\/\/www.elnuevodia.com\/topicos\/seleccion-nacional-de-beisbol-masculino\/\" target=\"_blank\" rel=\"noreferrer\" title=\"https:\/\/www.elnuevodia.com\/topicos\/seleccion-nacional-de-beisbol-masculino\/\"><b>Selecci\u00f3n Nacional de B\u00e9isbol <\/b><\/a>anunci\u00f3 oficialmente la alineaci\u00f3n que utilizar\u00e1 para medirse en su debut del<a href=\"https:\/\/www.elnuevodia.com\/topicos\/clasico-mundial-de-beisbol\/\" target=\"_blank\" rel=\"noreferrer\" title=\"https:\/\/www.elnuevodia.com\/topicos\/clasico-mundial-de-beisbol\/\"><b> Cl\u00e1sico Mundial de B\u00e9isbol <\/b><\/a>a <a href=\"https:\/\/www.elnuevodia.com\/topicos\/colombia\/\" target=\"_blank\" rel=\"noreferrer\" title=\"https:\/\/www.elnuevodia.com\/topicos\/colombia\/\"><b>Colombia<\/b><\/a>, enfrentamiento que se llevar\u00e1 a cabo en el <a href=\"https:\/\/www.elnuevodia.com\/topicos\/estadio-hiram-bithorn\/\" target=\"_blank\" rel=\"noreferrer\" title=\"https:\/\/www.elnuevodia.com\/topicos\/estadio-hiram-bithorn\/\"><b>Estadio Hiram Bithorn<\/b><\/a>. <\/p>\n<\/div>\n<p>Los dirigidos por <a href=\"https:\/\/www.elnuevodia.com\/topicos\/yadier-molina\/\" target=\"_blank\" rel=\"noreferrer\" title=\"https:\/\/www.elnuevodia.com\/topicos\/yadier-molina\/\"><b>Yadier Molina <\/b><\/a>tendr\u00e1n como primer bate a<b> Willi Castro<\/b> (2B), seguido de <b>Heliot Ramos<\/b> (LF), <b>Nolan Arenado <\/b>(3B) y <b>Carlos Cort\u00e9s <\/b>(RF).<\/p>\n<p>El quinto bate ser\u00e1 <b>Darell Hern\u00e1iz<\/b> (SS), el sexto <b>Emmanuel \u201cPulpo\u201d Rivera<\/b> y en el s\u00e9ptimo turno <b>Eddie Rosario<\/b> como bateador designado.<\/p>\n<p><b>Matthew Lugo<\/b> ocupar\u00e1 el jard\u00edn central y el noveno bate fungir\u00e1 el capit\u00e1n y receptor <b>Mart\u00edn \u201cMachete\u201d Maldonado<\/b>.<\/p>\n<p>El abridor <b>Seth Lugo<\/b> subir\u00e1 a la loma por el \u201c<a href=\"https:\/\/www.elnuevodia.com\/topicos\/team-rubio\/\" target=\"_blank\" rel=\"noreferrer\" title=\"https:\/\/www.elnuevodia.com\/topicos\/team-rubio\/\"><b>Team Rubio<\/b><\/a>\u201d. <\/p>\n<p>En el primer choque de la jornada, Cuba super\u00f3 3-1 a Panam\u00e1.<\/p>\n<div data-oembed-type=\"twitter\">\n<blockquote>\n<p lang=\"ca\" dir=\"ltr\">\u00a1A romper en casa! \ud83c\uddf5\ud83c\uddf7<a href=\"https:\/\/twitter.com\/hashtag\/LosNuestros?src=hash&#038;ref_src=twsrc%5Etfw\">#LosNuestros<\/a> <a href=\"https:\/\/t.co\/K1LlvPf6xE\">pic.twitter.com\/K1LlvPf6xE<\/a><\/p>\n<p>\u2014 Federaci\u00f3n de B\u00e9isbol \ud83c\uddf5\ud83c\uddf7 (@BeisbolPR) <a href=\"https:\/\/twitter.com\/BeisbolPR\/status\/2029998722956824881?ref_src=twsrc%5Etfw\">March 6, 2026<\/a><\/p><\/blockquote>\n<\/div>\n<\/div>\n<\/div>\n<section>\n<header><span>Popular en la Comunidad<\/span><\/header>\n<\/section>\n<\/div>\n\n    <div class=\"xs_social_share_widget xs_share_url after_content \t\tmain_content  wslu-style-1 wslu-share-box-shaped wslu-fill-colored wslu-none wslu-share-horizontal wslu-theme-font-no wslu-main_content\">\n\n\t\t\n        <ul>\n\t\t\t        <\/ul>\n    <\/div> \n","protected":false},"excerpt":{"rendered":"<p>Noticia Basado en hechos que el periodista haya observado y verificado de primera mano, o en informaci\u00f3n verificada que proviene de fuentes bien informadas. El \u201cTeam Rubio\u201d debuta este viernes a las 7:00 p.m. ante Colombia en el Estadio Hiram Bithorn 6 de marzo de 2026 &#8211; 3:32 PM Eddie Rosario es la principal novedad<\/p>\n","protected":false},"author":2,"featured_media":0,"comment_status":"open","ping_status":"open","sticky":false,"template":"","format":"standard","meta":{"om_disable_all_campaigns":false,"_monsterinsights_skip_tracking":false,"_monsterinsights_sitenote_active":false,"_monsterinsights_sitenote_note":"","_monsterinsights_sitenote_category":0,"footnotes":""},"categories":[7],"tags":[],"class_list":["post-21231","post","type-post","status-publish","format-standard","hentry","category-deportes"],"aioseo_notices":[],"_links":{"self":[{"href":"https:\/\/aleeknews.com\/4l33k5\/wp-json\/wp\/v2\/posts\/21231","targetHints":{"allow":["GET"]}}],"collection":[{"href":"https:\/\/aleeknews.com\/4l33k5\/wp-json\/wp\/v2\/posts"}],"about":[{"href":"https:\/\/aleeknews.com\/4l33k5\/wp-json\/wp\/v2\/types\/post"}],"author":[{"embeddable":true,"href":"https:\/\/aleeknews.com\/4l33k5\/wp-json\/wp\/v2\/users\/2"}],"replies":[{"embeddable":true,"href":"https:\/\/aleeknews.com\/4l33k5\/wp-json\/wp\/v2\/comments?post=21231"}],"version-history":[{"count":0,"href":"https:\/\/aleeknews.com\/4l33k5\/wp-json\/wp\/v2\/posts\/21231\/revisions"}],"wp:attachment":[{"href":"https:\/\/aleeknews.com\/4l33k5\/wp-json\/wp\/v2\/media?parent=21231"}],"wp:term":[{"taxonomy":"category","embeddable":true,"href":"https:\/\/aleeknews.com\/4l33k5\/wp-json\/wp\/v2\/categories?post=21231"},{"taxonomy":"post_tag","embeddable":true,"href":"https:\/\/aleeknews.com\/4l33k5\/wp-json\/wp\/v2\/tags?post=21231"}],"curies":[{"name":"wp","href":"https:\/\/api.w.org\/{rel}","templated":true}]}}