{"id":21185,"date":"2026-03-05T21:44:06","date_gmt":"2026-03-05T20:44:06","guid":{"rendered":"https:\/\/aleeknews.com\/4l33k5\/2026\/03\/05\/tribunal-ordena-devolver-funciones-a-legisladora-municipal-de-proyecto-dignidad-en-isabela\/"},"modified":"2026-03-05T21:44:06","modified_gmt":"2026-03-05T20:44:06","slug":"tribunal-ordena-devolver-funciones-a-legisladora-municipal-de-proyecto-dignidad-en-isabela","status":"publish","type":"post","link":"https:\/\/aleeknews.com\/4l33k5\/2026\/03\/05\/tribunal-ordena-devolver-funciones-a-legisladora-municipal-de-proyecto-dignidad-en-isabela\/","title":{"rendered":"Tribunal ordena devolver funciones a legisladora municipal de Proyecto Dignidad en Isabela"},"content":{"rendered":"<div>\n<p>El <a href=\"https:\/\/www.elnuevodia.com\/topicos\/tribunal-de-aguadilla\/\" rel title=\"https:\/\/www.elnuevodia.com\/topicos\/tribunal-de-aguadilla\/\"><b>Tribunal de Primera Instancia de Aguadilla<\/b><\/a> emiti\u00f3 una orden de \u201cinjunction\u201d preliminar a favor de la legisladora municipal de <a href=\"https:\/\/www.elnuevodia.com\/topicos\/proyecto-dignidad\/\" rel title=\"https:\/\/www.elnuevodia.com\/topicos\/proyecto-dignidad\/\"><b>Proyecto Dignidad<\/b><\/a> en <a href=\"https:\/\/www.elnuevodia.com\/topicos\/isabela\/\" target=\"_self\" rel title=\"https:\/\/www.elnuevodia.com\/topicos\/isabela\/\"><b>Isabela<\/b><\/a>, <b>Mar\u00eda Galv\u00e1n Machado<\/b>, tras determinar que su derecho a ejercer plenamente sus funciones estaba siendo violentado, inform\u00f3 este jueves la colectividad.<\/p>\n<p>Como parte demandada, figuraban <b>Miguel Machado Cruz<\/b>, presidente de la Legislatura Municipal de Isabela, y <b>Mavelin M\u00e9ndez Soler<\/b>, secretaria del cuerpo.<\/p>\n<p>La decisi\u00f3n judicial estableci\u00f3 que el impedimento de la participaci\u00f3n de Galv\u00e1n Machado en las comisiones de la Legislatura Municipal constitu\u00eda <b>\u201cuna violaci\u00f3n a sus prerrogativas como representante electa de la minor\u00eda y, por ende, tambi\u00e9n afecta el derecho de representaci\u00f3n de los ciudadanos que confiaron en su voto\u201d<\/b>, imponiendo a la parte demandada el cese y desista de cualquier acci\u00f3n que limite las labores de la funcionaria.<\/p>\n<p>\u201cEsta decisi\u00f3n del tribunal reafirma un principio esencial de nuestra democracia: ninguna mayor\u00eda puede utilizar el poder para silenciar o excluir a quienes han sido electos por el pueblo\u201d, dijo \u2013en comunicado de prensa\u2013 Galv\u00e1n Machado, quien funge como miembro de las comisiones de Auditor\u00eda, Hacienda y Gobierno de su municipio, al reaccionar a la determinaci\u00f3n.<\/p>\n<p>Por su parte, <a href=\"https:\/\/www.elnuevodia.com\/autor\/nilda-perez-martinez\/\" rel title=\"https:\/\/www.elnuevodia.com\/autor\/nilda-perez-martinez\/\"><b>Nilda P\u00e9rez Mart\u00ednez<\/b><\/a>, presidenta de Proyecto Dignidad, expres\u00f3 que el caso <b>\u201cdemuestra la importancia de defender la institucionalidad democr\u00e1tica y el respeto a la representaci\u00f3n de las minor\u00edas pol\u00edticas, pilares fundamentales de un sistema democr\u00e1tico saludable\u201d<\/b>, al plantear que el partido continuar\u00e1 defendiendo la transparencia, el respeto a la ley y la participaci\u00f3n plena de todos los sectores representados en las instituciones p\u00fablicas. <\/p>\n<p>\u201cEn Proyecto Dignidad, creemos firmemente en la fiscalizaci\u00f3n responsable y en la defensa de los derechos del pueblo. No permitiremos que se utilicen posiciones de poder para atropellar la representaci\u00f3n democr\u00e1tica de nuestros ciudadanos\u201d, puntualiz\u00f3 P\u00e9rez Mart\u00ednez. <\/p>\n<p>El tribunal advirti\u00f3 que el incumplimiento de la orden podr\u00eda constituir desacato, y se\u00f1al\u00f3 que los procedimientos continuar\u00e1n con una vista para considerar un \u201cinjunction\u201d permanente, el 30 de marzo, a las 9:00 a.m.<\/p>\n<p>Este caso surgi\u00f3 despu\u00e9s que un candidato de la colectividad, <b>Daniel D\u00edaz Herrera<\/b>, no pudiera juramentar como legislador municipal por razones m\u00e9dicas y la parte demandada rechazara a Galv\u00e1n Machado para ocupar la vacante, designando en su lugar a un miembro del <a href=\"https:\/\/www.elnuevodia.com\/topicos\/ppd\/\" rel title=\"https:\/\/www.elnuevodia.com\/topicos\/ppd\/\"><b>Partido Popular Democr\u00e1tico<\/b><\/a>. <\/p>\n<\/div>\n\n    <div class=\"xs_social_share_widget xs_share_url after_content \t\tmain_content  wslu-style-1 wslu-share-box-shaped wslu-fill-colored wslu-none wslu-share-horizontal wslu-theme-font-no wslu-main_content\">\n\n\t\t\n        <ul>\n\t\t\t        <\/ul>\n    <\/div> \n","protected":false},"excerpt":{"rendered":"<p>El Tribunal de Primera Instancia de Aguadilla emiti\u00f3 una orden de \u201cinjunction\u201d preliminar a favor de la legisladora municipal de Proyecto Dignidad en Isabela , Mar\u00eda Galv\u00e1n Machado, tras determinar que su derecho a ejercer plenamente sus funciones estaba siendo violentado, inform\u00f3 este jueves la colectividad. Como parte demandada, figuraban Miguel Machado Cruz, presidente de<\/p>\n","protected":false},"author":2,"featured_media":21186,"comment_status":"open","ping_status":"open","sticky":false,"template":"","format":"standard","meta":{"om_disable_all_campaigns":false,"_monsterinsights_skip_tracking":false,"_monsterinsights_sitenote_active":false,"_monsterinsights_sitenote_note":"","_monsterinsights_sitenote_category":0,"footnotes":""},"categories":[6],"tags":[],"class_list":["post-21185","post","type-post","status-publish","format-standard","has-post-thumbnail","hentry","category-politica"],"aioseo_notices":[],"_links":{"self":[{"href":"https:\/\/aleeknews.com\/4l33k5\/wp-json\/wp\/v2\/posts\/21185","targetHints":{"allow":["GET"]}}],"collection":[{"href":"https:\/\/aleeknews.com\/4l33k5\/wp-json\/wp\/v2\/posts"}],"about":[{"href":"https:\/\/aleeknews.com\/4l33k5\/wp-json\/wp\/v2\/types\/post"}],"author":[{"embeddable":true,"href":"https:\/\/aleeknews.com\/4l33k5\/wp-json\/wp\/v2\/users\/2"}],"replies":[{"embeddable":true,"href":"https:\/\/aleeknews.com\/4l33k5\/wp-json\/wp\/v2\/comments?post=21185"}],"version-history":[{"count":0,"href":"https:\/\/aleeknews.com\/4l33k5\/wp-json\/wp\/v2\/posts\/21185\/revisions"}],"wp:featuredmedia":[{"embeddable":true,"href":"https:\/\/aleeknews.com\/4l33k5\/wp-json\/wp\/v2\/media\/21186"}],"wp:attachment":[{"href":"https:\/\/aleeknews.com\/4l33k5\/wp-json\/wp\/v2\/media?parent=21185"}],"wp:term":[{"taxonomy":"category","embeddable":true,"href":"https:\/\/aleeknews.com\/4l33k5\/wp-json\/wp\/v2\/categories?post=21185"},{"taxonomy":"post_tag","embeddable":true,"href":"https:\/\/aleeknews.com\/4l33k5\/wp-json\/wp\/v2\/tags?post=21185"}],"curies":[{"name":"wp","href":"https:\/\/api.w.org\/{rel}","templated":true}]}}