{"id":21161,"date":"2026-03-05T20:43:55","date_gmt":"2026-03-05T19:43:55","guid":{"rendered":"https:\/\/aleeknews.com\/4l33k5\/2026\/03\/05\/una-joya-en-mosaico-el-bithorn-revela-un-mural-para-grandes-figuras-del-beisbol-boricua\/"},"modified":"2026-03-05T20:43:55","modified_gmt":"2026-03-05T19:43:55","slug":"una-joya-en-mosaico-el-bithorn-revela-un-mural-para-grandes-figuras-del-beisbol-boricua","status":"publish","type":"post","link":"https:\/\/aleeknews.com\/4l33k5\/2026\/03\/05\/una-joya-en-mosaico-el-bithorn-revela-un-mural-para-grandes-figuras-del-beisbol-boricua\/","title":{"rendered":"\u00a1Una joya en mosaico! El Bithorn revela un mural para grandes figuras del b\u00e9isbol boricua"},"content":{"rendered":"<div>\n<p>Los fan\u00e1ticos que caminen este fin de semana por el pasillo interior del <a href=\"https:\/\/www.elnuevodia.com\/topicos\/estadio-hiram-bithorn\/\" target=\"_blank\" rel=\"noreferrer\" title=\"https:\/\/www.elnuevodia.com\/topicos\/estadio-hiram-bithorn\/\"><b>Estadio Hiram Bithorn<\/b><\/a> podr\u00e1n retratarse frente al mural <b>\u201cEternos\u201d<\/b>, una joya art\u00edstica que rinde homenaje a los seis puertorrique\u00f1os miembros del <a href=\"https:\/\/www.elnuevodia.com\/topicos\/salon-de-la-fama\/\" target=\"_blank\" rel=\"noreferrer\" title=\"https:\/\/www.elnuevodia.com\/topicos\/salon-de-la-fama\/\"><b>Sal\u00f3n de la Fama del B\u00e9isbol<\/b><\/a>, adem\u00e1s de un futuro \u2018hall of famer\u2019 y un pionero de las Mayores.<\/p>\n<p>El mural fue develado el jueves en la tarde por el Municipio de San Juan, que comision\u00f3 la obra por $110,000 al artista <b>Roberto Biaggi Irizarry<\/b>, inform\u00f3 el alcalde <b>Miguel Romero<\/b>.<\/p>\n<p>A la actividad asistieron algunos de los protagonistas \u2014o sus representantes\u2014, como los inmortales <a href=\"https:\/\/www.elnuevodia.com\/topicos\/ivan-rodriguez\/\" target=\"_blank\" rel=\"noreferrer\" title=\"https:\/\/www.elnuevodia.com\/topicos\/ivan-rodriguez\/\"><b>Iv\u00e1n Rodr\u00edguez<\/b><\/a>,<a href=\"https:\/\/www.elnuevodia.com\/deportes\/beisbol\/notas\/edgar-martinez-esta-loco-por-empezar-a-trabajar-con-el-grupo-de-coaches-boricuas-para-el-clasico-mundial-de-beisbol\/\" target=\"_blank\" rel=\"noreferrer\" title=\"https:\/\/www.elnuevodia.com\/deportes\/beisbol\/notas\/edgar-martinez-esta-loco-por-empezar-a-trabajar-con-el-grupo-de-coaches-boricuas-para-el-clasico-mundial-de-beisbol\/\"> <b>Edgar Mart\u00ednez<\/b><\/a><b> <\/b>y <a href=\"https:\/\/www.elnuevodia.com\/topicos\/carlos-beltran\/\" target=\"_blank\" rel=\"noreferrer\" title=\"https:\/\/www.elnuevodia.com\/topicos\/carlos-beltran\/\"><b>Carlos Beltr\u00e1n<\/b><\/a>, as\u00ed como el exreceptor estelar <a href=\"https:\/\/www.elnuevodia.com\/topicos\/yadier-molina\/\" target=\"_blank\" rel=\"noreferrer\" title=\"https:\/\/www.elnuevodia.com\/topicos\/yadier-molina\/\"><b>Yadier Molina<\/b><\/a>, considerado candidato a convertirse en el pr\u00f3ximo boricua en ingresar al recinto de los inmortales.<\/p>\n<p>\u201c<b>Hacia all\u00e1 vamos<\/b>\u201d, coment\u00f3 Molina al p\u00fablico presente, en referencia al Sal\u00f3n de la Fama ubicado en Cooperstown, Nueva York.<\/p>\n<p>Molina es elegible para el Sal\u00f3n en 2028.<\/p>\n<div>\n<p>Los otros miembros del Sal\u00f3n en el mural son <b>el legendario<\/b><a href=\"https:\/\/www.elnuevodia.com\/topicos\/roberto-clemente\/\" target=\"_blank\" rel=\"noreferrer\" title=\"https:\/\/www.elnuevodia.com\/topicos\/roberto-clemente\/\"><b> Roberto Clemente<\/b><\/a>, <a href=\"https:\/\/www.elnuevodia.com\/deportes\/beisbol\/notas\/fallece-orlando-peruchin-cepeda-exjugador-de-las-grandes-ligas-y-miembro-del-salon-de-la-fama\/\" target=\"_blank\" rel=\"noreferrer\" title=\"https:\/\/www.elnuevodia.com\/deportes\/beisbol\/notas\/fallece-orlando-peruchin-cepeda-exjugador-de-las-grandes-ligas-y-miembro-del-salon-de-la-fama\/\"><b>Orlando \u201cPeruch\u00edn\u201d Cepeda<\/b><\/a><b> y <\/b><a href=\"https:\/\/www.elnuevodia.com\/topicos\/roberto-alomar\/\" target=\"_self\" rel title=\"https:\/\/www.elnuevodia.com\/topicos\/roberto-alomar\/\"><b>Roberto Alomar<\/b><\/a>, quien estuvo representado en la ceremonia por su hermano, <a href=\"https:\/\/www.elnuevodia.com\/topicos\/sandy-alomar-jr\/\" target=\"_blank\" rel=\"noreferrer\" title=\"https:\/\/www.elnuevodia.com\/topicos\/sandy-alomar-jr\/\"><b>Sandy Alomar Jr.<\/b><\/a><\/p>\n<\/div>\n<p>En entre los inmortales, Beltr\u00e1n es el \u00fanico cuyo rostro viste la gorra de Puerto Rico. Los dem\u00e1s est\u00e1n representanados por las gorras o cascos de sus equipos de Grandes Ligas. Beltr\u00e1n dijo que le consultaron sobre la gorra y explic\u00f3 que eligi\u00f3 la de Puerto Rico por su participaci\u00f3n como jugador con novenas de Puerto Rico.<\/p>\n<p>La obra tambi\u00e9n incluye al pionero de todos: el exlanzador <b>Hiram Bithorn<\/b>, quien no solo da nombre al estadio, sino que en 1942 se convirti\u00f3 en el primer pelotero puertorrique\u00f1o en jugar en las Grandes Ligas.<\/p>\n<div>\n<figure><picture><source media=\"(max-width: 375px)\" ><source media=\"(max-width: 767px)\" ><source media=\"(max-width: 1023px)\" ><source ><img src=\"https:\/\/www.elnuevodia.com\/resizer\/v2\/3A4F7FJC7VHKZNBXNGRBSISFPE.JPG?auth=e7edafd2f7589814e581070087b71936ba15cfeb4d60f337de51c9faee03aa58&#038;quality=75&#038;width=829&#038;smart=true\" alt=\"El legendario Roberto Clemente.\" loading=\"eager\" fetchpriority=\"high\" decoding=\"sync\"><\/picture><figcaption>El legendario Roberto Clemente. (Ramon &#8220;Tonito&#8221; Zayas)<\/figcaption><\/figure>\n<\/div>\n<p>Los inmortales caminaron frente al mural y posaron junto a sus im\u00e1genes, algunos sonrientes y otros reflexivos ante el simbolismo del momento.<\/p>\n<p>\u201c<b>La pregunta es: \u00bfc\u00f3mo sucedi\u00f3 todo esto?<\/b>\u201c, dijo el exbateador designado Mart\u00ednez, exaltado en 2019, luego de una carrera de 18 a\u00f1os en las Grandes Ligas en la que bate\u00f3 para .312 .<\/p>\n<p>\u201c<b>Es algo especial porque uno nunca piensa en esto, que va a tener la imagen de uno en un estadio que es hist\u00f3rico para Puerto Rico<\/b>\u201d, agreg\u00f3 Mart\u00ednez se\u00f1alando al Bithorn, que es monumento hist\u00f3rico desde el 1962.<\/p>\n<div>\n<figure><picture><source media=\"(max-width: 375px)\" ><source media=\"(max-width: 767px)\" ><source media=\"(max-width: 1023px)\" ><source ><img src=\"https:\/\/www.elnuevodia.com\/resizer\/v2\/WQO6CMF2HVH5FFYSXWCMG5ASIA.JPG?auth=23a3344f1f2f54a7e64a134207559cd0d5e4e89907c6393e5c711d258a66459e&#038;quality=75&#038;width=829&#038;smart=true\" alt=\"\u00c9dgar Mart\u00ednez posa frente a su mosaico con gorra de los Mariners de Seattle.\" loading=\"eager\" fetchpriority=\"high\" decoding=\"sync\"><\/picture><figcaption>\u00c9dgar Mart\u00ednez posa frente a su mosaico con gorra de los Mariners de Seattle. (Ramon &#8220;Tonito&#8221; Zayas)<\/figcaption><\/figure>\n<\/div>\n<p>Mart\u00ednez tambi\u00e9n vivi\u00f3 momentos memorables en este parque como integrante del recordado \u201c<i>Dream Team<\/i>\u201d en la Serie del Caribe de 1995.<\/p>\n<p>El mural mide unos 100 pies de longitud y cerca de 15 pies de altura, y est\u00e1 ubicado justo a la entrada del camerino de peloteros, paralelo a la l\u00ednea de primera base.<\/p>\n<p>Se trata de un mosaico elaborado con piezas de loza rota de distintos colores que evocan elementos del juego: el verde del terreno, el blanco de las l\u00edneas y los tonos azul, rojo y gris caracter\u00edsticos de los uniformes de Grandes Ligas que identifican a cada jugador.<\/p>\n<p>\u201cSon ocho rostros. A los extremos est\u00e1n Bithorn, hecho como una carta, y al otro lado Roberto Clemente, tambi\u00e9n como si fuera una carta de pelota. Al centro est\u00e1n los seis del Sal\u00f3n de la Fama y termina con Yadier\u201d, explic\u00f3 el artista al agregar que cada uno tiene la fecha de exaltaci\u00f3n al Sal\u00f3n de la Fama.<\/p>\n<div>\n<figure><picture><source media=\"(max-width: 375px)\" ><source media=\"(max-width: 767px)\" ><source media=\"(max-width: 1023px)\" ><source ><img src=\"https:\/\/www.elnuevodia.com\/resizer\/v2\/YEER4L2SRRBNTHYHUEPWWQO5JA.JPG?auth=f9dfd52d8b833ab54924bc2cf3a1cfa5ba13490892623b83eadf06e06ed54079&#038;quality=75&#038;width=829&#038;smart=true\" alt=\"Iv\u00e1n Rodr\u00edguez entr\u00f3 al Sal\u00f3n de la Fama en 2017.\" loading=\"eager\" fetchpriority=\"high\" decoding=\"sync\"><\/picture><figcaption>Iv\u00e1n Rodr\u00edguez entr\u00f3 al Sal\u00f3n de la Fama en 2017. (Ramon &#8220;Tonito&#8221; Zayas)<\/figcaption><\/figure>\n<\/div>\n<p>El mural, que tom\u00f3 dos meses y medio en completarse con la ayuda de cuatro asistentes, fue presentado apenas un d\u00eda antes de que Puerto Rico debute en el Cl\u00e1sico ante casa llena en el Estadio Hiram Bithorn.<\/p>\n<p>En tanto,<a href=\"https:\/\/www.elnuevodia.com\/topicos\/ivan-rodriguez\/\" target=\"_blank\" rel=\"noreferrer\" title=\"https:\/\/www.elnuevodia.com\/topicos\/ivan-rodriguez\/\"><b> Iv\u00e1n Rodr\u00edguez<\/b><\/a> pareci\u00f3 haber dado las \u201cse\u00f1ales\u201d al municipio de San Juan para calendarizar la actividad de develaci\u00f3n.<\/p>\n<p>\u201c<b>Tener ese mural ah\u00ed&#8230;con todos los <\/b><i><b>hall of famers&#8230;<\/b><\/i><b>inmortalizado en esta joya de estadio&#8230; y qu\u00e9 mejor que haberlo develado un d\u00eda antes del Cl\u00e1sico<\/b>. Ya sabes que por aqu\u00ed van a pasar miles y miles de fan\u00e1ticos y ah\u00ed se pondr\u00e1n a tirar las fotos\u201d, dijo Rodr\u00edguez, quien se convirti\u00f3 en \u2018hall of famer\u2019 en 2017.<\/p>\n<p>El trabajo fue bien recibido por los inmortales, algo que para Biaggi signific\u00f3 la mayor aprobaci\u00f3n posible. El artista, quien creci\u00f3 jugando b\u00e9isbol, no ocult\u00f3 su orgullo por la obra.<\/p>\n<p>\u201cLes va a encantar la obra. Dimos nuestro jonr\u00f3n aqu\u00ed\u201d, sentici\u00f3 Biaggi.<\/p>\n<\/div>\n\n    <div class=\"xs_social_share_widget xs_share_url after_content \t\tmain_content  wslu-style-1 wslu-share-box-shaped wslu-fill-colored wslu-none wslu-share-horizontal wslu-theme-font-no wslu-main_content\">\n\n\t\t\n        <ul>\n\t\t\t        <\/ul>\n    <\/div> \n","protected":false},"excerpt":{"rendered":"<p>Los fan\u00e1ticos que caminen este fin de semana por el pasillo interior del Estadio Hiram Bithorn podr\u00e1n retratarse frente al mural \u201cEternos\u201d, una joya art\u00edstica que rinde homenaje a los seis puertorrique\u00f1os miembros del Sal\u00f3n de la Fama del B\u00e9isbol , adem\u00e1s de un futuro \u2018hall of famer\u2019 y un pionero de las Mayores. El<\/p>\n","protected":false},"author":2,"featured_media":0,"comment_status":"open","ping_status":"open","sticky":false,"template":"","format":"standard","meta":{"om_disable_all_campaigns":false,"_monsterinsights_skip_tracking":false,"_monsterinsights_sitenote_active":false,"_monsterinsights_sitenote_note":"","_monsterinsights_sitenote_category":0,"footnotes":""},"categories":[7],"tags":[],"class_list":["post-21161","post","type-post","status-publish","format-standard","hentry","category-deportes"],"aioseo_notices":[],"_links":{"self":[{"href":"https:\/\/aleeknews.com\/4l33k5\/wp-json\/wp\/v2\/posts\/21161","targetHints":{"allow":["GET"]}}],"collection":[{"href":"https:\/\/aleeknews.com\/4l33k5\/wp-json\/wp\/v2\/posts"}],"about":[{"href":"https:\/\/aleeknews.com\/4l33k5\/wp-json\/wp\/v2\/types\/post"}],"author":[{"embeddable":true,"href":"https:\/\/aleeknews.com\/4l33k5\/wp-json\/wp\/v2\/users\/2"}],"replies":[{"embeddable":true,"href":"https:\/\/aleeknews.com\/4l33k5\/wp-json\/wp\/v2\/comments?post=21161"}],"version-history":[{"count":0,"href":"https:\/\/aleeknews.com\/4l33k5\/wp-json\/wp\/v2\/posts\/21161\/revisions"}],"wp:attachment":[{"href":"https:\/\/aleeknews.com\/4l33k5\/wp-json\/wp\/v2\/media?parent=21161"}],"wp:term":[{"taxonomy":"category","embeddable":true,"href":"https:\/\/aleeknews.com\/4l33k5\/wp-json\/wp\/v2\/categories?post=21161"},{"taxonomy":"post_tag","embeddable":true,"href":"https:\/\/aleeknews.com\/4l33k5\/wp-json\/wp\/v2\/tags?post=21161"}],"curies":[{"name":"wp","href":"https:\/\/api.w.org\/{rel}","templated":true}]}}