{"id":21135,"date":"2026-03-04T21:49:27","date_gmt":"2026-03-04T20:49:27","guid":{"rendered":"https:\/\/aleeknews.com\/4l33k5\/2026\/03\/04\/exhortan-a-no-visitar-fincas-y-consumir-cerdo-en-republica-dominicana\/"},"modified":"2026-03-04T21:49:27","modified_gmt":"2026-03-04T20:49:27","slug":"exhortan-a-no-visitar-fincas-y-consumir-cerdo-en-republica-dominicana","status":"publish","type":"post","link":"https:\/\/aleeknews.com\/4l33k5\/2026\/03\/04\/exhortan-a-no-visitar-fincas-y-consumir-cerdo-en-republica-dominicana\/","title":{"rendered":"Exhortan a no visitar fincas y consumir cerdo en Rep\u00fablica Dominicana"},"content":{"rendered":"<div>\n<div data-testid=\"global-header-test\" data-fusion-lazy-id=\"f0f5G41E11Y61Ck\">\n<hr>\n<p><span>Bolsa de valores <b>08:49 PM<\/b><\/span><\/p>\n<\/div>\n<div>\n<div data-fusion-lazy-id=\"f0f9tfiOw0362nv\">\n<div class>\n<p><a href=\"https:\/\/thetrustproject.org\/\"><img decoding=\"async\" src=\"https:\/\/www.elnuevodia.com\/pf\/resources\/v2\/icons\/trust-icon.svg?d=223\"><\/a><\/p>\n<div>\n<p>Se adhiere a los criterios de The Trust Project<\/p>\n<\/div>\n<\/div>\n<div>\n<h2>El secretario de Agricultura, Ram\u00f3n Gonz\u00e1lez Beir\u00f3, alerta que en el vecino pa\u00eds se confirmaron casos de fiebre porcina africana y est\u00e1n tomando medidas para evitar que llegue a Puerto Rico<\/h2>\n<div>\n<p>4 de agosto de 2021 &#8211; 6:45 PM<\/p>\n<\/div>\n<div>\n<p><b>Archivo<\/b><\/p>\n<p>Esta historia fue publicada hace m\u00e1s de 4 a\u00f1os.<\/p>\n<\/div>\n<\/div>\n<\/div>\n<div data-fusion-lazy-id=\"f0f8wxHIPTYNet\">\n<div><picture><source media=\"(max-width: 375px)\" ><source media=\"(max-width: 767px)\" ><source media=\"(max-width: 1023px)\" ><source ><\/picture><figcaption>El secretario de Agricultura indic\u00f3 que no hay cura para la enfermedad y el \u00fanico remedio es sacrificar al animal. <\/figcaption><\/div>\n<div>\n<p>El secretario de Agricultura,<b> Ram\u00f3n Gonz\u00e1lez Beir\u00f3,<\/b> indic\u00f3 que hace unos 10 d\u00edas se confirm\u00f3 en la Rep\u00fablica Dominicana que unos 20,000 cerdos tuvieron que ser sacrificados por estar contagiados con la <a href=\"https:\/\/www.aphis.usda.gov\/publications\/animal_health\/fsc-asf-know-signs-sp.pdf\" target=\"_blank\"><b>fiebre porcina africana<\/b><\/a><b>.<\/b><\/p>\n<\/div>\n<\/div>\n<section>\n<header><span>Popular en la Comunidad<\/span><\/header>\n<\/section>\n<\/div>\n<\/div>\n\n    <div class=\"xs_social_share_widget xs_share_url after_content \t\tmain_content  wslu-style-1 wslu-share-box-shaped wslu-fill-colored wslu-none wslu-share-horizontal wslu-theme-font-no wslu-main_content\">\n\n\t\t\n        <ul>\n\t\t\t        <\/ul>\n    <\/div> \n","protected":false},"excerpt":{"rendered":"<p>Bolsa de valores 08:49 PM Se adhiere a los criterios de The Trust Project El secretario de Agricultura, Ram\u00f3n Gonz\u00e1lez Beir\u00f3, alerta que en el vecino pa\u00eds se confirmaron casos de fiebre porcina africana y est\u00e1n tomando medidas para evitar que llegue a Puerto Rico 4 de agosto de 2021 &#8211; 6:45 PM Archivo Esta<\/p>\n","protected":false},"author":2,"featured_media":0,"comment_status":"open","ping_status":"open","sticky":false,"template":"","format":"standard","meta":{"om_disable_all_campaigns":false,"_monsterinsights_skip_tracking":false,"_monsterinsights_sitenote_active":false,"_monsterinsights_sitenote_note":"","_monsterinsights_sitenote_category":0,"footnotes":""},"categories":[5],"tags":[],"class_list":["post-21135","post","type-post","status-publish","format-standard","hentry","category-negocios"],"aioseo_notices":[],"_links":{"self":[{"href":"https:\/\/aleeknews.com\/4l33k5\/wp-json\/wp\/v2\/posts\/21135","targetHints":{"allow":["GET"]}}],"collection":[{"href":"https:\/\/aleeknews.com\/4l33k5\/wp-json\/wp\/v2\/posts"}],"about":[{"href":"https:\/\/aleeknews.com\/4l33k5\/wp-json\/wp\/v2\/types\/post"}],"author":[{"embeddable":true,"href":"https:\/\/aleeknews.com\/4l33k5\/wp-json\/wp\/v2\/users\/2"}],"replies":[{"embeddable":true,"href":"https:\/\/aleeknews.com\/4l33k5\/wp-json\/wp\/v2\/comments?post=21135"}],"version-history":[{"count":0,"href":"https:\/\/aleeknews.com\/4l33k5\/wp-json\/wp\/v2\/posts\/21135\/revisions"}],"wp:attachment":[{"href":"https:\/\/aleeknews.com\/4l33k5\/wp-json\/wp\/v2\/media?parent=21135"}],"wp:term":[{"taxonomy":"category","embeddable":true,"href":"https:\/\/aleeknews.com\/4l33k5\/wp-json\/wp\/v2\/categories?post=21135"},{"taxonomy":"post_tag","embeddable":true,"href":"https:\/\/aleeknews.com\/4l33k5\/wp-json\/wp\/v2\/tags?post=21135"}],"curies":[{"name":"wp","href":"https:\/\/api.w.org\/{rel}","templated":true}]}}