{"id":20838,"date":"2026-02-28T19:42:59","date_gmt":"2026-02-28T18:42:59","guid":{"rendered":"https:\/\/aleeknews.com\/4l33k5\/2026\/02\/28\/al-menos-15-muertos-tras-ataque-de-israel-y-estados-unidos-que-alcanzo-pabellon-deportivo-en-iran\/"},"modified":"2026-02-28T19:42:59","modified_gmt":"2026-02-28T18:42:59","slug":"al-menos-15-muertos-tras-ataque-de-israel-y-estados-unidos-que-alcanzo-pabellon-deportivo-en-iran","status":"publish","type":"post","link":"https:\/\/aleeknews.com\/4l33k5\/2026\/02\/28\/al-menos-15-muertos-tras-ataque-de-israel-y-estados-unidos-que-alcanzo-pabellon-deportivo-en-iran\/","title":{"rendered":"Al menos 15 muertos tras ataque de Israel y Estados Unidos que alcanz\u00f3 pabell\u00f3n deportivo en Ir\u00e1n"},"content":{"rendered":"<div>\n<p>Uno de los ataques de <a href=\"https:\/\/www.elnuevodia.com\/topicos\/israel\/\" target=\"_blank\" rel=\"noreferrer\" title=\"https:\/\/www.elnuevodia.com\/topicos\/israel\/\"><b>Israel<\/b><\/a> y <a href=\"https:\/\/www.elnuevodia.com\/topicos\/estados-unidos\/\" target=\"_blank\" rel=\"noreferrer\" title=\"https:\/\/www.elnuevodia.com\/topicos\/estados-unidos\/\"><b>Estados Unidos<\/b><\/a> a <a href=\"https:\/\/www.elnuevodia.com\/topicos\/iran\/\" target=\"_blank\" rel=\"noreferrer\" title=\"https:\/\/www.elnuevodia.com\/topicos\/iran\/\"><b>Ir\u00e1n<\/b><\/a> alcanz\u00f3 un pabell\u00f3n deportivo en la ciudad de Lamerd, en el sur del pa\u00eds, con un balance de al menos <b>15 muertos<\/b>, informaron las autoridades locales.<\/p>\n<p>El ataque alcanz\u00f3 varias zonas residenciales de la ciudad de Lamerd, en la provincia de Fars, donde hab\u00eda un pabell\u00f3n deportivo, dos zonas residenciales y el patio de una escuela.<\/p>\n<p><b>\u201cLamentablemente, hasta el momento 15 ciudadanos han muerto. Sin duda, el n\u00famero de fallecidos ser\u00e1 superior a 15 y la cantidad de heridos tambi\u00e9n es muy elevada\u201d<\/b>, dijo el gobernador de Lamerd, en declaraciones recogidas por la agencia de noticas Mehr.<\/p>\n<p>Algunos de esos muertos podr\u00edan ser menores, pues hab\u00eda ni\u00f1os jugando en el patio en el momento del ataque, seg\u00fan detall\u00f3 la agencia iran\u00ed Fars.<\/p>\n<div>\n<p><b>1 \/ 29 | <\/b><span> En im\u00e1genes: Estados Unidos e Israel desatan su &#8220;furia&#8221; y su &#8220;rugido&#8221; contra Ir\u00e1n. Estados Unidos e Israel lanzaron un importante ataque contra objetivos en todo Ir\u00e1n el s\u00e1bado.<\/span><i> &#8211; ABEDIN TAHERKENAREH<\/i><\/p>\n<\/div>\n<p>El Gobierno iran\u00ed no ha ofrecido por ahora un balance oficial de v\u00edctimas por los ataques que Israel y Estados Unidos han realizado este s\u00e1bado en Ir\u00e1n.<\/p>\n<p><b>Sin embargo, estos 15 muertos confirmados por las autoridades en el ataque de Lamerd, se suman a los 85 confirmados tambi\u00e9n por autoridades locales en el ataque israel\u00ed contra una escuela femenina de primaria en la ciudad sure\u00f1a de Minab.<\/b><\/p>\n<p>A primera hora de esta ma\u00f1ana, Israel y Estados Unidos lanzaron ataques contra Ir\u00e1n y se registraron explosiones en Teher\u00e1n y otras urbes, como Tabriz (noroeste) e Isfah\u00e1n (centro), a lo que el r\u00e9gimen iran\u00ed respondi\u00f3 con el lanzamiento de misiles y drones contra bases militares estadounidenses situadas en Bar\u00e9in, Catar y Emiratos \u00c1rabes Unidos, y centros militares en territorio israel\u00ed, seg\u00fan inform\u00f3 la Guardia Revolucionaria.<\/p>\n<p>Israel lanz\u00f3 una nueva oleada de ataques esta tarde con bombardeos contra lanzamisiles en Ir\u00e1n, cuyas explosiones se han sentido en la capital y otras zonas del pa\u00eds.<\/p>\n<p>EFE no ha podido verificar de manera independiente el alcance de los ataques israel\u00edes y estadounidenses en la Rep\u00fablica Isl\u00e1mica, donde no se permite a los medios internacionales acudir ni tomar im\u00e1genes en los lugares afectados por los bombardeos.<\/p>\n<\/div>\n\n    <div class=\"xs_social_share_widget xs_share_url after_content \t\tmain_content  wslu-style-1 wslu-share-box-shaped wslu-fill-colored wslu-none wslu-share-horizontal wslu-theme-font-no wslu-main_content\">\n\n\t\t\n        <ul>\n\t\t\t        <\/ul>\n    <\/div> \n","protected":false},"excerpt":{"rendered":"<p>Uno de los ataques de Israel y Estados Unidos a Ir\u00e1n alcanz\u00f3 un pabell\u00f3n deportivo en la ciudad de Lamerd, en el sur del pa\u00eds, con un balance de al menos 15 muertos, informaron las autoridades locales. El ataque alcanz\u00f3 varias zonas residenciales de la ciudad de Lamerd, en la provincia de Fars, donde hab\u00eda<\/p>\n","protected":false},"author":2,"featured_media":20839,"comment_status":"open","ping_status":"open","sticky":false,"template":"","format":"standard","meta":{"om_disable_all_campaigns":false,"_monsterinsights_skip_tracking":false,"_monsterinsights_sitenote_active":false,"_monsterinsights_sitenote_note":"","_monsterinsights_sitenote_category":0,"footnotes":""},"categories":[10],"tags":[],"class_list":["post-20838","post","type-post","status-publish","format-standard","has-post-thumbnail","hentry","category-mundo"],"aioseo_notices":[],"_links":{"self":[{"href":"https:\/\/aleeknews.com\/4l33k5\/wp-json\/wp\/v2\/posts\/20838","targetHints":{"allow":["GET"]}}],"collection":[{"href":"https:\/\/aleeknews.com\/4l33k5\/wp-json\/wp\/v2\/posts"}],"about":[{"href":"https:\/\/aleeknews.com\/4l33k5\/wp-json\/wp\/v2\/types\/post"}],"author":[{"embeddable":true,"href":"https:\/\/aleeknews.com\/4l33k5\/wp-json\/wp\/v2\/users\/2"}],"replies":[{"embeddable":true,"href":"https:\/\/aleeknews.com\/4l33k5\/wp-json\/wp\/v2\/comments?post=20838"}],"version-history":[{"count":0,"href":"https:\/\/aleeknews.com\/4l33k5\/wp-json\/wp\/v2\/posts\/20838\/revisions"}],"wp:featuredmedia":[{"embeddable":true,"href":"https:\/\/aleeknews.com\/4l33k5\/wp-json\/wp\/v2\/media\/20839"}],"wp:attachment":[{"href":"https:\/\/aleeknews.com\/4l33k5\/wp-json\/wp\/v2\/media?parent=20838"}],"wp:term":[{"taxonomy":"category","embeddable":true,"href":"https:\/\/aleeknews.com\/4l33k5\/wp-json\/wp\/v2\/categories?post=20838"},{"taxonomy":"post_tag","embeddable":true,"href":"https:\/\/aleeknews.com\/4l33k5\/wp-json\/wp\/v2\/tags?post=20838"}],"curies":[{"name":"wp","href":"https:\/\/api.w.org\/{rel}","templated":true}]}}