{"id":20826,"date":"2026-02-27T19:49:39","date_gmt":"2026-02-27T18:49:39","guid":{"rendered":"https:\/\/aleeknews.com\/4l33k5\/2026\/02\/27\/marena-sofia-comparte-imagenes-de-su-love-story-en-las-redes-sociales\/"},"modified":"2026-02-27T19:49:39","modified_gmt":"2026-02-27T18:49:39","slug":"marena-sofia-comparte-imagenes-de-su-love-story-en-las-redes-sociales","status":"publish","type":"post","link":"https:\/\/aleeknews.com\/4l33k5\/2026\/02\/27\/marena-sofia-comparte-imagenes-de-su-love-story-en-las-redes-sociales\/","title":{"rendered":"Marena Sof\u00eda comparte im\u00e1genes de su \u201clove story\u201d en las redes sociales"},"content":{"rendered":"<div>\n<p>Lo que comenz\u00f3 como un viaje inolvidable por los paisajes de <b>Hungr\u00eda<\/b> el pasado mes de diciembre, se transform\u00f3 en el inicio de un nuevo cap\u00edtulo para la creadora de contenido <a href=\"https:\/\/www.instagram.com\/marena.sofia\/\" target=\"_self\" rel title=\"https:\/\/www.instagram.com\/marena.sofia\/\"><b>Marena Sof\u00eda<\/b><\/a>. Con un rotundo <b>\u201cme caso con el amor de mi vida\u201d<\/b>, la exparticipante de <a href=\"https:\/\/www.elnuevodia.com\/topicos\/super-chef-celebrities\/\" target=\"_self\" rel title=\"https:\/\/www.elnuevodia.com\/topicos\/super-chef-celebrities\/\"><b>\u201cSuper Chef Celebrities\u201d<\/b><\/a> de<a href=\"https:\/\/www.elnuevodia.com\/topicos\/wapa-tv\/\" target=\"_self\" rel title=\"https:\/\/www.elnuevodia.com\/topicos\/wapa-tv\/\"><b> Wapa Televisi\u00f3n<\/b><\/a> anunci\u00f3 un compromiso que ha cautivado a sus seguidores por su sinceridad y alegr\u00eda desbordante. <\/p>\n<p>As\u00ed las cosas, la cuenta regresiva ya comenz\u00f3 para una de las <a href=\"https:\/\/www.elnuevodia.com\/magacin\/bodas\/\" target=\"_self\" rel title=\"https:\/\/www.elnuevodia.com\/magacin\/bodas\/\"><b>bodas<\/b><\/a> m\u00e1s esperadas del a\u00f1o en la escena digital de Puerto Rico. <b>Entre planes de ceremonias simb\u00f3licas y el deseo de formalizar su uni\u00f3n bajo la tradici\u00f3n cat\u00f3lica, la influencer prepara un evento que promete equilibrar su estilo moderno con la profundidad de un compromiso para toda la vida.<\/b><\/p>\n<p>Ayer en la tarde, en total complicidad con quienes la siguen mediante las<a href=\"https:\/\/www.elnuevodia.com\/topicos\/redes-sociales\/\" target=\"_self\" rel title=\"https:\/\/www.elnuevodia.com\/topicos\/redes-sociales\/\"><b> redes sociales<\/b><\/a>, Marena Sof\u00eda comparti\u00f3 un detalle especial relacionado con el gran d\u00eda. <b>Se trata de algunas fotograf\u00edas del \u201clove story\u201d.<\/b><\/p>\n<p>En las instant\u00e1neas, la creativa aparece sonriente y ataviada de blanco. Junto a su prometido, el ingeniero industrial Pedro Rodr\u00edguez Casillas, Marena Sof\u00eda derroch\u00f3 pura complicidad. <\/p>\n<p>Como era de esperarse, los mensajes de amigos y colegas no se hicieron esperar. Entre ellos, comentaron la actriz <a href=\"https:\/\/www.instagram.com\/yaizafigueroa_\/\" target=\"_self\" rel title=\"https:\/\/www.instagram.com\/yaizafigueroa_\/\"><b>Yaiza Figueroa<\/b><\/a>, el presentador<a href=\"https:\/\/www.instagram.com\/elponcibiri\/\" target=\"_self\" rel title=\"https:\/\/www.instagram.com\/elponcibiri\/\"><b> Luis Ponce <\/b><\/a>y la empresaria <a href=\"https:\/\/www.instagram.com\/jenniferfungenzi\/\" target=\"_self\" rel title=\"https:\/\/www.instagram.com\/jenniferfungenzi\/\"><b>Jennifer Fungenzi<\/b><\/a>.<\/p>\n<div>\n<p><b>1 \/ 20 | <\/b><span> Ellos regresar\u00e1n a la cocina de &#8220;Super Chef Celebrities&#8221; en su temporada &#8220;All-Star&#8221; . El estreno de la temporada &#8220;All-Star&#8221; de &#8220;Super Chef Celebrities&#8221; est\u00e1 pautado para el 9 de septiembre. <\/span><i> &#8211; Suministrada<\/i><\/p>\n<\/div>\n<\/div>\n\n    <div class=\"xs_social_share_widget xs_share_url after_content \t\tmain_content  wslu-style-1 wslu-share-box-shaped wslu-fill-colored wslu-none wslu-share-horizontal wslu-theme-font-no wslu-main_content\">\n\n\t\t\n        <ul>\n\t\t\t        <\/ul>\n    <\/div> \n","protected":false},"excerpt":{"rendered":"<p>Lo que comenz\u00f3 como un viaje inolvidable por los paisajes de Hungr\u00eda el pasado mes de diciembre, se transform\u00f3 en el inicio de un nuevo cap\u00edtulo para la creadora de contenido Marena Sof\u00eda . Con un rotundo \u201cme caso con el amor de mi vida\u201d, la exparticipante de \u201cSuper Chef Celebrities\u201d de Wapa Televisi\u00f3n anunci\u00f3<\/p>\n","protected":false},"author":2,"featured_media":20827,"comment_status":"open","ping_status":"open","sticky":false,"template":"","format":"standard","meta":{"om_disable_all_campaigns":false,"_monsterinsights_skip_tracking":false,"_monsterinsights_sitenote_active":false,"_monsterinsights_sitenote_note":"","_monsterinsights_sitenote_category":0,"footnotes":""},"categories":[47],"tags":[],"class_list":["post-20826","post","type-post","status-publish","format-standard","has-post-thumbnail","hentry","category-farandula"],"aioseo_notices":[],"_links":{"self":[{"href":"https:\/\/aleeknews.com\/4l33k5\/wp-json\/wp\/v2\/posts\/20826","targetHints":{"allow":["GET"]}}],"collection":[{"href":"https:\/\/aleeknews.com\/4l33k5\/wp-json\/wp\/v2\/posts"}],"about":[{"href":"https:\/\/aleeknews.com\/4l33k5\/wp-json\/wp\/v2\/types\/post"}],"author":[{"embeddable":true,"href":"https:\/\/aleeknews.com\/4l33k5\/wp-json\/wp\/v2\/users\/2"}],"replies":[{"embeddable":true,"href":"https:\/\/aleeknews.com\/4l33k5\/wp-json\/wp\/v2\/comments?post=20826"}],"version-history":[{"count":0,"href":"https:\/\/aleeknews.com\/4l33k5\/wp-json\/wp\/v2\/posts\/20826\/revisions"}],"wp:featuredmedia":[{"embeddable":true,"href":"https:\/\/aleeknews.com\/4l33k5\/wp-json\/wp\/v2\/media\/20827"}],"wp:attachment":[{"href":"https:\/\/aleeknews.com\/4l33k5\/wp-json\/wp\/v2\/media?parent=20826"}],"wp:term":[{"taxonomy":"category","embeddable":true,"href":"https:\/\/aleeknews.com\/4l33k5\/wp-json\/wp\/v2\/categories?post=20826"},{"taxonomy":"post_tag","embeddable":true,"href":"https:\/\/aleeknews.com\/4l33k5\/wp-json\/wp\/v2\/tags?post=20826"}],"curies":[{"name":"wp","href":"https:\/\/api.w.org\/{rel}","templated":true}]}}