{"id":20758,"date":"2026-02-26T19:50:15","date_gmt":"2026-02-26T18:50:15","guid":{"rendered":"https:\/\/aleeknews.com\/4l33k5\/2026\/02\/26\/rauw-alejandro-y-jhayco-aseguran-que-no-quieren-pelear-con-cazzu\/"},"modified":"2026-02-26T19:50:15","modified_gmt":"2026-02-26T18:50:15","slug":"rauw-alejandro-y-jhayco-aseguran-que-no-quieren-pelear-con-cazzu","status":"publish","type":"post","link":"https:\/\/aleeknews.com\/4l33k5\/2026\/02\/26\/rauw-alejandro-y-jhayco-aseguran-que-no-quieren-pelear-con-cazzu\/","title":{"rendered":"Rauw Alejandro y Jhayco aseguran que no quieren pelear con Cazzu"},"content":{"rendered":"<div>\n<p>Los exponentes urbanos puertorrique\u00f1os <a href=\"https:\/\/www.elnuevodia.com\/topicos\/rauw-alejandro\/\" target=\"_self\" rel title=\"https:\/\/www.elnuevodia.com\/topicos\/rauw-alejandro\/\"><b>Rauw Alejandro<\/b><\/a><b> y <\/b><a href=\"https:\/\/www.elnuevodia.com\/topicos\/jhay-cortez\/\" target=\"_self\" rel title=\"https:\/\/www.elnuevodia.com\/topicos\/jhay-cortez\/\"><b>Jhayco<\/b><\/a> se pronunciaron sobre la pol\u00e9mica que ha generado su tema en colaboraci\u00f3n \u201c<b>Rosita<\/b>\u201d, donde tambi\u00e9n particip\u00f3 <b>Tainy <\/b>como productor y <a href=\"https:\/\/www.elnuevodia.com\/topicos\/bad-bunny\/\" target=\"_self\" rel title=\"https:\/\/www.elnuevodia.com\/topicos\/bad-bunny\/\"><b>Bad Bunny<\/b><\/a> como compositor. <\/p>\n<p>A trav\u00e9s de sus respectivas cuentas en X, los artistas coincidieron en que no quieren pelear con <a href=\"https:\/\/www.elnuevodia.com\/topicos\/cazzu\/\" target=\"_self\" rel title=\"https:\/\/www.elnuevodia.com\/topicos\/cazzu\/\"><b>Cazzu<\/b><\/a>, a quien afirmaron que no ten\u00edan intenci\u00f3n de molestar y le desearon \u00e9xitos en su carrera. Adem\u00e1s, ambos entienden que como figuras p\u00fablicas est\u00e1n expuestos a controversias.<\/p>\n<p>Por su lado, Jhayco escribi\u00f3: \u201cEn ning\u00fan momento existe o existi\u00f3 la intenci\u00f3n de menospreciar o hacer sentir a alguien aludido por una situaci\u00f3n personal pasada ya que todos los aqu\u00ed involucrados somos figuras p\u00fablicas (artistas) que estamos expuestos a los medios y al qu\u00e9 dir\u00e1n\u201d.<\/p>\n<div data-oembed-type=\"twitter\">\n<blockquote>\n<div lang=\"es\" dir=\"ltr\">\n<p>A qui\u00e9n pueda interesar;<\/p>\n<p>Yo Jes\u00fas M. Nieves Cort\u00e9s encuentro injusto el se\u00f1alamiento a mis colegas que participan en la canci\u00f3n \u201cRosita\u201d y como han sacado de contexto una barra que escrib\u00ed por tomar de ejemplo que Christian Nodal se dej\u00f3 y luego se cas\u00f3 r\u00e1pido. En ning\u00fan momento\u2026<\/p>\n<\/div>\n<p>\u2014 JHAYCO (@jhaycortez) <a href=\"https:\/\/twitter.com\/jhaycortez\/status\/2026865073017303222?ref_src=twsrc%5Etfw\">February 26, 2026<\/a><\/p><\/blockquote>\n<\/div>\n<p>\u201cRauw y yo acabamos una guerra sin sentido por a\u00f1os y ya en esta etapa de madurez entendimos que la mejor manera de retribuirle al p\u00fablico el tiempo perdido es junt\u00e1ndonos para darles lo que quieren escuchar que es buena m\u00fasica. Ya yo no estoy para bochinches ni tengo la necesidad de controversias o batallas sin sentidos porque reconozco y s\u00e9 lo que aporto a la industria como creador y creativo\u201d, continu\u00f3.<\/p>\n<p>Mientras que Rauw record\u00f3 la amistad que ten\u00eda con la rapera argentina. <\/p>\n<p>\u201c<b>En ning\u00fan momento he hablado mal, de Cazzu. La considero una amiga; aunque no tengamos cercan\u00eda desde hace a\u00f1os, solo tengo recuerdos bonitos con ella y con su gente. Y le deseo lo mejor en su carrera, hoy y siempre<\/b>\u201d, se\u00f1al\u00f3 el exponente.<\/p>\n<div data-oembed-type=\"twitter\">\n<blockquote>\n<div lang=\"es\" dir=\"ltr\">\n<p>Con toda honestidad, para quien quiera leer: (numerados para que no se les quede nada)<\/p>\n<p>1.En ning\u00fan momento he hablado mal, de Cazzu. La considero una amiga; aunque no tengamos cercan\u00eda desde hace a\u00f1os, solo tengo recuerdos bonitos con ella y con su gente. Y le deseo lo mejor en\u2026<\/p>\n<\/div>\n<p>\u2014 RA\u00daL (@rauwalejandro) <a href=\"https:\/\/twitter.com\/rauwalejandro\/status\/2026833641624457536?ref_src=twsrc%5Etfw\">February 26, 2026<\/a><\/p><\/blockquote>\n<\/div>\n<p>\u201cNo la escrib\u00ed yo y, dentro del contexto del tema, cuando la escuch\u00e9 no la le\u00ed como una falta de respeto a nadie. Entiendo que cada quien lo puede interpretar distinto, y si a alguien le incomod\u00f3, se respeta\u201d, a\u00f1adi\u00f3.<\/p>\n<p>\u201cA los medios y a (algunos fandoms): No saquen esto de contexto tratando de crear un conflicto entre personas. Estamos empezando el a\u00f1o, s\u00e9 que quieren acci\u00f3n, pero aqu\u00ed no hay pelea, no hay mala vibra. Hay m\u00fasica, hay trabajo y hay uni\u00f3n\u201d, concluy\u00f3.<\/p>\n<p>Este mi\u00e9rcoles, la cantante confirm\u00f3 su disgusto con el tema en el que, seg\u00fan ella, aplauden e intentan reinvindicar el comportamiento del padre de su hija con la frase: \u201cYo me dejo y me caso contigo a lo Christian Nodal\u201d.<\/p>\n<p>M\u00e1s tarde, Nodal respondi\u00f3 acusando a su expareja de \u201cdram\u00e1tica\u201d y utilizar la situaci\u00f3n para vender su gira.<\/p>\n<div>\n<p data-oembed-type=\"youtube\"><iframe width=\"453\" height=\"340\" src=\"https:\/\/www.youtube.com\/embed\/lkb7uzHUAZw?feature=oembed\" frameborder=\"0\" allow=\"accelerometer; autoplay; clipboard-write; encrypted-media; gyroscope; picture-in-picture; web-share\" referrerpolicy=\"strict-origin-when-cross-origin\" allowfullscreen title=\"Tainy, Rauw Alejandro &#038; JHAYCO - Rosita (Official Music Video)\"><\/iframe><\/p>\n<\/div>\n<\/div>\n\n    <div class=\"xs_social_share_widget xs_share_url after_content \t\tmain_content  wslu-style-1 wslu-share-box-shaped wslu-fill-colored wslu-none wslu-share-horizontal wslu-theme-font-no wslu-main_content\">\n\n\t\t\n        <ul>\n\t\t\t        <\/ul>\n    <\/div> \n","protected":false},"excerpt":{"rendered":"<p>Los exponentes urbanos puertorrique\u00f1os Rauw Alejandro y Jhayco se pronunciaron sobre la pol\u00e9mica que ha generado su tema en colaboraci\u00f3n \u201cRosita\u201d, donde tambi\u00e9n particip\u00f3 Tainy como productor y Bad Bunny como compositor. A trav\u00e9s de sus respectivas cuentas en X, los artistas coincidieron en que no quieren pelear con Cazzu , a quien afirmaron que<\/p>\n","protected":false},"author":2,"featured_media":20759,"comment_status":"open","ping_status":"open","sticky":false,"template":"","format":"standard","meta":{"om_disable_all_campaigns":false,"_monsterinsights_skip_tracking":false,"_monsterinsights_sitenote_active":false,"_monsterinsights_sitenote_note":"","_monsterinsights_sitenote_category":0,"footnotes":""},"categories":[47],"tags":[],"class_list":["post-20758","post","type-post","status-publish","format-standard","has-post-thumbnail","hentry","category-farandula"],"aioseo_notices":[],"_links":{"self":[{"href":"https:\/\/aleeknews.com\/4l33k5\/wp-json\/wp\/v2\/posts\/20758","targetHints":{"allow":["GET"]}}],"collection":[{"href":"https:\/\/aleeknews.com\/4l33k5\/wp-json\/wp\/v2\/posts"}],"about":[{"href":"https:\/\/aleeknews.com\/4l33k5\/wp-json\/wp\/v2\/types\/post"}],"author":[{"embeddable":true,"href":"https:\/\/aleeknews.com\/4l33k5\/wp-json\/wp\/v2\/users\/2"}],"replies":[{"embeddable":true,"href":"https:\/\/aleeknews.com\/4l33k5\/wp-json\/wp\/v2\/comments?post=20758"}],"version-history":[{"count":0,"href":"https:\/\/aleeknews.com\/4l33k5\/wp-json\/wp\/v2\/posts\/20758\/revisions"}],"wp:featuredmedia":[{"embeddable":true,"href":"https:\/\/aleeknews.com\/4l33k5\/wp-json\/wp\/v2\/media\/20759"}],"wp:attachment":[{"href":"https:\/\/aleeknews.com\/4l33k5\/wp-json\/wp\/v2\/media?parent=20758"}],"wp:term":[{"taxonomy":"category","embeddable":true,"href":"https:\/\/aleeknews.com\/4l33k5\/wp-json\/wp\/v2\/categories?post=20758"},{"taxonomy":"post_tag","embeddable":true,"href":"https:\/\/aleeknews.com\/4l33k5\/wp-json\/wp\/v2\/tags?post=20758"}],"curies":[{"name":"wp","href":"https:\/\/api.w.org\/{rel}","templated":true}]}}