{"id":20640,"date":"2026-02-25T18:44:44","date_gmt":"2026-02-25T17:44:44","guid":{"rendered":"https:\/\/aleeknews.com\/4l33k5\/2026\/02\/25\/de-forma-inmediata-canada-enviara-a-cuba-5-8-millones-en-ayuda-humanitaria\/"},"modified":"2026-02-25T18:44:44","modified_gmt":"2026-02-25T17:44:44","slug":"de-forma-inmediata-canada-enviara-a-cuba-5-8-millones-en-ayuda-humanitaria","status":"publish","type":"post","link":"https:\/\/aleeknews.com\/4l33k5\/2026\/02\/25\/de-forma-inmediata-canada-enviara-a-cuba-5-8-millones-en-ayuda-humanitaria\/","title":{"rendered":"\u201cDe forma inmediata\u201d: Canad\u00e1 enviar\u00e1 a Cuba $5.8 millones en ayuda humanitaria"},"content":{"rendered":"<div>\n<p><b>Toronto-<\/b> <a href=\"https:\/\/www.elnuevodia.com\/topicos\/canada\/\" target=\"_blank\" rel=\"noreferrer\" title=\"https:\/\/www.elnuevodia.com\/topicos\/canada\/\"><b>Canad\u00e1<\/b><\/a> anunci\u00f3 este mi\u00e9rcoles que proporcionar\u00e1 a <a href=\"https:\/\/www.elnuevodia.com\/topicos\/cuba\/\" target=\"_blank\" rel=\"noreferrer\" title=\"https:\/\/www.elnuevodia.com\/topicos\/cuba\/\"><b>Cuba<\/b><\/a> \u201cde forma inmediata\u201d $5.8 millones de ayuda humanitaria para la compra de alimentos. <\/p>\n<p><b>El Gobierno canadiense se\u00f1al\u00f3 en un comunicado que, ante el empeoramiento de la crisis energ\u00e9tica que vive el pa\u00eds, est\u00e1 proporcionando la ayuda para \u201campliar el acceso a alimentos y nutrici\u00f3n\u201d de los cubanos en situaci\u00f3n vulnerable. <\/b><\/p>\n<p>Ottawa explic\u00f3 que los fondos ser\u00e1n entregados a socios \u201cde confianza\u201d con el Programa Mundial de Alimentos y el <a href=\"https:\/\/www.elnuevodia.com\/topicos\/unicef\/\" target=\"_blank\" rel=\"noreferrer\" title=\"https:\/\/www.elnuevodia.com\/topicos\/unicef\/\"><b>Fondo de las Naciones Unidas para la Infancia<\/b><\/a><b> (Unicef)<\/b> lo que garantizar\u00e1 que la ayuda \u201cllegue directamente al pueblo cubano\u201d. <\/p>\n<p>\u201cCanad\u00e1 contin\u00faa supervisando la situaci\u00f3n en Cuba y mantiene un contacto estrecho con sus socios para evaluar y responder a las necesidades cambiantes\u201d, a\u00f1adi\u00f3 la declaraci\u00f3n. <\/p>\n<p>La ministra de Exteriores de Canad\u00e1, Anita Anand, afirm\u00f3 hoy en declaraciones a los medios que Ottawa no ha tratado con Washington la distribuci\u00f3n de la ayuda humanitaria a Cuba. <\/p>\n<div>\n<p><b>1 \/ 5 | <\/b><span> Entre olores y desechos: la basura se desborda en algunos barrios de La Habana. Montones de basura ocupan casi cada esquina de la capital, seg\u00fan las autoridades, por los camiones averiados y, sobre todo, la falta de combustible, agudizada por el fin del suministro desde Venezuela tras la captura de su presidente, Nicol\u00e1s Maduro.<br \/>\n<\/span><i> &#8211; Ernesto Mastrascusa<\/i><\/p>\n<\/div>\n<p>\u201cEsta es la pol\u00edtica de exteriores de Canad\u00e1 y estamos concentrados en la situaci\u00f3n humanitaria\u201d, afirm\u00f3. <\/p>\n<p>Con anterioridad, en el comunicado que inform\u00f3 sobre la ayuda humanitaria, la ministra canadiense dijo que <b>\u201cmientras el pueblo de Cuba afronta importantes dificultades, Canad\u00e1 se solidariza y est\u00e1 proporcionando ayuda espec\u00edfica para atender las necesidades urgentes\u201d. <\/b><\/p>\n<p>Canad\u00e1 es la principal fuente de turistas para Cuba. En 2025, unos 754,000 canadienses eligieron el pa\u00eds caribe\u00f1o como destino tur\u00edstico, un 12.4 % menos que en 2024, seg\u00fan las cifras oficiales cubanas. <\/p>\n<p>Pero desde el bloqueo energ\u00e9tico impuesto por Estados Unidos, las aerol\u00edneas canadienses se han visto obligadas a suspender sus vuelos a la isla por la falta de combustible para la aviaci\u00f3n, lo que est\u00e1 suponiendo un importante golpe a la econom\u00eda cubana. <\/p>\n<\/div>\n\n    <div class=\"xs_social_share_widget xs_share_url after_content \t\tmain_content  wslu-style-1 wslu-share-box-shaped wslu-fill-colored wslu-none wslu-share-horizontal wslu-theme-font-no wslu-main_content\">\n\n\t\t\n        <ul>\n\t\t\t        <\/ul>\n    <\/div> \n","protected":false},"excerpt":{"rendered":"<p>Toronto- Canad\u00e1 anunci\u00f3 este mi\u00e9rcoles que proporcionar\u00e1 a Cuba \u201cde forma inmediata\u201d $5.8 millones de ayuda humanitaria para la compra de alimentos. El Gobierno canadiense se\u00f1al\u00f3 en un comunicado que, ante el empeoramiento de la crisis energ\u00e9tica que vive el pa\u00eds, est\u00e1 proporcionando la ayuda para \u201campliar el acceso a alimentos y nutrici\u00f3n\u201d de los<\/p>\n","protected":false},"author":2,"featured_media":20641,"comment_status":"open","ping_status":"open","sticky":false,"template":"","format":"standard","meta":{"om_disable_all_campaigns":false,"_monsterinsights_skip_tracking":false,"_monsterinsights_sitenote_active":false,"_monsterinsights_sitenote_note":"","_monsterinsights_sitenote_category":0,"footnotes":""},"categories":[10],"tags":[],"class_list":["post-20640","post","type-post","status-publish","format-standard","has-post-thumbnail","hentry","category-mundo"],"aioseo_notices":[],"_links":{"self":[{"href":"https:\/\/aleeknews.com\/4l33k5\/wp-json\/wp\/v2\/posts\/20640","targetHints":{"allow":["GET"]}}],"collection":[{"href":"https:\/\/aleeknews.com\/4l33k5\/wp-json\/wp\/v2\/posts"}],"about":[{"href":"https:\/\/aleeknews.com\/4l33k5\/wp-json\/wp\/v2\/types\/post"}],"author":[{"embeddable":true,"href":"https:\/\/aleeknews.com\/4l33k5\/wp-json\/wp\/v2\/users\/2"}],"replies":[{"embeddable":true,"href":"https:\/\/aleeknews.com\/4l33k5\/wp-json\/wp\/v2\/comments?post=20640"}],"version-history":[{"count":0,"href":"https:\/\/aleeknews.com\/4l33k5\/wp-json\/wp\/v2\/posts\/20640\/revisions"}],"wp:featuredmedia":[{"embeddable":true,"href":"https:\/\/aleeknews.com\/4l33k5\/wp-json\/wp\/v2\/media\/20641"}],"wp:attachment":[{"href":"https:\/\/aleeknews.com\/4l33k5\/wp-json\/wp\/v2\/media?parent=20640"}],"wp:term":[{"taxonomy":"category","embeddable":true,"href":"https:\/\/aleeknews.com\/4l33k5\/wp-json\/wp\/v2\/categories?post=20640"},{"taxonomy":"post_tag","embeddable":true,"href":"https:\/\/aleeknews.com\/4l33k5\/wp-json\/wp\/v2\/tags?post=20640"}],"curies":[{"name":"wp","href":"https:\/\/api.w.org\/{rel}","templated":true}]}}