{"id":20575,"date":"2026-02-24T18:43:25","date_gmt":"2026-02-24T17:43:25","guid":{"rendered":"https:\/\/aleeknews.com\/4l33k5\/2026\/02\/24\/arrestado-andrew-mountbatten-windsor-bajo-sospecha-de-mala-conducta-en-un-cargo-publico\/"},"modified":"2026-02-24T18:43:25","modified_gmt":"2026-02-24T17:43:25","slug":"arrestado-andrew-mountbatten-windsor-bajo-sospecha-de-mala-conducta-en-un-cargo-publico","status":"publish","type":"post","link":"https:\/\/aleeknews.com\/4l33k5\/2026\/02\/24\/arrestado-andrew-mountbatten-windsor-bajo-sospecha-de-mala-conducta-en-un-cargo-publico\/","title":{"rendered":"Arrestado Andrew Mountbatten-Windsor bajo sospecha de mala conducta en un cargo p\u00fablico"},"content":{"rendered":"<div>\n<p><b>1 \/ 29 | <\/b><span> Arrestado Andrew Mountbatten-Windsor bajo sospecha de mala conducta en un cargo p\u00fablico. Desde sus primeros contactos con el pederasta convicto Jeffrey Epstein, hasta sus controvertidas actividades empresariales y acusaciones de abuso sexual, la vida de Andrew ha sido un dolor de cabeza para la monarqu\u00eda brit\u00e1nica, lo que le llev\u00f3 a retirarse de la vida p\u00fablica en 2019 y a que su madre le despojara de sus t\u00edtulos militares en 2022.<\/span><i> &#8211; The Associated Press<\/i><\/p>\n<\/div>\n<div>\n<p><b>Londres<\/b> &#8211; Una fuerza policial del <a href=\"https:\/\/www.elnuevodia.com\/topicos\/reino-unido\" target=\"_self\" rel title=\"https:\/\/www.elnuevodia.com\/topicos\/reino-unido\">Reino Unido<\/a> arrest\u00f3 a Andrew Mountbatten-Windsor bajo sospecha de mala conducta en un cargo p\u00fablico.<\/p>\n<p>La Polic\u00eda del Valle del T\u00e1mesis, una agencia que cubre \u00e1reas al oeste de Londres, incluyendo la antigua residencia de Mountbatten-Windsor, dijo que estaba \u201cevaluando\u201d informes de que el expr\u00edncipe Andrew Mountbatten-Windsor envi\u00f3 informes comerciales al delincuente sexual convicto <a href=\"https:\/\/www.elnuevodia.com\/topicos\/jeffrey-epstein\/\" target=\"_self\" rel title=\"https:\/\/www.elnuevodia.com\/topicos\/jeffrey-epstein\/\">Jeffrey Epstein<\/a> en 2010.<\/p>\n<p><b>La fuerza policial no nombr\u00f3 a Mountbatten-Windsor, como es habitual bajo la ley del Reino Unido. Sin embargo, cuando se les pregunt\u00f3 si hab\u00eda sido arrestado, la fuerza se\u00f1al\u00f3 un comunicado que dec\u00eda que hab\u00edan arrestado a un hombre de unos sesenta a\u00f1os.<\/b><\/p>\n<p>\u201cTras una evaluaci\u00f3n exhaustiva, hemos abierto una investigaci\u00f3n sobre esta acusaci\u00f3n de mala conducta en un cargo p\u00fablico\u201d, dec\u00eda el comunicado. \u201cEs importante que protejamos la integridad y objetividad de nuestra investigaci\u00f3n mientras trabajamos con nuestros socios para investigar este presunto delito\u201d.<\/p>\n<div>\n<p><b>1 \/ 62 | <\/b><span> Poder, secretos y pol\u00e9mica: un vistazo a los archivos in\u00e9ditos de Jeffrey Epstein. Jeffrey Epstein, a la derecha, con Richard Branson, un empresario multimillonario brit\u00e1nico, popular por ser el propietario de las m\u00e1s de 360 empresas que forman Virgin Group.\u200b<\/span><i> &#8211; The Associated Press<\/i><\/p>\n<\/div>\n<p>\u201cEntendemos el gran inter\u00e9s p\u00fablico en este caso y proporcionaremos informaci\u00f3n actualizada en el momento oportuno\u201d, a\u00f1adi\u00f3 la nota.<\/p>\n<p>El arresto se produjo despu\u00e9s de que circularan en internet im\u00e1genes que parec\u00edan mostrar coches policiales sin distintivos en Wood Farm, la vivienda de Mountbatten-Windsor en la finca de Sandringham, en Norfolk, y a agentes no uniformados congregados en el exterior.<\/p>\n<p>En su comunicado, el <a href=\"https:\/\/www.elnuevodia.com\/topicos\/rey-charles-iii\/\" target=\"_self\" rel title=\"https:\/\/www.elnuevodia.com\/topicos\/rey-charles-iii\/\">rey Charles III<\/a> reiter\u00f3 que cooperar\u00e1 con la investigaci\u00f3n del expr\u00edncipe.<\/p>\n<p><b>\u201cPerm\u00edtanme decirlo claramente: la ley debe seguir su curso\u201d, afirm\u00f3 el rey. \u201cMientras este proceso contin\u00fae, no ser\u00eda correcto por mi parte hacer m\u00e1s comentarios sobre este asunto\u201d.<\/b><\/p>\n<p>La nota, firmada por Carlos R., tambi\u00e9n buscaba distanciar a la familia real de Mountbatten-Windsor.<\/p>\n<p>\u201cMi familia y yo continuaremos con nuestro deber y servicio a todos ustedes\u201d, agreg\u00f3.<\/p>\n<p>La difunta <a href=\"https:\/\/www.elnuevodia.com\/topicos\/reina-elizabeth-ii\/\" target=\"_blank\" rel=\"noreferrer\" title=\"https:\/\/www.elnuevodia.com\/topicos\/reina-elizabeth-ii\/\">reina Elizabeth II<\/a> oblig\u00f3 a su segundo hijo a renunciar a sus obligaciones reales y a poner fin a su labor ben\u00e9fica en 2019 despu\u00e9s de que \u00e9l intentase justificar su relaci\u00f3n con Epstein durante una catastr\u00f3fica entrevista con la BBC.<\/p>\n<p>El a\u00f1o pasado, tras la publicaci\u00f3n de un libro que aire\u00f3 m\u00e1s detalles sobre esa relaci\u00f3n, Charles III le retir\u00f3 el derecho a ser llamado pr\u00edncipe y le orden\u00f3 abandonar su casa.<\/p>\n<p>Luego se produjo un anuncio sin precedentes: la semana pasada, el Palacio de Buckingham dijo que estaba listo para cooperar en caso de hubiese una investigaci\u00f3n policial sobre los v\u00ednculos entre Mountbatten-Windsor y Epstein.<\/p>\n<p>Charles III se vio obligado a actuar despu\u00e9s de que el Departamento de Justicia de Estados Unidos public\u00f3 millones de p\u00e1ginas de documentos sobre Epstein que revelaron el alcance de su relaci\u00f3n con Mountbatten-Windsor y mostraron que su correspondencia continu\u00f3 mucho despu\u00e9s de que, en 2008, el financiero se declarara culpable de solicitar los servicios de una menor para prostituci\u00f3n.<\/p>\n<p>Epstein fue arrestado por cargos de tr\u00e1fico sexual presentados por la fiscal\u00eda federal en Nueva York en 2019. Se quit\u00f3 la vida en la c\u00e1rcel mientras esperaba juicio.<\/p>\n<\/div>\n\n    <div class=\"xs_social_share_widget xs_share_url after_content \t\tmain_content  wslu-style-1 wslu-share-box-shaped wslu-fill-colored wslu-none wslu-share-horizontal wslu-theme-font-no wslu-main_content\">\n\n\t\t\n        <ul>\n\t\t\t        <\/ul>\n    <\/div> \n","protected":false},"excerpt":{"rendered":"<p>1 \/ 29 | Arrestado Andrew Mountbatten-Windsor bajo sospecha de mala conducta en un cargo p\u00fablico. Desde sus primeros contactos con el pederasta convicto Jeffrey Epstein, hasta sus controvertidas actividades empresariales y acusaciones de abuso sexual, la vida de Andrew ha sido un dolor de cabeza para la monarqu\u00eda brit\u00e1nica, lo que le llev\u00f3 a<\/p>\n","protected":false},"author":2,"featured_media":20576,"comment_status":"open","ping_status":"open","sticky":false,"template":"","format":"standard","meta":{"om_disable_all_campaigns":false,"_monsterinsights_skip_tracking":false,"_monsterinsights_sitenote_active":false,"_monsterinsights_sitenote_note":"","_monsterinsights_sitenote_category":0,"footnotes":""},"categories":[10],"tags":[],"class_list":["post-20575","post","type-post","status-publish","format-standard","has-post-thumbnail","hentry","category-mundo"],"aioseo_notices":[],"_links":{"self":[{"href":"https:\/\/aleeknews.com\/4l33k5\/wp-json\/wp\/v2\/posts\/20575","targetHints":{"allow":["GET"]}}],"collection":[{"href":"https:\/\/aleeknews.com\/4l33k5\/wp-json\/wp\/v2\/posts"}],"about":[{"href":"https:\/\/aleeknews.com\/4l33k5\/wp-json\/wp\/v2\/types\/post"}],"author":[{"embeddable":true,"href":"https:\/\/aleeknews.com\/4l33k5\/wp-json\/wp\/v2\/users\/2"}],"replies":[{"embeddable":true,"href":"https:\/\/aleeknews.com\/4l33k5\/wp-json\/wp\/v2\/comments?post=20575"}],"version-history":[{"count":0,"href":"https:\/\/aleeknews.com\/4l33k5\/wp-json\/wp\/v2\/posts\/20575\/revisions"}],"wp:featuredmedia":[{"embeddable":true,"href":"https:\/\/aleeknews.com\/4l33k5\/wp-json\/wp\/v2\/media\/20576"}],"wp:attachment":[{"href":"https:\/\/aleeknews.com\/4l33k5\/wp-json\/wp\/v2\/media?parent=20575"}],"wp:term":[{"taxonomy":"category","embeddable":true,"href":"https:\/\/aleeknews.com\/4l33k5\/wp-json\/wp\/v2\/categories?post=20575"},{"taxonomy":"post_tag","embeddable":true,"href":"https:\/\/aleeknews.com\/4l33k5\/wp-json\/wp\/v2\/tags?post=20575"}],"curies":[{"name":"wp","href":"https:\/\/api.w.org\/{rel}","templated":true}]}}