{"id":20571,"date":"2026-02-24T18:43:27","date_gmt":"2026-02-24T17:43:27","guid":{"rendered":"https:\/\/aleeknews.com\/4l33k5\/2026\/02\/24\/en-libertad-el-exembajador-britanico-peter-mandelson-tras-arresto-por-investigacion-sobre-nexos-con-jeffrey-epstein\/"},"modified":"2026-02-24T18:43:27","modified_gmt":"2026-02-24T17:43:27","slug":"en-libertad-el-exembajador-britanico-peter-mandelson-tras-arresto-por-investigacion-sobre-nexos-con-jeffrey-epstein","status":"publish","type":"post","link":"https:\/\/aleeknews.com\/4l33k5\/2026\/02\/24\/en-libertad-el-exembajador-britanico-peter-mandelson-tras-arresto-por-investigacion-sobre-nexos-con-jeffrey-epstein\/","title":{"rendered":"En libertad el exembajador brit\u00e1nico Peter Mandelson tras arresto por investigaci\u00f3n sobre nexos con Jeffrey Epstein"},"content":{"rendered":"<div>\n<p><b>Londres<\/b> &#8211; La polic\u00eda brit\u00e1nica inform\u00f3 el martes que Peter Mandelson, exembajador del <a href=\"https:\/\/www.elnuevodia.com\/topicos\/reino-unido\" target=\"_self\" rel title=\"https:\/\/www.elnuevodia.com\/topicos\/reino-unido\">Reino Unido<\/a> en Estados Unidos, ha sido liberado bajo fianza despu\u00e9s de que fuera arrestado en una investigaci\u00f3n por faltas \u00e9ticas derivada de sus v\u00ednculos con el fallecido <a href=\"https:\/\/www.elnuevodia.com\/topicos\/jeffrey-epstein\/\" target=\"_self\" rel title=\"https:\/\/www.elnuevodia.com\/topicos\/jeffrey-epstein\/\">Jeffrey Epstein<\/a>.<\/p>\n<p>El arresto se realiz\u00f3 d\u00edas despu\u00e9s de que una amistad con Epstein llevara al <a href=\"https:\/\/www.elnuevodia.com\/topicos\/principe-andrew\/\" target=\"_self\" rel title=\"https:\/\/www.elnuevodia.com\/topicos\/principe-andrew\/\">expr\u00edncipe Andrew<\/a> a estar bajo custodia policial.<\/p>\n<p><b>Un portavoz de la Polic\u00eda Metropolitana dijo en un comunicado emitido poco despu\u00e9s de las 2:00 a.m. del martes que \u201cun hombre de 72 a\u00f1os arrestado bajo sospecha de mala conducta en el ejercicio de un cargo p\u00fablico ha sido puesto en libertad bajo fianza a la espera de nuevas investigaciones\u201d.<\/b><\/p>\n<p>El hombre no fue identificado, de conformidad con la pr\u00e1ctica de la polic\u00eda brit\u00e1nica, pero el sospechoso en el caso previamente fue identificado como el exdiplom\u00e1tico, que tiene 72 a\u00f1os. <b>Mandelson fue filmado mientras era conducido por agentes vestidos de civil desde su casa en Londres hasta un autom\u00f3vil el lunes por la tarde.<\/b><\/p>\n<div>\n<p><b>1 \/ 62 | <\/b><span> Poder, secretos y pol\u00e9mica: un vistazo a los archivos in\u00e9ditos de Jeffrey Epstein. Jeffrey Epstein, a la derecha, con Richard Branson, un empresario multimillonario brit\u00e1nico, popular por ser el propietario de las m\u00e1s de 360 empresas que forman Virgin Group.\u200b<\/span><i> &#8211; The Associated Press<\/i><\/p>\n<\/div>\n<p>Tanto Mandelson como Andrew Mountbatten-Windsor, el expr\u00edncipe Andrew, son sospechosos de haber transmitido indebidamente informaci\u00f3n del gobierno del Reino Unido al desacreditado financiero estadounidense.<\/p>\n<p>Los arrestos en el Reino Unido son algunas de las consecuencias m\u00e1s notorias del alijo de m\u00e1s de 3 millones de p\u00e1ginas de documentos relacionados con Epstein publicados el mes pasado por el Departamento de Justicia de Estados Unidos.<\/p>\n<p>___<\/p>\n<p><i>Esta historia fue traducida del ingl\u00e9s al espa\u00f1ol con una herramienta de inteligencia artificial y fue revisada por un editor antes de su publicaci\u00f3n.<\/i><\/p>\n<\/div>\n\n    <div class=\"xs_social_share_widget xs_share_url after_content \t\tmain_content  wslu-style-1 wslu-share-box-shaped wslu-fill-colored wslu-none wslu-share-horizontal wslu-theme-font-no wslu-main_content\">\n\n\t\t\n        <ul>\n\t\t\t        <\/ul>\n    <\/div> \n","protected":false},"excerpt":{"rendered":"<p>Londres &#8211; La polic\u00eda brit\u00e1nica inform\u00f3 el martes que Peter Mandelson, exembajador del Reino Unido en Estados Unidos, ha sido liberado bajo fianza despu\u00e9s de que fuera arrestado en una investigaci\u00f3n por faltas \u00e9ticas derivada de sus v\u00ednculos con el fallecido Jeffrey Epstein. El arresto se realiz\u00f3 d\u00edas despu\u00e9s de que una amistad con Epstein<\/p>\n","protected":false},"author":2,"featured_media":20572,"comment_status":"open","ping_status":"open","sticky":false,"template":"","format":"standard","meta":{"om_disable_all_campaigns":false,"_monsterinsights_skip_tracking":false,"_monsterinsights_sitenote_active":false,"_monsterinsights_sitenote_note":"","_monsterinsights_sitenote_category":0,"footnotes":""},"categories":[10],"tags":[],"class_list":["post-20571","post","type-post","status-publish","format-standard","has-post-thumbnail","hentry","category-mundo"],"aioseo_notices":[],"_links":{"self":[{"href":"https:\/\/aleeknews.com\/4l33k5\/wp-json\/wp\/v2\/posts\/20571","targetHints":{"allow":["GET"]}}],"collection":[{"href":"https:\/\/aleeknews.com\/4l33k5\/wp-json\/wp\/v2\/posts"}],"about":[{"href":"https:\/\/aleeknews.com\/4l33k5\/wp-json\/wp\/v2\/types\/post"}],"author":[{"embeddable":true,"href":"https:\/\/aleeknews.com\/4l33k5\/wp-json\/wp\/v2\/users\/2"}],"replies":[{"embeddable":true,"href":"https:\/\/aleeknews.com\/4l33k5\/wp-json\/wp\/v2\/comments?post=20571"}],"version-history":[{"count":0,"href":"https:\/\/aleeknews.com\/4l33k5\/wp-json\/wp\/v2\/posts\/20571\/revisions"}],"wp:featuredmedia":[{"embeddable":true,"href":"https:\/\/aleeknews.com\/4l33k5\/wp-json\/wp\/v2\/media\/20572"}],"wp:attachment":[{"href":"https:\/\/aleeknews.com\/4l33k5\/wp-json\/wp\/v2\/media?parent=20571"}],"wp:term":[{"taxonomy":"category","embeddable":true,"href":"https:\/\/aleeknews.com\/4l33k5\/wp-json\/wp\/v2\/categories?post=20571"},{"taxonomy":"post_tag","embeddable":true,"href":"https:\/\/aleeknews.com\/4l33k5\/wp-json\/wp\/v2\/tags?post=20571"}],"curies":[{"name":"wp","href":"https:\/\/api.w.org\/{rel}","templated":true}]}}