{"id":20528,"date":"2026-02-23T18:46:40","date_gmt":"2026-02-23T17:46:40","guid":{"rendered":"https:\/\/aleeknews.com\/4l33k5\/2026\/02\/23\/no-hay-nadie-exento-de-las-sanciones-secretario-general-del-ppd-anticipa-medidas-disciplinarias-contra-legisladores-2\/"},"modified":"2026-02-23T18:46:40","modified_gmt":"2026-02-23T17:46:40","slug":"no-hay-nadie-exento-de-las-sanciones-secretario-general-del-ppd-anticipa-medidas-disciplinarias-contra-legisladores-2","status":"publish","type":"post","link":"https:\/\/aleeknews.com\/4l33k5\/2026\/02\/23\/no-hay-nadie-exento-de-las-sanciones-secretario-general-del-ppd-anticipa-medidas-disciplinarias-contra-legisladores-2\/","title":{"rendered":"\u201cNo hay nadie exento de las sanciones\u201d: secretario general del PPD anticipa medidas disciplinarias contra legisladores"},"content":{"rendered":"<div>\n<div data-fusion-lazy-id=\"f0fQYcNoHQKSGL\">\n<div class>\n<p><a href=\"https:\/\/thetrustproject.org\/\"><img decoding=\"async\" src=\"https:\/\/www.elnuevodia.com\/pf\/resources\/v2\/icons\/trust-icon.svg?d=221\"><\/a><\/p>\n<div>\n<p>Se adhiere a los criterios de The Trust Project<\/p>\n<\/div>\n<\/div>\n<div>\n<h2>Gerardo \u201cTo\u00f1ito\u201d Cruz indic\u00f3 que, tan pronto como esta semana, los representantes que avalaron las enmiendas al C\u00f3digo Electoral podr\u00edan enfrentar desde amonestaciones hasta la expulsi\u00f3n del partido<\/h2>\n<div>\n<p>22 de agosto de 2023 &#8211; 2:47 PM<\/p>\n<\/div>\n<div>\n<p><b>Archivo<\/b><\/p>\n<p>Esta historia fue publicada hace m\u00e1s de 2 a\u00f1os.<\/p>\n<\/div>\n<\/div>\n<\/div>\n<div data-fusion-lazy-id=\"f0fIYaQF9GLV14D\">\n<div><picture><source media=\"(max-width: 375px)\" ><source media=\"(max-width: 767px)\" ><source media=\"(max-width: 1023px)\" ><source ><\/picture><figcaption>El secretario general del PPD, Gerardo \u201cTo\u00f1ito\u201d Cruz, advirit\u00f3 el domingo que el liderato de la colectividad desautorizaba cualquier negociaci\u00f3n sobre las enmiendas al C\u00f3digo Electoral que se realizara sin la participaci\u00f3n el presidente del partido, Jes\u00fas Manuel Ortiz. <span>(Josian Bruno)<\/span><\/figcaption><\/div>\n<div>\n<p><img decoding=\"async\" alt=\"Gloria Ruiz Kuilan\" src=\"https:\/\/www.elnuevodia.com\/resizer\/v2\/https%3A%2F%2Fs3.amazonaws.com%2Farc-authors%2Fgfrmedia%2F925327e5-c9a0-44f0-bf04-5766e967ada3.png?auth=e63b4c823fe7418710fcdcf77083171834109ee025f72499ef8f9bf308070210&#038;quality=75&#038;smart=true&#038;width=170&#038;height=147\"><\/p>\n<\/div>\n<div>\n<p>El secretario general del <a href=\"https:\/\/www.elnuevodia.com\/topicos\/partido-popular-democratico\/\" target=\"_blank\">Partido Popular Democr\u00e1tico (PPD)<\/a>, <b>Gerardo \u201cTo\u00f1ito\u201d Cruz<\/b>, anticip\u00f3 este martes que, antes de que finalice la semana, habr\u00e1 sanciones contra \u201ctodos\u201d los representantes que avalaron el proyecto de enmiendas al <a href=\"https:\/\/www.elnuevodia.com\/topicos\/codigo-electoral\/\" target=\"_blank\">C\u00f3digo Electoral <\/a>2020, que <a href=\"https:\/\/www.elnuevodia.com\/noticias\/legislatura\/notas\/la-camara-aprueba-enmiendas-al-codigo-electoral-lo-que-podria-implicar-una-sancion-del-ppd-contra-rafael-tatito-hernandez\/\" target=\"_blank\">present\u00f3 e impuls\u00f3 el presidente cameral, Rafael \u201cTatito\u201d Hern\u00e1ndez Monta\u00f1ez<\/a>, en la sesi\u00f3n inaugural del lunes.<\/p>\n<\/div>\n<\/div>\n<section>\n<header><span>Popular en la Comunidad<\/span><\/header>\n<\/section>\n<\/div>\n\n    <div class=\"xs_social_share_widget xs_share_url after_content \t\tmain_content  wslu-style-1 wslu-share-box-shaped wslu-fill-colored wslu-none wslu-share-horizontal wslu-theme-font-no wslu-main_content\">\n\n\t\t\n        <ul>\n\t\t\t        <\/ul>\n    <\/div> \n","protected":false},"excerpt":{"rendered":"<p>Se adhiere a los criterios de The Trust Project Gerardo \u201cTo\u00f1ito\u201d Cruz indic\u00f3 que, tan pronto como esta semana, los representantes que avalaron las enmiendas al C\u00f3digo Electoral podr\u00edan enfrentar desde amonestaciones hasta la expulsi\u00f3n del partido 22 de agosto de 2023 &#8211; 2:47 PM Archivo Esta historia fue publicada hace m\u00e1s de 2 a\u00f1os.<\/p>\n","protected":false},"author":2,"featured_media":20526,"comment_status":"open","ping_status":"open","sticky":false,"template":"","format":"standard","meta":{"om_disable_all_campaigns":false,"_monsterinsights_skip_tracking":false,"_monsterinsights_sitenote_active":false,"_monsterinsights_sitenote_note":"","_monsterinsights_sitenote_category":0,"footnotes":""},"categories":[6],"tags":[],"class_list":["post-20528","post","type-post","status-publish","format-standard","has-post-thumbnail","hentry","category-politica"],"aioseo_notices":[],"_links":{"self":[{"href":"https:\/\/aleeknews.com\/4l33k5\/wp-json\/wp\/v2\/posts\/20528","targetHints":{"allow":["GET"]}}],"collection":[{"href":"https:\/\/aleeknews.com\/4l33k5\/wp-json\/wp\/v2\/posts"}],"about":[{"href":"https:\/\/aleeknews.com\/4l33k5\/wp-json\/wp\/v2\/types\/post"}],"author":[{"embeddable":true,"href":"https:\/\/aleeknews.com\/4l33k5\/wp-json\/wp\/v2\/users\/2"}],"replies":[{"embeddable":true,"href":"https:\/\/aleeknews.com\/4l33k5\/wp-json\/wp\/v2\/comments?post=20528"}],"version-history":[{"count":0,"href":"https:\/\/aleeknews.com\/4l33k5\/wp-json\/wp\/v2\/posts\/20528\/revisions"}],"wp:featuredmedia":[{"embeddable":true,"href":"https:\/\/aleeknews.com\/4l33k5\/wp-json\/wp\/v2\/media\/20526"}],"wp:attachment":[{"href":"https:\/\/aleeknews.com\/4l33k5\/wp-json\/wp\/v2\/media?parent=20528"}],"wp:term":[{"taxonomy":"category","embeddable":true,"href":"https:\/\/aleeknews.com\/4l33k5\/wp-json\/wp\/v2\/categories?post=20528"},{"taxonomy":"post_tag","embeddable":true,"href":"https:\/\/aleeknews.com\/4l33k5\/wp-json\/wp\/v2\/tags?post=20528"}],"curies":[{"name":"wp","href":"https:\/\/api.w.org\/{rel}","templated":true}]}}