{"id":20499,"date":"2026-02-23T18:43:12","date_gmt":"2026-02-23T17:43:12","guid":{"rendered":"https:\/\/aleeknews.com\/4l33k5\/2026\/02\/23\/santo-domingo-2026-o-el-pga-tour-el-dilema-del-golfista-rafa-campos\/"},"modified":"2026-02-23T18:43:12","modified_gmt":"2026-02-23T17:43:12","slug":"santo-domingo-2026-o-el-pga-tour-el-dilema-del-golfista-rafa-campos","status":"publish","type":"post","link":"https:\/\/aleeknews.com\/4l33k5\/2026\/02\/23\/santo-domingo-2026-o-el-pga-tour-el-dilema-del-golfista-rafa-campos\/","title":{"rendered":"Santo Domingo 2026 o el PGA Tour: el dilema del golfista Rafa Campos"},"content":{"rendered":"<div>\n<div>\n<p>La participaci\u00f3n del golfista puertorrique\u00f1o <a href=\"https:\/\/www.elnuevodia.com\/topicos\/rafael-rafa-campos\/\" target=\"_self\" rel title=\"https:\/\/www.elnuevodia.com\/topicos\/rafael-rafa-campos\/\"><b>Rafael \u201cRafa\u201d Campos<\/b><\/a> en el torneo de los <a href=\"https:\/\/www.elnuevodia.com\/topicos\/juegos-centroamericanos-y-del-caribe\/\" target=\"_blank\" rel title=\"https:\/\/www.elnuevodia.com\/topicos\/juegos-centroamericanos-y-del-caribe\/\"><b>Juegos Centroamericanos y del Caribe<\/b><\/a> de Santo Domingo 2026 est\u00e1 en duda, debido a que podr\u00eda coincidir con tres eventos importantes del <a href=\"https:\/\/www.elnuevodia.com\/topicos\/pga-tour\/\" target=\"_self\" rel title=\"https:\/\/www.elnuevodia.com\/topicos\/pga-tour\/\"><b>PGA Tour<\/b><\/a> en esas mismas fechas.<\/p>\n<\/div>\n<p>Campos, quien no particip\u00f3 en las ediciones de Barranquilla 2018 \u2014a la que hab\u00eda sido anunciado\u2014 ni en San Salvador 2023, explic\u00f3 que la fecha de la justa regional resulta complicada, ya que coincide con torneos clave que podr\u00edan ayudarlo a asegurar su estatus en el <i>PGA Tour<\/i> y evitar tener que competir en los \u00faltimos meses del a\u00f1o.<\/p>\n<p>Los Juegos Centroamericanos y del Caribe de 2026 est\u00e1n pautados del <b>24 de julio al 8 de agosto<\/b>, mientras que el torneo de golf se celebrar\u00e1 del <b>25 al 28 de julio<\/b> en Punta Cana.<\/p>\n<p>Campos tampoco ha competido en los <a href=\"https:\/\/www.elnuevodia.com\/topicos\/juegos-panamericanos\/\" target=\"_blank\" rel=\"noreferrer\" title=\"https:\/\/www.elnuevodia.com\/topicos\/juegos-panamericanos\/\"><b>Juegos Panamericanos<\/b><\/a>, pero s\u00ed cuenta con dos participaciones ol\u00edmpicas en <b>Tokio 2020<\/b> y <b>Par\u00eds 2024<\/b>.<\/p>\n<p>\u201cEsa fecha es bien mala para nosotros\u201d, expres\u00f3 Campos en entrevista con <b>El Nuevo D\u00eda<\/b>, al hablar sobre el nacimiento de su hijo Rafael y su regreso al <a href=\"https:\/\/www.elnuevodia.com\/topicos\/puerto-rico-open-de-golf\/\" target=\"_blank\" rel=\"noreferrer\" title=\"https:\/\/www.elnuevodia.com\/topicos\/puerto-rico-open-de-golf\/\"><b>Puerto Rico Open<\/b><\/a>, del que se ausent\u00f3 el a\u00f1o pasado debido a un compromiso en el <i><b>Arnold Palmer Invitational<\/b><\/i>.<\/p>\n<p>\u201cEsas \u00faltimas tres semanas de julio hasta el 9 de agosto son los \u00faltimos tres torneos de la temporada regular. Si estas en los mejores 70 no tienes que de octubre a noviembre porque garantizas tu trabajo para el pr\u00f3ximo a\u00f1o. A menos que est\u00e9 muy bien a partir de esa fecha, y que pueda faltar a alg\u00fan torneo&#8230; Todo depender\u00e1 de c\u00f3mo est\u00e9 llendo esta temporada\u201d, a\u00f1adi\u00f3 el deportista, quien tambi\u00e9n adelant\u00f3 que estar\u00e1 en Punta Cana del 16 al 19 de julio para competir en el <i><b>Corales Puntacana Championship<\/b><\/i>.<\/p>\n<div>\n<figure><picture><source media=\"(max-width: 375px)\" ><source media=\"(max-width: 767px)\" ><source media=\"(max-width: 1023px)\" ><source ><img src=\"https:\/\/www.elnuevodia.com\/resizer\/v2\/LXM4EBRAB5AEZKZQJJRR5KQFYI.jpeg?auth=c42e215bb2cfa9113d6ae15b874e18fcbb8446ea5b7a95c5be127e1c4ce04064&#038;quality=75&#038;width=829&#038;smart=true\" alt=\"Rafa Campos y su esposa Stephanie Casanova, posan con su nuevo beb\u00e9, Rafael Santiago, y con la primog\u00e9nita del matrimonio, Paola Isabel.\" loading=\"eager\" fetchpriority=\"high\" decoding=\"sync\"><\/picture><figcaption>Rafa Campos y su esposa Stephanie Casanova, posan con su nuevo beb\u00e9, Rafael Santiago, y con la primog\u00e9nita del matrimonio, Paola Isabel. (Suministrada)<\/figcaption><\/figure>\n<\/div>\n<p>Campos explic\u00f3 que nunca ha tenido la oportunidad de competir en los Juegos Centroamericanos, ya que en cada edici\u00f3n se ha encontrado en momentos cr\u00edticos de su carrera profesional, con torneos que defin\u00edan directamente su estatus en el <i>PGA Tour<\/i>, coloc\u00e1ndolo siempre entre la disyuntiva de representar al pa\u00eds o asegurar su trabajo.<\/p>\n<p>Luego de Punta Cana, Campos apunta al torneo <i><b>3M Open<\/b><\/i>, en Minnesota del <b>23 al 26 de julio<\/b>, y el <i><b>Rocket Classic<\/b><\/i>, en Michigan del <b>30 de julio al 2 de agosto<\/b>.<\/p>\n<\/div>\n\n    <div class=\"xs_social_share_widget xs_share_url after_content \t\tmain_content  wslu-style-1 wslu-share-box-shaped wslu-fill-colored wslu-none wslu-share-horizontal wslu-theme-font-no wslu-main_content\">\n\n\t\t\n        <ul>\n\t\t\t        <\/ul>\n    <\/div> \n","protected":false},"excerpt":{"rendered":"<p>La participaci\u00f3n del golfista puertorrique\u00f1o Rafael \u201cRafa\u201d Campos en el torneo de los Juegos Centroamericanos y del Caribe de Santo Domingo 2026 est\u00e1 en duda, debido a que podr\u00eda coincidir con tres eventos importantes del PGA Tour en esas mismas fechas. Campos, quien no particip\u00f3 en las ediciones de Barranquilla 2018 \u2014a la que hab\u00eda<\/p>\n","protected":false},"author":2,"featured_media":20500,"comment_status":"open","ping_status":"open","sticky":false,"template":"","format":"standard","meta":{"om_disable_all_campaigns":false,"_monsterinsights_skip_tracking":false,"_monsterinsights_sitenote_active":false,"_monsterinsights_sitenote_note":"","_monsterinsights_sitenote_category":0,"footnotes":""},"categories":[7],"tags":[],"class_list":["post-20499","post","type-post","status-publish","format-standard","has-post-thumbnail","hentry","category-deportes"],"aioseo_notices":[],"_links":{"self":[{"href":"https:\/\/aleeknews.com\/4l33k5\/wp-json\/wp\/v2\/posts\/20499","targetHints":{"allow":["GET"]}}],"collection":[{"href":"https:\/\/aleeknews.com\/4l33k5\/wp-json\/wp\/v2\/posts"}],"about":[{"href":"https:\/\/aleeknews.com\/4l33k5\/wp-json\/wp\/v2\/types\/post"}],"author":[{"embeddable":true,"href":"https:\/\/aleeknews.com\/4l33k5\/wp-json\/wp\/v2\/users\/2"}],"replies":[{"embeddable":true,"href":"https:\/\/aleeknews.com\/4l33k5\/wp-json\/wp\/v2\/comments?post=20499"}],"version-history":[{"count":0,"href":"https:\/\/aleeknews.com\/4l33k5\/wp-json\/wp\/v2\/posts\/20499\/revisions"}],"wp:featuredmedia":[{"embeddable":true,"href":"https:\/\/aleeknews.com\/4l33k5\/wp-json\/wp\/v2\/media\/20500"}],"wp:attachment":[{"href":"https:\/\/aleeknews.com\/4l33k5\/wp-json\/wp\/v2\/media?parent=20499"}],"wp:term":[{"taxonomy":"category","embeddable":true,"href":"https:\/\/aleeknews.com\/4l33k5\/wp-json\/wp\/v2\/categories?post=20499"},{"taxonomy":"post_tag","embeddable":true,"href":"https:\/\/aleeknews.com\/4l33k5\/wp-json\/wp\/v2\/tags?post=20499"}],"curies":[{"name":"wp","href":"https:\/\/api.w.org\/{rel}","templated":true}]}}