{"id":20480,"date":"2026-02-22T18:43:46","date_gmt":"2026-02-22T17:43:46","guid":{"rendered":"https:\/\/aleeknews.com\/4l33k5\/2026\/02\/22\/con-efecto-directo-los-aranceles-de-trump-en-la-manufactura-de-la-isla-estamos-en-una-constante-carrera-para-poder-sobrevivir\/"},"modified":"2026-02-22T18:43:46","modified_gmt":"2026-02-22T17:43:46","slug":"con-efecto-directo-los-aranceles-de-trump-en-la-manufactura-de-la-isla-estamos-en-una-constante-carrera-para-poder-sobrevivir","status":"publish","type":"post","link":"https:\/\/aleeknews.com\/4l33k5\/2026\/02\/22\/con-efecto-directo-los-aranceles-de-trump-en-la-manufactura-de-la-isla-estamos-en-una-constante-carrera-para-poder-sobrevivir\/","title":{"rendered":"Con efecto directo los aranceles de Trump en la manufactura de la isla: \u201cEstamos en una constante carrera para poder sobrevivir\u201d"},"content":{"rendered":"<div>\n<div data-testid=\"global-header-test\" data-fusion-lazy-id=\"f0f5G41E11Y61Ck\">\n<hr>\n<p><span>Bolsa de valores <b>05:43 PM<\/b><\/span><\/p>\n<\/div>\n<div>\n<div data-fusion-lazy-id=\"f0f9tfiOw0362nv\">\n<div class>\n<p><a href=\"https:\/\/thetrustproject.org\/\"><img decoding=\"async\" src=\"https:\/\/www.elnuevodia.com\/pf\/resources\/v2\/icons\/trust-icon.svg?d=221\"><\/a><\/p>\n<div>\n<p>Noticia<\/p>\n<div>\n<p>Basado en hechos que el periodista haya observado y verificado de primera mano, o en informaci\u00f3n verificada que proviene de fuentes bien informadas.<\/p>\n<\/div>\n<\/div>\n<\/div>\n<div>\n<h2>La pol\u00edtica comercial de Estados Unidos comienza a reflejarse en la producci\u00f3n de Puerto Rico con aumentos en costos, retos log\u00edsticos y menos exportaciones, revelan datos del Instituto de Estad\u00edsticas<\/h2>\n<div>\n<p>19 de octubre de 2025 &#8211; 11:10 PM<\/p>\n<\/div>\n<div>\n<p><b>Archivo<\/b><\/p>\n<p>Esta historia fue publicada hace m\u00e1s de 4 meses.<\/p>\n<\/div>\n<\/div>\n<\/div>\n<div data-fusion-lazy-id=\"f0f8wxHIPTYNet\">\n<div><picture><source media=\"(max-width: 375px)\" ><source media=\"(max-width: 767px)\" ><source media=\"(max-width: 1023px)\" ><source ><\/picture><figcaption>Liza Cordero, Rum Destillery Master Blender Research and Development Laboratory de Destiler\u00eda Serrall\u00e9s; Karen Mojica, vicepresidenta de la PRMA;<br \/>\nCarlos Rovira, principal oficial ejecutivo de Grupo Rovira; y Carlos Rodr\u00edguez Gurrola, director y gerente general de manufactura de Hewlett Packard Enterprise en Puerto Rico. <span>(Suministrada)<\/span><\/figcaption><\/div>\n<div>\n<p><img decoding=\"async\" alt=\"Efra\u00edn Montalb\u00e1n R\u00edos\" src=\"https:\/\/www.elnuevodia.com\/resizer\/v2\/https%3A%2F%2Fauthor-service-images-prod-us-east-1.publishing.aws.arc.pub%2Fgfrmedia%2Fb846106f-313f-4fa3-8690-8169fec53277.png?auth=b672eb01840f63d170a79ae205ccc29a2f694f1bb849b72693c84ad2cc16b7a1&#038;quality=75&#038;smart=true&#038;width=170&#038;height=147\"><\/p>\n<\/div>\n<div>\n<p><b>Ponce<\/b> &#8211; Los aumentos en los <a href=\"https:\/\/www.elnuevodia.com\/topicos\/aranceles\/\" target=\"_blank\" rel=\"noreferrer\" title=\"https:\/\/www.elnuevodia.com\/topicos\/aranceles\/\"><b>aranceles <\/b><\/a>sobre innumerables bienes importados por todas las jurisdicciones de Estados Unidos ya se sienten en las <a href=\"https:\/\/www.elnuevodia.com\/topicos\/manufactura\/\" target=\"_blank\" rel=\"noreferrer\" title=\"https:\/\/www.elnuevodia.com\/topicos\/manufactura\/\"><b>manufactureras <\/b><\/a>de Puerto Rico, con efectos que van desde alzas el costo de los insumos hasta incrementos en las ventas de algunos sectores, de acuerdo con los l\u00edderes del sector en la isla, consultados por Negocios.<\/p>\n<\/div>\n<\/div>\n<section>\n<header><span>Popular en la Comunidad<\/span><\/header>\n<\/section>\n<\/div>\n<\/div>\n\n    <div class=\"xs_social_share_widget xs_share_url after_content \t\tmain_content  wslu-style-1 wslu-share-box-shaped wslu-fill-colored wslu-none wslu-share-horizontal wslu-theme-font-no wslu-main_content\">\n\n\t\t\n        <ul>\n\t\t\t        <\/ul>\n    <\/div> \n","protected":false},"excerpt":{"rendered":"<p>Bolsa de valores 05:43 PM Noticia Basado en hechos que el periodista haya observado y verificado de primera mano, o en informaci\u00f3n verificada que proviene de fuentes bien informadas. La pol\u00edtica comercial de Estados Unidos comienza a reflejarse en la producci\u00f3n de Puerto Rico con aumentos en costos, retos log\u00edsticos y menos exportaciones, revelan datos<\/p>\n","protected":false},"author":2,"featured_media":20481,"comment_status":"open","ping_status":"open","sticky":false,"template":"","format":"standard","meta":{"om_disable_all_campaigns":false,"_monsterinsights_skip_tracking":false,"_monsterinsights_sitenote_active":false,"_monsterinsights_sitenote_note":"","_monsterinsights_sitenote_category":0,"footnotes":""},"categories":[5],"tags":[],"class_list":["post-20480","post","type-post","status-publish","format-standard","has-post-thumbnail","hentry","category-negocios"],"aioseo_notices":[],"_links":{"self":[{"href":"https:\/\/aleeknews.com\/4l33k5\/wp-json\/wp\/v2\/posts\/20480","targetHints":{"allow":["GET"]}}],"collection":[{"href":"https:\/\/aleeknews.com\/4l33k5\/wp-json\/wp\/v2\/posts"}],"about":[{"href":"https:\/\/aleeknews.com\/4l33k5\/wp-json\/wp\/v2\/types\/post"}],"author":[{"embeddable":true,"href":"https:\/\/aleeknews.com\/4l33k5\/wp-json\/wp\/v2\/users\/2"}],"replies":[{"embeddable":true,"href":"https:\/\/aleeknews.com\/4l33k5\/wp-json\/wp\/v2\/comments?post=20480"}],"version-history":[{"count":0,"href":"https:\/\/aleeknews.com\/4l33k5\/wp-json\/wp\/v2\/posts\/20480\/revisions"}],"wp:featuredmedia":[{"embeddable":true,"href":"https:\/\/aleeknews.com\/4l33k5\/wp-json\/wp\/v2\/media\/20481"}],"wp:attachment":[{"href":"https:\/\/aleeknews.com\/4l33k5\/wp-json\/wp\/v2\/media?parent=20480"}],"wp:term":[{"taxonomy":"category","embeddable":true,"href":"https:\/\/aleeknews.com\/4l33k5\/wp-json\/wp\/v2\/categories?post=20480"},{"taxonomy":"post_tag","embeddable":true,"href":"https:\/\/aleeknews.com\/4l33k5\/wp-json\/wp\/v2\/tags?post=20480"}],"curies":[{"name":"wp","href":"https:\/\/api.w.org\/{rel}","templated":true}]}}