{"id":20472,"date":"2026-02-22T18:43:51","date_gmt":"2026-02-22T17:43:51","guid":{"rendered":"https:\/\/aleeknews.com\/4l33k5\/2026\/02\/22\/popular-respalda-alivio-contributivo-para-individuos-y-comercios\/"},"modified":"2026-02-22T18:43:51","modified_gmt":"2026-02-22T17:43:51","slug":"popular-respalda-alivio-contributivo-para-individuos-y-comercios","status":"publish","type":"post","link":"https:\/\/aleeknews.com\/4l33k5\/2026\/02\/22\/popular-respalda-alivio-contributivo-para-individuos-y-comercios\/","title":{"rendered":"Popular respalda alivio contributivo para individuos y comercios"},"content":{"rendered":"<div>\n<p>El principal oficial ejecutivo (CEO, por sus siglas en ingl\u00e9s) de <a href=\"https:\/\/www.elnuevodia.com\/topicos\/banco-popular\/\" rel><b>Popular, Inc<\/b><\/a>. (Nasdaq: BPOP), Javier D. Ferrer, respald\u00f3 cualquier medida de alivio contributivo no solo para individuos, sino tambi\u00e9n para el sector empresarial.<\/p>\n<p>El banquero expuso que la instituci\u00f3n ha presentado su parecer sobre una posible <a href=\"https:\/\/www.elnuevodia.com\/topicos\/reforma-contributiva\/\" rel><b>reforma <\/b><\/a>al C\u00f3digo de Rentas Internas, tanto al gobierno como a la <a href=\"https:\/\/www.elnuevodia.com\/topicos\/junta-de-supervision-fiscal\" target=\"_self\" rel title=\"https:\/\/www.elnuevodia.com\/topicos\/junta-de-supervision-fiscal\">Junta de Supervisi\u00f3n Fiscal<\/a> (JSF).<\/p>\n<p><b>\u201cCreemos que en Puerto Rico tiene que haber una reforma que ayude a los individuos y a los comercios\u201d, expres\u00f3 Ferrer.<\/b><\/p>\n<p>\u201cCualquier cambio en el C\u00f3digo de Rentas Internas que ponga m\u00e1s dinero en nuestros ciudadanos y empresas, y ayude a la creaci\u00f3n de empleos mejor remunerados, a la inversi\u00f3n en la econom\u00eda para que haya m\u00e1s dinero en el pa\u00eds, m\u00e1s riqueza en el pa\u00eds, nosotros vamos a <i>backear<\/i> (respaldar) eso\u201d, continu\u00f3 el principal de Popular.<\/p>\n<p><h4><b>Crecimiento financiero en 2025<\/b><\/h4>\n<\/p>\n<p>Las expresiones de Ferrer se dieron durante la presentaci\u00f3n de los resultados financieros del principal conglomerado bancario de la isla correspondientes al cuarto trimestre de 2025 y del a\u00f1o completo.<\/p>\n<p><b>La matriz de Banco Popular report\u00f3 al 31 de diciembre pasado, $833 millones en ingresos netos, lo que supone un aumento de $219 millones o casi 35.7% frente a los resultados financieros del 2024. Esto se tradujo en $12.31 por acci\u00f3n diluida, $3.75 m\u00e1s que hace un a\u00f1o.<\/b><\/p>\n<p>La cartera de pr\u00e9stamos creci\u00f3 a raz\u00f3n de $2,220 millones en un a\u00f1o, ubic\u00e1ndose en $39,328 millones, impulsados por financiamientos comerciales y de construcci\u00f3n, as\u00ed como hipotecarios.<\/p>\n<p>El Margen Neto de Inter\u00e9s (NIM, por sus siglas en ingl\u00e9s) se estim\u00f3 en 3.49% o 25 puntos base por encima del a\u00f1o anterior.<\/p>\n<p>Mientras, los dep\u00f3sitos totales sumaron $66,190 millones, lo que representa un incremento de $1,306 millones en un a\u00f1o.<\/p>\n<p>Al analizar los resultados para el cuarto trimestre de 2025, Popular report\u00f3 $234 millones en ingresos netos o $3.53 por acci\u00f3n diluida, $178 millones y $1.02 m\u00e1s que para el mismo periodo hace un a\u00f1o, respectivamente.<\/p>\n<p>\u201cEstoy contento con los resultados\u201d, dijo Ferrer. \u201cEl cuarto trimestre fue bien fuerte. (Fue) un a\u00f1o excelente para Popular\u201d, subray\u00f3.<\/p>\n<p>A lo largo de 2025, Popular recompr\u00f3 $502 millones en acciones ordinarias a un precio promedio de $107.61 por acci\u00f3n. Al 31 de diciembre de 2025, quedaban $281 millones disponibles para la recompra de acciones ordinarias bajo la autorizaci\u00f3n vigente.<\/p>\n<p>Ferrer se mostr\u00f3 confiado de que, a pesar de la incertidumbre macroecon\u00f3mica a nivel internacional, el conglomerado replicar\u00e1 los resultados obtenidos el pasado a\u00f1o al finalizar el 2026.<\/p>\n<p><h4><b>Pr\u00f3ximos a entrar en \u201cPronto pa tu Casa\u201d<\/b><\/h4>\n<\/p>\n<p>Luego de que se anunciara el lanzamiento del programa \u201cPronto pa\u2019 tu Casa\u201d, el cual ofrece una ayuda de hasta $60,000 para gastos de pronto y cierre de la primera hipoteca, <b>Ferrer inform\u00f3 a <\/b><a href=\"https:\/\/www.elnuevodia.com\/negocios\" target=\"_self\" rel title=\"https:\/\/www.elnuevodia.com\/negocios\"><b>El Nuevo D\u00eda<\/b><\/a><b> que se mantienen estudiando el memor\u00e1ndum de entendimiento (MOU, por sus siglas en ingl\u00e9s) para iniciar, prontamente, su participaci\u00f3n.<\/b><\/p>\n<p>\u201c\u2018Pronto pa\u2019 tu Casa\u2019 es otro programa m\u00e1s que nosotros apoyar\u00edamos. Estamos estudiando el MOU. Queremos ser parte de la oportunidad para seguir apoyando a los puertorrique\u00f1os a lograr su sue\u00f1o del primer hogar. Estamos trabajando con la Autoridad para el Financiamiento de la Vivienda para lograrlo\u201d, mencion\u00f3 el banquero.<\/p>\n<p>Popular es una de las instituciones que participan del programa \u201cVivienda Joven\u201d, el seguro hipotecario que permite otorgar financieros a compradores egresados de universidad y bajo ciertos requisitos. La instituci\u00f3n, se inform\u00f3, ha aprobado $6 millones en pr\u00e9stamos que cuentan con la garant\u00eda de AFV, lo que permite una tasa de inter\u00e9s en el orden 5%. <\/p>\n<p>Asimismo, seg\u00fan el banquero, al presente, hay de 80 solicitudes en curso, que -de aprobarse- representar\u00edan otros $13 millones en pr\u00e9stamos hipotecarios. El precio promedio de las propiedades adquiridas utilizando e programa es de $170,000.<\/p>\n<\/div>\n\n    <div class=\"xs_social_share_widget xs_share_url after_content \t\tmain_content  wslu-style-1 wslu-share-box-shaped wslu-fill-colored wslu-none wslu-share-horizontal wslu-theme-font-no wslu-main_content\">\n\n\t\t\n        <ul>\n\t\t\t        <\/ul>\n    <\/div> \n","protected":false},"excerpt":{"rendered":"<p>El principal oficial ejecutivo (CEO, por sus siglas en ingl\u00e9s) de Popular, Inc . (Nasdaq: BPOP), Javier D. Ferrer, respald\u00f3 cualquier medida de alivio contributivo no solo para individuos, sino tambi\u00e9n para el sector empresarial. El banquero expuso que la instituci\u00f3n ha presentado su parecer sobre una posible reforma al C\u00f3digo de Rentas Internas, tanto<\/p>\n","protected":false},"author":2,"featured_media":20473,"comment_status":"open","ping_status":"open","sticky":false,"template":"","format":"standard","meta":{"om_disable_all_campaigns":false,"_monsterinsights_skip_tracking":false,"_monsterinsights_sitenote_active":false,"_monsterinsights_sitenote_note":"","_monsterinsights_sitenote_category":0,"footnotes":""},"categories":[5],"tags":[],"class_list":["post-20472","post","type-post","status-publish","format-standard","has-post-thumbnail","hentry","category-negocios"],"aioseo_notices":[],"_links":{"self":[{"href":"https:\/\/aleeknews.com\/4l33k5\/wp-json\/wp\/v2\/posts\/20472","targetHints":{"allow":["GET"]}}],"collection":[{"href":"https:\/\/aleeknews.com\/4l33k5\/wp-json\/wp\/v2\/posts"}],"about":[{"href":"https:\/\/aleeknews.com\/4l33k5\/wp-json\/wp\/v2\/types\/post"}],"author":[{"embeddable":true,"href":"https:\/\/aleeknews.com\/4l33k5\/wp-json\/wp\/v2\/users\/2"}],"replies":[{"embeddable":true,"href":"https:\/\/aleeknews.com\/4l33k5\/wp-json\/wp\/v2\/comments?post=20472"}],"version-history":[{"count":0,"href":"https:\/\/aleeknews.com\/4l33k5\/wp-json\/wp\/v2\/posts\/20472\/revisions"}],"wp:featuredmedia":[{"embeddable":true,"href":"https:\/\/aleeknews.com\/4l33k5\/wp-json\/wp\/v2\/media\/20473"}],"wp:attachment":[{"href":"https:\/\/aleeknews.com\/4l33k5\/wp-json\/wp\/v2\/media?parent=20472"}],"wp:term":[{"taxonomy":"category","embeddable":true,"href":"https:\/\/aleeknews.com\/4l33k5\/wp-json\/wp\/v2\/categories?post=20472"},{"taxonomy":"post_tag","embeddable":true,"href":"https:\/\/aleeknews.com\/4l33k5\/wp-json\/wp\/v2\/tags?post=20472"}],"curies":[{"name":"wp","href":"https:\/\/api.w.org\/{rel}","templated":true}]}}