{"id":20462,"date":"2026-02-22T18:43:24","date_gmt":"2026-02-22T17:43:24","guid":{"rendered":"https:\/\/aleeknews.com\/4l33k5\/2026\/02\/22\/pakistan-anuncia-ataques-contra-presuntos-escondites-de-milicianos-en-la-frontera-con-afganistan\/"},"modified":"2026-02-22T18:43:24","modified_gmt":"2026-02-22T17:43:24","slug":"pakistan-anuncia-ataques-contra-presuntos-escondites-de-milicianos-en-la-frontera-con-afganistan","status":"publish","type":"post","link":"https:\/\/aleeknews.com\/4l33k5\/2026\/02\/22\/pakistan-anuncia-ataques-contra-presuntos-escondites-de-milicianos-en-la-frontera-con-afganistan\/","title":{"rendered":"Pakist\u00e1n anuncia ataques contra presuntos escondites de milicianos en la frontera con Afganist\u00e1n"},"content":{"rendered":"<div>\n<p><b>Islamabad<\/b> &#8211; <a href=\"https:\/\/www.elnuevodia.com\/topicos\/pakistan\/\" target=\"_self\" rel title=\"https:\/\/www.elnuevodia.com\/topicos\/pakistan\/\">Pakist\u00e1n<\/a> hizo varios ataques junto a la frontera con <a href=\"https:\/\/www.elnuevodia.com\/topicos\/afganistan\/\" target=\"_self\" rel title=\"https:\/\/www.elnuevodia.com\/topicos\/afganistan\/\">Afganist\u00e1n<\/a> contra escondites de milicianos paquistan\u00edes a los que culpa de atentados recientes dentro del pa\u00eds, indicaron las autoridades paquistan\u00edes la madrugada del domingo.<\/p>\n<p>Islamabad no precis\u00f3 en qu\u00e9 zonas se realizaron los ataques ni ofreci\u00f3 otros detalles.<\/p>\n<p><b>En Kabul, el portavoz del gobierno afgano, Zabihullah Mujahid, dijo que Pakist\u00e1n hab\u00eda realizado ataques dentro de Afganist\u00e1n. <\/b>En una publicaci\u00f3n en X, Mujahid dijo que los ataques tuvieron como objetivo a civiles en las provincias de Nangarhar y Paktika, donde mataron e hirieron a decenas de personas, incluidas mujeres y ni\u00f1os.<\/p>\n<p>Mujahid acus\u00f3 al ej\u00e9rcito paquistan\u00ed de llevar a cabo los ataques para compensar lo que describi\u00f3 como debilidades de seguridad dentro del pa\u00eds.<\/p>\n<p>En declaraciones hechas antes del amanecer del domingo, el ministro paquistan\u00ed de Informaci\u00f3n, Attaullah Tarar, inform\u00f3 en X de \u201coperaciones selectivas basadas en inteligencia\u201d contra siete campamentos pertenecientes a los talibanes paquistan\u00edes, tambi\u00e9n conocidos como Tehrik-e-Taliban Pakistan, o TTP, y sus afiliados. Indic\u00f3 que tambi\u00e9n se atac\u00f3 a un afiliado del grupo Estado Isl\u00e1mico en la regi\u00f3n fronteriza.<\/p>\n<p><b>En octubre, Pakist\u00e1n tambi\u00e9n realiz\u00f3 ataques en el interior de Afganist\u00e1n para atacar escondites de combatientes.<\/b><\/p>\n<p>Tarar afirm\u00f3 que Pakist\u00e1n \u201csiempre se ha esforzado por mantener la paz y la estabilidad en la regi\u00f3n\u201d, pero a\u00f1adi\u00f3 que la seguridad y la protecci\u00f3n de los ciudadanos paquistan\u00edes segu\u00edan siendo una prioridad m\u00e1xima.<\/p>\n<p>Los bombardeos ocurrieron d\u00edas despu\u00e9s de que un atacante suicida, respaldado por hombres armados, embistiera con un veh\u00edculo cargado de explosivos el muro de un puesto de seguridad en el distrito de Bajaur, en la provincia noroccidental de Khyber Pakhtunkhwa, que limita con Afganist\u00e1n. La explosi\u00f3n hizo que una parte del recinto se derrumbara, matando a 11 soldados y a una ni\u00f1a, y las autoridades dijeron despu\u00e9s que el atacante era un ciudadano afgano.<\/p>\n<p><b>Horas antes de los m\u00e1s recientes ataques fronterizos, otro agresor suicida atac\u00f3 un convoy de seguridad en el cercano distrito de Bannu, en el noroeste, y mat\u00f3 a dos soldados, entre ellos un teniente coronel. <\/b>Tras la violencia del s\u00e1bado, el ej\u00e9rcito paquistan\u00ed hab\u00eda advertido que no \u201cejercer\u00eda ninguna moderaci\u00f3n\u201d y que las operaciones contra los responsables continuar\u00edan \u201cindependientemente de su ubicaci\u00f3n\u201d, una expresi\u00f3n que suger\u00eda un aumento en las tensiones entre Islamabad y Kabul.<\/p>\n<p>Tarar sostuvo que Pakist\u00e1n ten\u00eda \u201cpruebas concluyentes\u201d de que los ataques recientes, incluido un atentado suicida contra una mezquita chi\u00ed en Islamabad en el que murieron 31 fieles a principios de este mes, fueron perpetrados por milicianos que actuaban por \u201cinstrucciones de sus l\u00edderes y coordinadores radicados en Afganist\u00e1n\u201d.<\/p>\n<p><b>Afirm\u00f3 que Pakist\u00e1n hab\u00eda instado repetidamente a los gobernantes talibanes de Afganist\u00e1n a tomar medidas verificables para impedir que grupos armados utilicen territorio afgano para lanzar ataques en Pakist\u00e1n, pero afirm\u00f3 que no se hab\u00eda tomado ninguna acci\u00f3n sustantiva.<\/b><\/p>\n<p>Se\u00f1al\u00f3 que Pakist\u00e1n insta a la comunidad internacional a presionar a las autoridades talibanes de Afganist\u00e1n para que cumplan sus compromisos en virtud del acuerdo de Doha de no permitir que su territorio sea utilizado contra otros pa\u00edses.<\/p>\n<p>En los \u00faltimos a\u00f1os, Pakist\u00e1n ha visto un aumento de la violencia de grupos armados, atribuida en gran medida al TTP y a grupos separatistas baluches proscritos. El TTP es independiente, pero est\u00e1 estrechamente aliado con los talibanes de Afganist\u00e1n, que regresaron al poder en 2021. Islamabad acusa al TTP de operar desde dentro de Afganist\u00e1n, una acusaci\u00f3n que el grupo y Kabul niegan.<\/p>\n<p>Las relaciones entre ambos vecinos se han mantenido tensas desde octubre, cuando decenas de soldados, civiles y presuntos combatientes murieron en letales enfrentamientos fronterizos. La violencia se produjo tras explosiones en Kabul que autoridades afganas atribuyeron a Pakist\u00e1n.<\/p>\n<p>Un alto el fuego mediado por Catar se ha mantenido en general, pero las conversaciones en Estambul no lograron producir un acuerdo formal, y las relaciones se mantienen tensas.<\/p>\n<p>____<\/p>\n<p><i>Esta historia fue traducida del ingl\u00e9s al espa\u00f1ol con una herramienta de inteligencia artificial y fue revisada por un editor antes de su publicaci\u00f3n.<\/i><\/p>\n<\/div>\n\n    <div class=\"xs_social_share_widget xs_share_url after_content \t\tmain_content  wslu-style-1 wslu-share-box-shaped wslu-fill-colored wslu-none wslu-share-horizontal wslu-theme-font-no wslu-main_content\">\n\n\t\t\n        <ul>\n\t\t\t        <\/ul>\n    <\/div> \n","protected":false},"excerpt":{"rendered":"<p>Islamabad &#8211; Pakist\u00e1n hizo varios ataques junto a la frontera con Afganist\u00e1n contra escondites de milicianos paquistan\u00edes a los que culpa de atentados recientes dentro del pa\u00eds, indicaron las autoridades paquistan\u00edes la madrugada del domingo. Islamabad no precis\u00f3 en qu\u00e9 zonas se realizaron los ataques ni ofreci\u00f3 otros detalles. En Kabul, el portavoz del gobierno<\/p>\n","protected":false},"author":2,"featured_media":20463,"comment_status":"open","ping_status":"open","sticky":false,"template":"","format":"standard","meta":{"om_disable_all_campaigns":false,"_monsterinsights_skip_tracking":false,"_monsterinsights_sitenote_active":false,"_monsterinsights_sitenote_note":"","_monsterinsights_sitenote_category":0,"footnotes":""},"categories":[10],"tags":[],"class_list":["post-20462","post","type-post","status-publish","format-standard","has-post-thumbnail","hentry","category-mundo"],"aioseo_notices":[],"_links":{"self":[{"href":"https:\/\/aleeknews.com\/4l33k5\/wp-json\/wp\/v2\/posts\/20462","targetHints":{"allow":["GET"]}}],"collection":[{"href":"https:\/\/aleeknews.com\/4l33k5\/wp-json\/wp\/v2\/posts"}],"about":[{"href":"https:\/\/aleeknews.com\/4l33k5\/wp-json\/wp\/v2\/types\/post"}],"author":[{"embeddable":true,"href":"https:\/\/aleeknews.com\/4l33k5\/wp-json\/wp\/v2\/users\/2"}],"replies":[{"embeddable":true,"href":"https:\/\/aleeknews.com\/4l33k5\/wp-json\/wp\/v2\/comments?post=20462"}],"version-history":[{"count":0,"href":"https:\/\/aleeknews.com\/4l33k5\/wp-json\/wp\/v2\/posts\/20462\/revisions"}],"wp:featuredmedia":[{"embeddable":true,"href":"https:\/\/aleeknews.com\/4l33k5\/wp-json\/wp\/v2\/media\/20463"}],"wp:attachment":[{"href":"https:\/\/aleeknews.com\/4l33k5\/wp-json\/wp\/v2\/media?parent=20462"}],"wp:term":[{"taxonomy":"category","embeddable":true,"href":"https:\/\/aleeknews.com\/4l33k5\/wp-json\/wp\/v2\/categories?post=20462"},{"taxonomy":"post_tag","embeddable":true,"href":"https:\/\/aleeknews.com\/4l33k5\/wp-json\/wp\/v2\/tags?post=20462"}],"curies":[{"name":"wp","href":"https:\/\/api.w.org\/{rel}","templated":true}]}}