{"id":20460,"date":"2026-02-22T18:43:25","date_gmt":"2026-02-22T17:43:25","guid":{"rendered":"https:\/\/aleeknews.com\/4l33k5\/2026\/02\/22\/exponen-al-publico-los-huesos-de-san-francisco-de-asis-por-primera-vez\/"},"modified":"2026-02-22T18:43:25","modified_gmt":"2026-02-22T17:43:25","slug":"exponen-al-publico-los-huesos-de-san-francisco-de-asis-por-primera-vez","status":"publish","type":"post","link":"https:\/\/aleeknews.com\/4l33k5\/2026\/02\/22\/exponen-al-publico-los-huesos-de-san-francisco-de-asis-por-primera-vez\/","title":{"rendered":"Exponen al p\u00fablico los huesos de San Francisco de As\u00eds por primera vez"},"content":{"rendered":"<div>\n<p><b>As\u00eds, Italia<\/b> &#8211; Los huesos de San Francisco de As\u00eds, el fraile medieval que inspir\u00f3 al <a href=\"https:\/\/www.elnuevodia.com\/topicos\/papa-francisco\/\" target=\"_self\" rel title=\"https:\/\/www.elnuevodia.com\/topicos\/papa-francisco\/\">papa Francisco<\/a> y a generaciones de cristianos antes que \u00e9l, se exponen p\u00fablicamente por primera vez, dando a su ciudad natal de Umbr\u00eda, situada en lo alto de una colina, una raz\u00f3n m\u00e1s para acoger a los peregrinos.<\/p>\n<p>Para el alcalde de As\u00eds, Valter Stoppini, los vecinos y los frailes franciscanos que organizan la exposici\u00f3n de reliquias, de un mes de duraci\u00f3n, para conmemorar el aniversario n\u00famero 800 de la muerte del santo.<\/p>\n<p><b>Ya se han inscrito cerca de 400,000 personas para rezar ante las reliquias, y Stoppini calcula que la cifra podr\u00eda alcanzar el medio mill\u00f3n antes de que los huesos vuelvan a su tumba el 22 de marzo.<\/b><\/p>\n<p>Se ha reclutado un peque\u00f1o ej\u00e9rcito de 400 voluntarios para conducirlos por las calles empedradas de la ciudad medieval hasta la Bas\u00edlica inferior de San Francisco para ver los huesos, que se conservan en una caja de cristal a prueba de balas.<\/p>\n<p><b>Esto supondr\u00e1 una enorme presi\u00f3n para el centro de la ciudad, con sus estrechas calles repletas de souvenirs y sus limitados servicios. <\/b>Pero tambi\u00e9n pondr\u00e1 a prueba la paciencia de los habitantes de As\u00eds, que no son ajenos a la afluencia masiva de peregrinos, aunque normalmente s\u00f3lo para celebraciones limitadas.<\/p>\n<p>\u201cEstamos acostumbrados a este tipo de acontecimientos, pero que duran uno, dos o tres d\u00edas\u201d, dijo Stoppini. \u201cEsto es algo prolongado, durante un mes, as\u00ed que estoy un poco preocupado, pero tranquilo\u201d.<\/p>\n<p><h4><b>Un santo que inspir\u00f3 a un papa y a muchos m\u00e1s<\/b><\/h4>\n<\/p>\n<p>As\u00ed las cosas, As\u00eds es uno de los destinos de peregrinaci\u00f3n cristiana m\u00e1s populares del mundo, situado en una colina de la campi\u00f1a de Umbr\u00eda y construido con una piedra caliza te\u00f1ida de rosa que le confiere un brillo \u00fanico, sobre todo al atardecer.<\/p>\n<p><b>Millones de peregrinos acuden aqu\u00ed cada a\u00f1o gracias a la presencia de la tumba de San Francisco y a la espectacular bas\u00edlica, decorada con frescos de Giotto que ilustran la vida del santo, que se alza sobre ella.<\/b><\/p>\n<p>San Francisco naci\u00f3 en el seno de una familia adinerada en 1182, pero renunci\u00f3 a su riqueza para vivir como fraile mendicante tras recibir lo que, seg\u00fan \u00e9l, era una vocaci\u00f3n para reconstruir y reformar la Iglesia.<\/p>\n<p>Se le conoce sobre todo por su mensaje de paz, su amor a la creaci\u00f3n y su atenci\u00f3n a los pobres, ense\u00f1anzas que inspiraron fuertemente al papa Francisco, el primer pont\u00edfice que lleva el nombre del santo.<\/p>\n<p><b>Aunque los restos de San Francisco han sido inspeccionados peri\u00f3dicamente a lo largo de los a\u00f1os por los frailes franciscanos para garantizar su conservaci\u00f3n, \u00e9sta es la primera vez que se exponen p\u00fablicamente.<\/b><\/p>\n<p>La decisi\u00f3n de sacarlas de la cripta y acoger a los peregrinos durante un mes es una forma de mantener vivo su mensaje y dar a los cristianos la oportunidad de rezar ante ellas, seg\u00fan las autoridades.<\/p>\n<p>Stoppini dijo que una exposici\u00f3n de un mes era lo m\u00e1ximo que pod\u00eda pedir a los habitantes de As\u00eds, dada la tensi\u00f3n que soportaba la ciudad, que ya vio una afluencia masiva de peregrinos en 2025.<\/p>\n<p><h4><b>As\u00eds tambi\u00e9n tiene un nuevo santo<\/b><\/h4>\n<\/p>\n<p>Aunque As\u00eds es famosa por San Francisco, un nuevo santo atrae a una nueva generaci\u00f3n de peregrinos: Carlo Acutis, canonizado el a\u00f1o pasado por el <a href=\"https:\/\/www.elnuevodia.com\/topicos\/papa-leon-xiv\/\" target=\"_self\" rel title=\"https:\/\/www.elnuevodia.com\/topicos\/papa-leon-xiv\/\">papa Le\u00f3n XIV<\/a> como primer santo milenario de la <a href=\"https:\/\/www.elnuevodia.com\/topicos\/iglesia-catolica\/\" target=\"_self\" rel title=\"https:\/\/www.elnuevodia.com\/topicos\/iglesia-catolica\/\">Iglesia cat\u00f3lica<\/a>.<\/p>\n<div>\n<p><b>1 \/ 28 | <\/b><span> Carlo Acutis se convierte oficialmente en santo: as\u00ed fue su ceremonia de canonizaci\u00f3n. Miles de personas llegaron hoy hasta la Plaza de San Pedro para presenciar la ceremonia de canonizaci\u00f3n del &#8220;santo milenial&#8221; e &#8220;influencer de Dios, Carlo Acutis, y de Pier Giorgio Frassati. <\/span><i> &#8211; FILIPPO MONTEFORTE<\/i><\/p>\n<\/div>\n<p>Acutis, que muri\u00f3 a los 15 a\u00f1os de leucemia, est\u00e1 enterrado en otra bas\u00edlica de As\u00eds, pero su salvaje popularidad, especialmente entre los j\u00f3venes latinoamericanos, ha convertido a As\u00eds en un nuevo destino religioso para los grupos de j\u00f3venes cat\u00f3licos que visitan Italia.<\/p>\n<p>\u201cCuando salimos a la plaza, encontramos a mucha gente que nos pregunta: \u2018\u00bfD\u00f3nde est\u00e1 Carlo? \u00bfD\u00f3nde est\u00e1 Carlo?\u2019\u201d, dice el hermano Marco Moroni, custodio del convento de San Francisco.<\/p>\n<p><b>Solo el a\u00f1o pasado se registr\u00f3 un aumento del 30% en el n\u00famero de peregrinos, aunque probablemente se debi\u00f3 tanto a la canonizaci\u00f3n de Acutis como al A\u00f1o Santo, que atrajo a Roma a unos 33 millones de peregrinos, muchos de los cuales viajaron tambi\u00e9n a As\u00eds.<\/b><\/p>\n<p>\u201cLo bonito es que los santos no van a la guerra unos contra otros, gracias a Dios\u201d, a\u00f1adi\u00f3.<\/p>\n<p>\u201cMuchos de los que vienen a la bas\u00edlica van a ver a Carlo, y muchos de los que van a Carlo Acutis vienen a la bas\u00edlica, creando una \u00f3smosis y un movimiento creciente que, sin embargo, crea algunos problemas a la ciudad\u201d.<\/p>\n<p><h4><b>Para los residentes, el turismo religioso es necesario<\/b><\/h4>\n<\/p>\n<p>Para los comerciantes de recuerdos de As\u00eds, que viven de los turistas religiosos y peregrinos que acuden en masa a la pintoresca ciudad, un acontecimiento de un mes de duraci\u00f3n es bienvenido.<\/p>\n<p>\u201cOtras personas ver\u00e1n lo que nosotros vemos todos los d\u00edas\u201d, con el esp\u00edritu de Francisco impregnando la ciudad, dijo la comerciante Arianna Catarinelli, que trabaja en una tienda de recuerdos en la calle principal de la ciudad que conduce a la bas\u00edlica.<\/p>\n<p>La tienda ofrece sudaderas con la efigie de As\u00eds, bol\u00edgrafos con la foto de Acutis, tazas de caf\u00e9 con el tema de San Francisco y rosarios de ne\u00f3n.<\/p>\n<p>\u201cPara los residentes, encontrar aparcamiento no es f\u00e1cil. Pero para los comercios, creo que es positivo que haya tanta gente\u201d, dijo.<\/p>\n<p>Para hacer frente a la afluencia, el ayuntamiento ha creado nuevos aparcamientos fuera del centro de la ciudad y gestiona un servicio de lanzaderas para llevar a la gente a la ciudad.<\/p>\n<p>Riccardo Bacconi, residente en As\u00eds y trabajador de una sucursal bancaria local, dijo que esperaba que los aparcamientos adicionales fueran el legado de la exposici\u00f3n que siguiera facilitando la vida a los lugare\u00f1os.<\/p>\n<p>Tras salir a correr el s\u00e1bado por la ma\u00f1ana, Bacconi reconoci\u00f3 que la ciudad vive del turismo y que quien elige vivir aqu\u00ed tiene que soportarlo.<\/p>\n<p>&#8212;&#8211;<\/p>\n<p><i>Esta historia fue traducida del ingl\u00e9s al espa\u00f1ol con una herramienta de inteligencia artificial y fue revisada por un editor antes de su publicaci\u00f3n.<\/i><\/p>\n<\/div>\n\n    <div class=\"xs_social_share_widget xs_share_url after_content \t\tmain_content  wslu-style-1 wslu-share-box-shaped wslu-fill-colored wslu-none wslu-share-horizontal wslu-theme-font-no wslu-main_content\">\n\n\t\t\n        <ul>\n\t\t\t        <\/ul>\n    <\/div> \n","protected":false},"excerpt":{"rendered":"<p>As\u00eds, Italia &#8211; Los huesos de San Francisco de As\u00eds, el fraile medieval que inspir\u00f3 al papa Francisco y a generaciones de cristianos antes que \u00e9l, se exponen p\u00fablicamente por primera vez, dando a su ciudad natal de Umbr\u00eda, situada en lo alto de una colina, una raz\u00f3n m\u00e1s para acoger a los peregrinos. Para<\/p>\n","protected":false},"author":2,"featured_media":20461,"comment_status":"open","ping_status":"open","sticky":false,"template":"","format":"standard","meta":{"om_disable_all_campaigns":false,"_monsterinsights_skip_tracking":false,"_monsterinsights_sitenote_active":false,"_monsterinsights_sitenote_note":"","_monsterinsights_sitenote_category":0,"footnotes":""},"categories":[10],"tags":[],"class_list":["post-20460","post","type-post","status-publish","format-standard","has-post-thumbnail","hentry","category-mundo"],"aioseo_notices":[],"_links":{"self":[{"href":"https:\/\/aleeknews.com\/4l33k5\/wp-json\/wp\/v2\/posts\/20460","targetHints":{"allow":["GET"]}}],"collection":[{"href":"https:\/\/aleeknews.com\/4l33k5\/wp-json\/wp\/v2\/posts"}],"about":[{"href":"https:\/\/aleeknews.com\/4l33k5\/wp-json\/wp\/v2\/types\/post"}],"author":[{"embeddable":true,"href":"https:\/\/aleeknews.com\/4l33k5\/wp-json\/wp\/v2\/users\/2"}],"replies":[{"embeddable":true,"href":"https:\/\/aleeknews.com\/4l33k5\/wp-json\/wp\/v2\/comments?post=20460"}],"version-history":[{"count":0,"href":"https:\/\/aleeknews.com\/4l33k5\/wp-json\/wp\/v2\/posts\/20460\/revisions"}],"wp:featuredmedia":[{"embeddable":true,"href":"https:\/\/aleeknews.com\/4l33k5\/wp-json\/wp\/v2\/media\/20461"}],"wp:attachment":[{"href":"https:\/\/aleeknews.com\/4l33k5\/wp-json\/wp\/v2\/media?parent=20460"}],"wp:term":[{"taxonomy":"category","embeddable":true,"href":"https:\/\/aleeknews.com\/4l33k5\/wp-json\/wp\/v2\/categories?post=20460"},{"taxonomy":"post_tag","embeddable":true,"href":"https:\/\/aleeknews.com\/4l33k5\/wp-json\/wp\/v2\/tags?post=20460"}],"curies":[{"name":"wp","href":"https:\/\/api.w.org\/{rel}","templated":true}]}}