{"id":20324,"date":"2026-02-19T18:42:45","date_gmt":"2026-02-19T17:42:45","guid":{"rendered":"https:\/\/aleeknews.com\/4l33k5\/2026\/02\/19\/caso-andrew-mountbatten-windsor-policia-inicia-investigacion-por-presunta-mala-conducta\/"},"modified":"2026-02-19T18:42:45","modified_gmt":"2026-02-19T17:42:45","slug":"caso-andrew-mountbatten-windsor-policia-inicia-investigacion-por-presunta-mala-conducta","status":"publish","type":"post","link":"https:\/\/aleeknews.com\/4l33k5\/2026\/02\/19\/caso-andrew-mountbatten-windsor-policia-inicia-investigacion-por-presunta-mala-conducta\/","title":{"rendered":"Caso Andrew Mountbatten-Windsor: polic\u00eda inicia investigaci\u00f3n por presunta mala conducta"},"content":{"rendered":"<div>\n<p><b>Londres<\/b> &#8211; La polic\u00eda brit\u00e1nica arrest\u00f3 este jueves al expr\u00edncipe <a href=\"https:\/\/www.elnuevodia.com\/topicos\/principe-andrew\/\" target=\"_self\" rel title=\"https:\/\/www.elnuevodia.com\/topicos\/principe-andrew\/\"><b>Andrew Mountbatten-Windsor<\/b><\/a> como sospechoso de mala conducta en un cargo p\u00fablico.<\/p>\n<p>La polic\u00eda no dio confirm\u00f3 el nombre de Mountbatten-Windsor, como es normal seg\u00fan la legislaci\u00f3n brit\u00e1nica. Pero cuando se le pregunt\u00f3 si hab\u00eda sido detenido, el cuerpo se\u00f1al\u00f3 un comunicado en el que dec\u00eda que hab\u00edan arrestado a un hombre de unos 60 a\u00f1os. Mountbatten-Windsor, expr\u00edncipe Andr\u00e9s, tiene 66 a\u00f1os.<\/p>\n<p><b>Aqu\u00ed est\u00e1 la declaraci\u00f3n de la Polic\u00eda de Thames Valley:<\/b><\/p>\n<p>___<\/p>\n<p>\u201cComo parte de la investigaci\u00f3n, hoy hemos detenido a un hombre de unos sesenta a\u00f1os de Norfolk como sospechoso de mala conducta en un cargo p\u00fablico y estamos llevando a cabo registros en direcciones de Berkshire y Norfolk.<\/p>\n<p>El hombre permanece bajo custodia policial en este momento.<\/p>\n<div>\n<p><b>1 \/ 29 | <\/b><span> La ca\u00edda del expr\u00edncipe Andrew: 35 a\u00f1os de esc\u00e1ndalos en la familia real. Desde sus primeros contactos con el pederasta convicto Jeffrey Epstein, hasta sus controvertidas actividades empresariales y acusaciones de abuso sexual, la vida de Andrew ha sido un dolor de cabeza para la monarqu\u00eda brit\u00e1nica, lo que le llev\u00f3 a retirarse de la vida p\u00fablica en 2019 y a que su madre le despojara de sus t\u00edtulos militares en 2022.<\/span><i> &#8211; The Associated Press<\/i><\/p>\n<\/div>\n<p>No nombraremos al detenido, de acuerdo con las directrices nacionales. Por favor, recuerde tambi\u00e9n que este caso est\u00e1 ahora activo, por lo que se debe tener cuidado con cualquier publicaci\u00f3n para evitar incurrir en desacato al tribunal.<\/p>\n<p>El subcomisario jefe Oliver Wright ha declarado: \u201cTras una evaluaci\u00f3n exhaustiva, hemos abierto una investigaci\u00f3n sobre esta acusaci\u00f3n de mala conducta en la funci\u00f3n p\u00fablica.<\/p>\n<p>Es importante que protejamos la integridad y objetividad de nuestra investigaci\u00f3n mientras trabajamos con nuestros socios para investigar este presunto delito&#8221;.<\/p>\n<div data-oembed-type=\"twitter\">\n<blockquote>\n<div lang=\"en\" dir=\"ltr\">\n<p>Thames Valley Police have opened an investigation into an offence of misconduct in public office.<\/p>\n<p>A man in his sixties from Norfolk has been arrested and remains in police custody. As per national guidance we will not name the arrested man.<\/p>\n<p>Read more: <a href=\"https:\/\/t.co\/wehZDx4InV\">https:\/\/t.co\/wehZDx4InV<\/a> <a href=\"https:\/\/t.co\/b23l2KeOHG\">pic.twitter.com\/b23l2KeOHG<\/a><\/p>\n<\/div>\n<p>\u2014 Thames Valley Police (@ThamesVP) <a href=\"https:\/\/twitter.com\/ThamesVP\/status\/2024425932568629742?ref_src=twsrc%5Etfw\">February 19, 2026<\/a><\/p><\/blockquote>\n<\/div>\n<p>El arresto ocurre en el contexto de la publicaci\u00f3n de la \u00faltima tanda de documentos vinculados al caso de <a href=\"https:\/\/www.elnuevodia.com\/topicos\/jeffrey-epstein\/\" target=\"_self\" rel title=\"https:\/\/www.elnuevodia.com\/topicos\/jeffrey-epstein\/\"><b>Jeffrey Epstein<\/b><\/a>, en los que volvi\u00f3 a mencionarse al expr\u00edncipe.<\/p>\n<p>A comienzos de febrero, el primer ministro,<b> Keir Starmer<\/b>, pidi\u00f3 al expr\u00edncipe que testificara ante el Congreso sobre su asociaci\u00f3n con el convicto <a href=\"https:\/\/www.elnuevodia.com\/topicos\/jeffrey-epstein\/\" target=\"_self\" rel title=\"https:\/\/www.elnuevodia.com\/topicos\/jeffrey-epstein\/\"><b>Jeffrey Epstein<\/b><\/a>.<\/p>\n<p>En octubre de 2025, el rey brit\u00e1nico, <b>Charles III<\/b>, retir\u00f3 todos los t\u00edtulos, honores y distinciones de Mountbatten-Windsor.<\/p>\n<p>Por su parte, el monarca brit\u00e1nico emiti\u00f3 expresiones esta ma\u00f1ana que confirman el arresto de su hermano e indic\u00f3 que \u201cla justicia debe seguir su curso\u201d.<\/p>\n<p>\u201cLo que sigue ahora es el proceso completo, justo y adecuado mediante el cual este asunto se investiga de la manera apropiada y por las autoridades correspondientes\u201d, afirm\u00f3 en una inusual declaraci\u00f3n firmada personalmente.<\/p>\n<p>\u201cEn esto, como he dicho antes, cuentan con todo nuestro apoyo y cooperaci\u00f3n\u201d, se\u00f1al\u00f3. \u201cPerm\u00edtanme dejarlo claro: la justicia debe seguir su curso\u201d, a\u00f1adi\u00f3.<\/p>\n<p><i>Esta historia fue traducida del ingl\u00e9s al espa\u00f1ol con una herramienta de inteligencia artificial y fue revisada por un editor antes de su publicaci\u00f3n.<\/i><\/p>\n<\/div>\n\n    <div class=\"xs_social_share_widget xs_share_url after_content \t\tmain_content  wslu-style-1 wslu-share-box-shaped wslu-fill-colored wslu-none wslu-share-horizontal wslu-theme-font-no wslu-main_content\">\n\n\t\t\n        <ul>\n\t\t\t        <\/ul>\n    <\/div> \n","protected":false},"excerpt":{"rendered":"<p>Londres &#8211; La polic\u00eda brit\u00e1nica arrest\u00f3 este jueves al expr\u00edncipe Andrew Mountbatten-Windsor como sospechoso de mala conducta en un cargo p\u00fablico. La polic\u00eda no dio confirm\u00f3 el nombre de Mountbatten-Windsor, como es normal seg\u00fan la legislaci\u00f3n brit\u00e1nica. Pero cuando se le pregunt\u00f3 si hab\u00eda sido detenido, el cuerpo se\u00f1al\u00f3 un comunicado en el que dec\u00eda<\/p>\n","protected":false},"author":2,"featured_media":20325,"comment_status":"open","ping_status":"open","sticky":false,"template":"","format":"standard","meta":{"om_disable_all_campaigns":false,"_monsterinsights_skip_tracking":false,"_monsterinsights_sitenote_active":false,"_monsterinsights_sitenote_note":"","_monsterinsights_sitenote_category":0,"footnotes":""},"categories":[10],"tags":[],"class_list":["post-20324","post","type-post","status-publish","format-standard","has-post-thumbnail","hentry","category-mundo"],"aioseo_notices":[],"_links":{"self":[{"href":"https:\/\/aleeknews.com\/4l33k5\/wp-json\/wp\/v2\/posts\/20324","targetHints":{"allow":["GET"]}}],"collection":[{"href":"https:\/\/aleeknews.com\/4l33k5\/wp-json\/wp\/v2\/posts"}],"about":[{"href":"https:\/\/aleeknews.com\/4l33k5\/wp-json\/wp\/v2\/types\/post"}],"author":[{"embeddable":true,"href":"https:\/\/aleeknews.com\/4l33k5\/wp-json\/wp\/v2\/users\/2"}],"replies":[{"embeddable":true,"href":"https:\/\/aleeknews.com\/4l33k5\/wp-json\/wp\/v2\/comments?post=20324"}],"version-history":[{"count":0,"href":"https:\/\/aleeknews.com\/4l33k5\/wp-json\/wp\/v2\/posts\/20324\/revisions"}],"wp:featuredmedia":[{"embeddable":true,"href":"https:\/\/aleeknews.com\/4l33k5\/wp-json\/wp\/v2\/media\/20325"}],"wp:attachment":[{"href":"https:\/\/aleeknews.com\/4l33k5\/wp-json\/wp\/v2\/media?parent=20324"}],"wp:term":[{"taxonomy":"category","embeddable":true,"href":"https:\/\/aleeknews.com\/4l33k5\/wp-json\/wp\/v2\/categories?post=20324"},{"taxonomy":"post_tag","embeddable":true,"href":"https:\/\/aleeknews.com\/4l33k5\/wp-json\/wp\/v2\/tags?post=20324"}],"curies":[{"name":"wp","href":"https:\/\/api.w.org\/{rel}","templated":true}]}}