{"id":20323,"date":"2026-02-19T18:42:46","date_gmt":"2026-02-19T17:42:46","guid":{"rendered":"https:\/\/aleeknews.com\/4l33k5\/2026\/02\/19\/el-rey-vs-andrew-asi-podria-verse-un-pliego-acusatorio-contra-exprincipe-britanico-2\/"},"modified":"2026-02-19T18:42:46","modified_gmt":"2026-02-19T17:42:46","slug":"el-rey-vs-andrew-asi-podria-verse-un-pliego-acusatorio-contra-exprincipe-britanico-2","status":"publish","type":"post","link":"https:\/\/aleeknews.com\/4l33k5\/2026\/02\/19\/el-rey-vs-andrew-asi-podria-verse-un-pliego-acusatorio-contra-exprincipe-britanico-2\/","title":{"rendered":"\u00bfEl Rey vs. Andrew?: as\u00ed podr\u00eda verse un pliego acusatorio contra expr\u00edncipe brit\u00e1nico"},"content":{"rendered":"<div>\n<p>El arresto del expr\u00edncipe <a href=\"https:\/\/www.elnuevodia.com\/noticias\/mundo\/notas\/arrestado-andrew-mountbatten-windsor-bajo-sospecha-de-mala-conducta-en-un-cargo-publico\/\" target=\"_self\" rel title=\"https:\/\/www.elnuevodia.com\/noticias\/mundo\/notas\/arrestado-andrew-mountbatten-windsor-bajo-sospecha-de-mala-conducta-en-un-cargo-publico\/\"><b>Andrew Mountbatten-Windsor<\/b><\/a>, investigado por presunta conducta indebida en un cargo p\u00fablico, ha generado inter\u00e9s, especialmente ante la posibilidad de que eventualmente su pliego acusatorio se presente formalmente como un caso de la Corona contra este integrante de la familia real brit\u00e1nica.<\/p>\n<p>De continuar el caso contra Mountbatten-Windsor, la acusaci\u00f3n podr\u00eda titularse \u201cR v. Andrew Mountbatten-Windsor\u201d. La \u201cR\u201d representa al Rey, en este caso <a href=\"https:\/\/www.elnuevodia.com\/topicos\/rey-charles-iii\/\" target=\"_self\" rel title=\"https:\/\/www.elnuevodia.com\/topicos\/rey-charles-iii\/\"><b>Charles III<\/b><\/a>, hermano del acusado. <\/p>\n<p><b>Aunque formalmente los casos penales en el Reino Unido se presentan bajo \u201cla Corona\u201d, no es la familia real quien impulsa la acusaci\u00f3n, sino el Estado brit\u00e1nico a trav\u00e9s del <\/b><a href=\"https:\/\/www.cps.gov.uk\/\" target=\"_self\" rel title=\"https:\/\/www.cps.gov.uk\/\"><b>Crown Prosecution Service (CPS)<\/b><\/a><b> organismo independiente encargado de decidir si procede la acci\u00f3n penal o no. <\/b><\/p>\n<p><b>\u00bfPor qu\u00e9 los casos penales se presentan en nombre del rey?<\/b><\/p>\n<p>Se trata de una monarqu\u00eda constitucional, en la que el poder del soberano est\u00e1 limitado por normas constitucionales y por el Parlamento. Aunque el monarca es el jefe de estado, sus funciones son principalmente institucionales y representativas.<\/p>\n<p>En este caso, el <a href=\"https:\/\/www.elnuevodia.com\/topicos\/rey-charles-iii\/\" target=\"_self\" rel title=\"https:\/\/www.elnuevodia.com\/topicos\/rey-charles-iii\/\"><b>rey Charles III<\/b><\/a>, hermano del expr\u00edncipe, ejerce un rol simb\u00f3lico y constitucional, con responsabilidades en \u00e1mbitos como la religi\u00f3n, las fuerzas armadas y la representaci\u00f3n oficial del pa\u00eds. No obstante, no interviene en los procesos judiciales, que son gestionados por instituciones independientes del gobierno.<\/p>\n<p>Seg\u00fan la <a href=\"https:\/\/bvirtualogp.pr.gov\/ogp\/Bvirtual\/leyesreferencia\/PDF\/Derechos%20Civiles\/CONST\/CONST.pdf\" target=\"_self\" rel title=\"https:\/\/bvirtualogp.pr.gov\/ogp\/Bvirtual\/leyesreferencia\/PDF\/Derechos%20Civiles\/CONST\/CONST.pdf\"><b>Constituci\u00f3n de Puerto Rico, secci\u00f3n 18<\/b><\/a>, \u201ctoda acci\u00f3n criminal en los tribunales del Estado Libre Asociado se instruir\u00e1 a nombre y por autoridad de \u201cEl Pueblo de Puerto Rico\u201d mientras otra cosa no se dispusiere por ley\u201d. Quiere decir que en un pliego acusatorio de un caso criminal en la isla se identifica como \u201cPueblo de Puerto Rico v. (nombre del acusado)\u201d, mientras que en Estados Unidos, a nivel federal, los casos se presentan como \u201cUnited States v. (nobre del acusado)\u201d.<\/p>\n<div>\n<p><b>1 \/ 29 | <\/b><span> La ca\u00edda del expr\u00edncipe Andrew: 35 a\u00f1os de esc\u00e1ndalos en la familia real. Desde sus primeros contactos con el pederasta convicto Jeffrey Epstein, hasta sus controvertidas actividades empresariales y acusaciones de abuso sexual, la vida de Andrew ha sido un dolor de cabeza para la monarqu\u00eda brit\u00e1nica, lo que le llev\u00f3 a retirarse de la vida p\u00fablica en 2019 y a que su madre le despojara de sus t\u00edtulos militares en 2022.<\/span><i> &#8211; The Associated Press<\/i><\/p>\n<\/div>\n<p>De formalizarse los cargos en contra Mountbatten-Windsor, el proceso marcar\u00eda un momento sin precedentes, al tratarse de un miembro de alto perfil de la familia real siendo procesado bajo la misma f\u00f3rmula jur\u00eddica que rige para cualquier ciudadano. <\/p>\n<p>El arresto de Mountbatten-Windsor ocurre en el contexto de la publicaci\u00f3n de millones de p\u00e1ginas de documentos relacionados con el depredador sexual <a href=\"https:\/\/www.elnuevodia.com\/topicos\/jeffrey-epstein\/\" target=\"_self\" rel title=\"https:\/\/www.elnuevodia.com\/topicos\/jeffrey-epstein\/\"><b>Jeffrey Epstein<\/b><\/a>, los cuales evidenciaron su relaci\u00f3n con el ex pr\u00edncipe.<\/p>\n<p>Seg\u00fan la <a href=\"https:\/\/www.bbc.com\/news\/live\/c70kjr9wjw0t?post=asset%3Ac5b0d422-ad06-40e9-8107-f422c48ac7c2#post\" target=\"_self\" rel title=\"https:\/\/www.bbc.com\/news\/live\/c70kjr9wjw0t?post=asset%3Ac5b0d422-ad06-40e9-8107-f422c48ac7c2#post\"><b>BBC<\/b><\/a>, un arresto de esta \u00edndole suele durar solo unas horas y es poco probable que una persona de cuello blanco permanezca detenida durante la noche. Se alega que pueden transcurrir varias semanas antes de que se tome una decisi\u00f3n sustancial sobre si el caso continuar\u00e1 formalmente ante los tribunales.<\/p>\n<\/div>\n\n    <div class=\"xs_social_share_widget xs_share_url after_content \t\tmain_content  wslu-style-1 wslu-share-box-shaped wslu-fill-colored wslu-none wslu-share-horizontal wslu-theme-font-no wslu-main_content\">\n\n\t\t\n        <ul>\n\t\t\t        <\/ul>\n    <\/div> \n","protected":false},"excerpt":{"rendered":"<p>El arresto del expr\u00edncipe Andrew Mountbatten-Windsor , investigado por presunta conducta indebida en un cargo p\u00fablico, ha generado inter\u00e9s, especialmente ante la posibilidad de que eventualmente su pliego acusatorio se presente formalmente como un caso de la Corona contra este integrante de la familia real brit\u00e1nica. De continuar el caso contra Mountbatten-Windsor, la acusaci\u00f3n podr\u00eda<\/p>\n","protected":false},"author":2,"featured_media":0,"comment_status":"open","ping_status":"open","sticky":false,"template":"","format":"standard","meta":{"om_disable_all_campaigns":false,"_monsterinsights_skip_tracking":false,"_monsterinsights_sitenote_active":false,"_monsterinsights_sitenote_note":"","_monsterinsights_sitenote_category":0,"footnotes":""},"categories":[10],"tags":[],"class_list":["post-20323","post","type-post","status-publish","format-standard","hentry","category-mundo"],"aioseo_notices":[],"_links":{"self":[{"href":"https:\/\/aleeknews.com\/4l33k5\/wp-json\/wp\/v2\/posts\/20323","targetHints":{"allow":["GET"]}}],"collection":[{"href":"https:\/\/aleeknews.com\/4l33k5\/wp-json\/wp\/v2\/posts"}],"about":[{"href":"https:\/\/aleeknews.com\/4l33k5\/wp-json\/wp\/v2\/types\/post"}],"author":[{"embeddable":true,"href":"https:\/\/aleeknews.com\/4l33k5\/wp-json\/wp\/v2\/users\/2"}],"replies":[{"embeddable":true,"href":"https:\/\/aleeknews.com\/4l33k5\/wp-json\/wp\/v2\/comments?post=20323"}],"version-history":[{"count":0,"href":"https:\/\/aleeknews.com\/4l33k5\/wp-json\/wp\/v2\/posts\/20323\/revisions"}],"wp:attachment":[{"href":"https:\/\/aleeknews.com\/4l33k5\/wp-json\/wp\/v2\/media?parent=20323"}],"wp:term":[{"taxonomy":"category","embeddable":true,"href":"https:\/\/aleeknews.com\/4l33k5\/wp-json\/wp\/v2\/categories?post=20323"},{"taxonomy":"post_tag","embeddable":true,"href":"https:\/\/aleeknews.com\/4l33k5\/wp-json\/wp\/v2\/tags?post=20323"}],"curies":[{"name":"wp","href":"https:\/\/api.w.org\/{rel}","templated":true}]}}