{"id":20320,"date":"2026-02-19T18:42:48","date_gmt":"2026-02-19T17:42:48","guid":{"rendered":"https:\/\/aleeknews.com\/4l33k5\/2026\/02\/19\/bajo-fuego-el-nuevo-presidente-de-peru-por-polemicas-expresiones-sobre-sexo-a-temprana-edad\/"},"modified":"2026-02-19T18:42:48","modified_gmt":"2026-02-19T17:42:48","slug":"bajo-fuego-el-nuevo-presidente-de-peru-por-polemicas-expresiones-sobre-sexo-a-temprana-edad","status":"publish","type":"post","link":"https:\/\/aleeknews.com\/4l33k5\/2026\/02\/19\/bajo-fuego-el-nuevo-presidente-de-peru-por-polemicas-expresiones-sobre-sexo-a-temprana-edad\/","title":{"rendered":"Bajo fuego el nuevo presidente de Per\u00fa por pol\u00e9micas expresiones sobre sexo a temprana edad"},"content":{"rendered":"<div>\n<p><b>Lima<\/b> &#8211; El nuevo presidente interino de Per\u00fa, <a href=\"https:\/\/www.elnuevodia.com\/noticias\/mundo\/notas\/la-crisis-politica-de-peru-da-otro-giro-con-jose-balcazar-como-nuevo-presidente-interino\/\" target=\"_self\" rel title=\"https:\/\/www.elnuevodia.com\/noticias\/mundo\/notas\/la-crisis-politica-de-peru-da-otro-giro-con-jose-balcazar-como-nuevo-presidente-interino\/\"><b>el izquierdista Jos\u00e9 Mar\u00eda Balc\u00e1zar<\/b><\/a>, reafirm\u00f3 en su primer d\u00eda como mandatario su pol\u00e9mica postura sobre las relaciones sexuales tempranas, que dice que ayudan al futuro psicol\u00f3gico de la mujer y que ya causaron indignaci\u00f3n en 2023 cuando era congresista.<\/p>\n<p><b>\u201cYo no cambio nunca de opini\u00f3n, soy un hombre permanentemente firme en mis convicciones y lo que hablo, lo hablo con propiedad y me considero un hombre que, en este espec\u00edfico caso que usted me dice, siempre he pensado bien, lo he ejercido como juez y s\u00e9 y tengo cultura para hablar sobre eso\u201d, <\/b>dijo Balc\u00e1zar en su primera entrevista como mandatario, con la emisora RPP.<\/p>\n<p>A continuaci\u00f3n, tambi\u00e9n le preguntaron sobre su postura sobre el matrimonio infantil, sobre cuya prohibici\u00f3n Balc\u00e1zar se abstuvo de apoyar en la votaci\u00f3n que hubo en el Parlamento en 2023, para impedir los enlaces matrimoniales con menores de edad.<\/p>\n<p>En un primer momento, tras escuchar la pregunta, Balc\u00e1zar, de 83 a\u00f1os, pidi\u00f3 conversar de \u201ccosas m\u00e1s importantes\u201d pues afirm\u00f3 que se quieren tejer \u201cleyendas negras\u201d sobre su persona en este tema.<\/p>\n<p>\u201cYo tengo una vida limpia y una trayectoria impecable de tal manera que por ese lado no quisiera volver a esta retrayendo cosas que llaman los periodistas en los escritos\u201d, dijo.<\/p>\n<p>Ante la insistencia del periodista, que le cuestion\u00f3 si ha cambiado de opini\u00f3n al respecto, respondi\u00f3 que no.<\/p>\n<p>Organizaciones sociales como la Coordinadora Nacional de Derechos Humanos (Cnddhh) rechaz\u00f3 la noche del mi\u00e9rcoles el nombramiento de Balc\u00e1zar al precisamente recordar estas declaraciones que fueron ratificadas este jueves.<\/p>\n<p><b>\u201cLa designaci\u00f3n de una autoridad con antecedentes p\u00fablicos cuestionados y con declaraciones que justifican la violencia sexual contra ni\u00f1as y adolescentes genera una leg\u00edtima alarma ciudadana (&#8230;) Resultan inaceptables las afirmaciones en las que sostuvo que las relaciones sexuales tempranas podr\u00edan \u2018ayudar al futuro psicol\u00f3gico de la mujer\u2019\u201d, se\u00f1al\u00f3.<\/b><\/p>\n<p>Agreg\u00f3 que esta postura contradice el marco jur\u00eddico nacional e internacional vigente y desconoce est\u00e1ndares internacionales en materia de protecci\u00f3n integral de la ni\u00f1ez y adolescencia, incluida la Convenci\u00f3n sobre los Derechos del Ni\u00f1o.<\/p>\n<p>Del mismo modo, la organizaci\u00f3n feminista Flora Trist\u00e1n emiti\u00f3 un comunicado en el que afirma que Balc\u00e1zar ha incurrido en afirmaciones preocupantes que han atentado contra est\u00e1ndares fundamentales como el inter\u00e9s superior del ni\u00f1o y ni\u00f1a.<\/p>\n<p>\u201cQuien minimiza la violencia contra las mujeres y ni\u00f1as no expresa una opini\u00f3n aislada, evidencia una actitud complaciente con el abuso\u201d, agreg\u00f3.<\/p>\n<p><b>Balc\u00e1zar asumi\u00f3 de manera interina la Presidencia para dirigir el Ejecutivo hasta el 28 de julio, cuando ceder\u00e1 el mando presidencial al ganador o ganador de las elecciones presidenciales que ya est\u00e1n en marcha y que tendr\u00e1n la primera vuelta el pr\u00f3ximo 12 de abril.<\/b><\/p>\n<\/div>\n\n    <div class=\"xs_social_share_widget xs_share_url after_content \t\tmain_content  wslu-style-1 wslu-share-box-shaped wslu-fill-colored wslu-none wslu-share-horizontal wslu-theme-font-no wslu-main_content\">\n\n\t\t\n        <ul>\n\t\t\t        <\/ul>\n    <\/div> \n","protected":false},"excerpt":{"rendered":"<p>Lima &#8211; El nuevo presidente interino de Per\u00fa, el izquierdista Jos\u00e9 Mar\u00eda Balc\u00e1zar , reafirm\u00f3 en su primer d\u00eda como mandatario su pol\u00e9mica postura sobre las relaciones sexuales tempranas, que dice que ayudan al futuro psicol\u00f3gico de la mujer y que ya causaron indignaci\u00f3n en 2023 cuando era congresista. \u201cYo no cambio nunca de opini\u00f3n<\/p>\n","protected":false},"author":2,"featured_media":20321,"comment_status":"open","ping_status":"open","sticky":false,"template":"","format":"standard","meta":{"om_disable_all_campaigns":false,"_monsterinsights_skip_tracking":false,"_monsterinsights_sitenote_active":false,"_monsterinsights_sitenote_note":"","_monsterinsights_sitenote_category":0,"footnotes":""},"categories":[10],"tags":[],"class_list":["post-20320","post","type-post","status-publish","format-standard","has-post-thumbnail","hentry","category-mundo"],"aioseo_notices":[],"_links":{"self":[{"href":"https:\/\/aleeknews.com\/4l33k5\/wp-json\/wp\/v2\/posts\/20320","targetHints":{"allow":["GET"]}}],"collection":[{"href":"https:\/\/aleeknews.com\/4l33k5\/wp-json\/wp\/v2\/posts"}],"about":[{"href":"https:\/\/aleeknews.com\/4l33k5\/wp-json\/wp\/v2\/types\/post"}],"author":[{"embeddable":true,"href":"https:\/\/aleeknews.com\/4l33k5\/wp-json\/wp\/v2\/users\/2"}],"replies":[{"embeddable":true,"href":"https:\/\/aleeknews.com\/4l33k5\/wp-json\/wp\/v2\/comments?post=20320"}],"version-history":[{"count":0,"href":"https:\/\/aleeknews.com\/4l33k5\/wp-json\/wp\/v2\/posts\/20320\/revisions"}],"wp:featuredmedia":[{"embeddable":true,"href":"https:\/\/aleeknews.com\/4l33k5\/wp-json\/wp\/v2\/media\/20321"}],"wp:attachment":[{"href":"https:\/\/aleeknews.com\/4l33k5\/wp-json\/wp\/v2\/media?parent=20320"}],"wp:term":[{"taxonomy":"category","embeddable":true,"href":"https:\/\/aleeknews.com\/4l33k5\/wp-json\/wp\/v2\/categories?post=20320"},{"taxonomy":"post_tag","embeddable":true,"href":"https:\/\/aleeknews.com\/4l33k5\/wp-json\/wp\/v2\/tags?post=20320"}],"curies":[{"name":"wp","href":"https:\/\/api.w.org\/{rel}","templated":true}]}}