{"id":20316,"date":"2026-02-19T18:42:34","date_gmt":"2026-02-19T17:42:34","guid":{"rendered":"https:\/\/aleeknews.com\/4l33k5\/2026\/02\/19\/ano-de-revalida-para-el-inter-miami-mls-concachampions-y-puerto-rico-en-agenda\/"},"modified":"2026-02-19T18:42:34","modified_gmt":"2026-02-19T17:42:34","slug":"ano-de-revalida-para-el-inter-miami-mls-concachampions-y-puerto-rico-en-agenda","status":"publish","type":"post","link":"https:\/\/aleeknews.com\/4l33k5\/2026\/02\/19\/ano-de-revalida-para-el-inter-miami-mls-concachampions-y-puerto-rico-en-agenda\/","title":{"rendered":"A\u00f1o de rev\u00e1lida para el Inter Miami: MLS, Concachampions\u2026 y Puerto Rico en agenda"},"content":{"rendered":"<div>\n<p>El <a href=\"https:\/\/www.elnuevodia.com\/topicos\/inter-miami\/\" target=\"_blank\" rel=\"noreferrer\" title=\"https:\/\/www.elnuevodia.com\/topicos\/inter-miami\/\"><b>Inter Miami<\/b><\/a> comienza este s\u00e1bado la defensa de su primer t\u00edtulo de la <b>MLS<\/b>, conquistado el pasado diciembre, en un a\u00f1o en el que la prioridad ser\u00e1 alzar la Copa de Campeones de la <a href=\"https:\/\/www.elnuevodia.com\/topicos\/concacaf\/\" target=\"_blank\" rel=\"noreferrer\" title=\"https:\/\/www.elnuevodia.com\/topicos\/concacaf\/\"><b>Concacaf<\/b><\/a>, pero en el que el equipo tendr\u00e1 que encontrar soluciones a las bajas de Jordi Alba y Sergio Busquets.<\/p>\n<p>Hace menos de tres meses que <a href=\"https:\/\/www.elnuevodia.com\/topicos\/lionel-messi\/\" target=\"_blank\" rel=\"noreferrer\" title=\"https:\/\/www.elnuevodia.com\/topicos\/lionel-messi\/\"><b>Lionel Messi<\/b><\/a> levant\u00f3 al cielo de Miami la <i>MLS Cup<\/i> tras derrotar por 3-1 a los Vancouver Whitecaps en la final, pero en ese tiempo el equipo ha perdido a Alba y a Busquets \u2014ambos retirados\u2014, se ha reforzado y se ha dado un ba\u00f1o de masas por Sudam\u00e9rica durante la \u2018<i>Gira de los Campeones<\/i>\u2019.<\/p>\n<p>Tras una corta pretemporada, la defensa del t\u00edtulo empieza este s\u00e1bado en el <i>BMO Stadium<\/i>, feudo de<b> Los \u00c1ngeles FC<\/b> y hogar del surcoreano Heung-min Son.<\/p>\n<p>Ser\u00e1 el primero de cinco partidos seguidos a domicilio mientras finalizan las obras del \u2018<i>Miami Freedom Park<\/i>\u2019, el primer estadio en propiedad del club, cuyo primer partido oficial est\u00e1 programado para el <b>4 de abril<\/b> ante el Austin.<\/p>\n<p>El <a href=\"https:\/\/www.elnuevodia.com\/deportes\/futbol\/notas\/lionel-messi-se-lesiona-y-se-pospone-el-partido-del-inter-miami-en-puerto-rico\/\" target=\"_blank\" rel=\"noreferrer\" title=\"https:\/\/www.elnuevodia.com\/deportes\/futbol\/notas\/lionel-messi-se-lesiona-y-se-pospone-el-partido-del-inter-miami-en-puerto-rico\/\"><b>26 de febrero<\/b><\/a> enfrentar\u00e1n en un amistoso a <b>Independiente del Valle <\/b>en el <a href=\"https:\/\/www.elnuevodia.com\/topicos\/estadio-hiram-bithorn\/\" target=\"_blank\" rel=\"noreferrer\" title=\"https:\/\/www.elnuevodia.com\/topicos\/estadio-hiram-bithorn\/\"><b>Estadio Hiram Bithorn<\/b><\/a> de Bayam\u00f3n, en Puerto Rico. Este duelo originalmente estaba pautado para el pasado 13 de febrero.<\/p>\n<p>Y si bien el a\u00f1o pasado fue salvado sobre la campana gracias a la <i>MLS Cup<\/i>, tras las duras eliminaciones en las semifinales de la Copa de Campeones de la Concacaf y en la final de la <i>Leagues Cup<\/i>, el Inter Miami espera no dejar los deberes para el \u00faltimo momento en este 2026.<\/p>\n<p><h4><b>Objetivo: \u2018Concachampions\u2019<\/b><\/h4>\n<\/p>\n<p>Tachada la <i>MLS Cup<\/i> de la lista de deseos, el club ha se\u00f1alado p\u00fablicamente a la Copa de Campeones de la Concacaf como su prioridad este a\u00f1o, que marcar\u00e1 su tercera participaci\u00f3n consecutiva.<\/p>\n<p>\u201cNuestro objetivo es ganar la Concachampions, es algo que le he dicho al club. El objetivo son siete partidos para conquistarla este a\u00f1o. Para eso estamos montando esta plantilla y creo que en posiciones clave hemos mejorado mucho\u201d, dijo el mes pasado a los medios uno de los copropietarios del Inter Miami, Jorge Mas.<\/p>\n<p>El Inter Miami nunca ha llegado a la final de este torneo y el a\u00f1o pasado cay\u00f3 con claridad en semifinales por un global de 5-1 contra los Vancouver Whitecaps, a la postre subcampe\u00f3n.<\/p>\n<p>El argentino <b>Javier Mascherano<\/b>, quien afronta su segunda temporada en el banquillo de Las Garzas, tambi\u00e9n coincidi\u00f3 con esas expectativas al se\u00f1alar que el objetivo es ir m\u00e1s all\u00e1 de revalidar la MLS.<\/p>\n<p>\u201cVamos a ir no solamente a tratar de revalidar el t\u00edtulo de la MLS, sino tambi\u00e9n a competir por los torneos en los que nos quedamos a las puertas, como la Concachampions o la <i>Leagues Cup<\/i>\u201d, afirm\u00f3 recientemente en declaraciones al club.<\/p>\n<p>En su condici\u00f3n de campe\u00f3n de la MLS, el Inter Miami acceder\u00e1 este a\u00f1o al torneo continental en segunda ronda, donde se enfrentar\u00e1 en marzo al ganador de la eliminatoria entre el Nashville y el Atl\u00e9tico Ottawa canadiense.<\/p>\n<p><h4><b>Corregir la fragilidad defensiva<\/b><\/h4>\n<\/p>\n<p>La faceta defensiva fue el principal punto d\u00e9bil del Inter Miami la \u00faltima temporada, por lo que el club se ha movido activamente en el mercado de fichajes para reforzar esa zona y reemplazar a Alba y Busquets.<\/p>\n<p>El espa\u00f1ol Sergio Reguil\u00f3n, exjugador del Real Madrid, Sevilla o Tottenham Hotspur, entre otros, fue el elegido para sustituir a Alba, pero sufri\u00f3 un grave esguince de rodilla en el primer partido de pretemporada que lo mantendr\u00e1 alejado de los terrenos de juego de forma indefinida.<\/p>\n<div data-oembed-type=\"twitter\">\n<blockquote>\n<p lang=\"en\" dir=\"ltr\">The grind continues. Season opener ahead \u26a1\ufe0f <a href=\"https:\/\/t.co\/KtTsnrz4Fx\">pic.twitter.com\/KtTsnrz4Fx<\/a><\/p>\n<p>\u2014 Inter Miami CF (@InterMiamiCF) <a href=\"https:\/\/twitter.com\/InterMiamiCF\/status\/2024114783801188415?ref_src=twsrc%5Etfw\">February 18, 2026<\/a><\/p><\/blockquote>\n<\/div>\n<p>Otras incorporaciones fueron el argentino Facundo Mura, el brasile\u00f1o Micael y el centrocampista argentino David Ayala, de perfil defensivo, adem\u00e1s del ganador del premio al mejor portero de la MLS en 2025, el canadiense Dayne St. Clair.<\/p>\n<p>Y aunque Messi y <a href=\"https:\/\/www.elnuevodia.com\/topicos\/luis-suarez\/\" target=\"_blank\" rel=\"noreferrer\" title=\"https:\/\/www.elnuevodia.com\/topicos\/luis-suarez\/\"><b>Luis Su\u00e1rez<\/b><\/a> contin\u00faan en la punta de ataque, el equipo tambi\u00e9n fich\u00f3 al goleador argentino naturalizado mexicano Germ\u00e1n Berterame, procedente del Monterrey, adem\u00e1s de anunciar la incorporaci\u00f3n definitiva del argentino Rodrigo de Paul.<\/p>\n<p><h4><b>Un a\u00f1o at\u00edpico<\/b><\/h4>\n<\/p>\n<p>De momento, la pretemporada sirvi\u00f3 para dar minutos a todos los jugadores y \u201ctener una buena puesta a punto\u201d antes del arranque de la MLS, indic\u00f3 esta semana Mascherano.<\/p>\n<p>Conocida como la \u2018<i>Gira de los Campeones<\/i>\u2019, el Inter Miami disput\u00f3 tres encuentros en Per\u00fa, Colombia y Ecuador que se saldaron con una victoria (1-2 contra Atl\u00e9tico Nacional), un empate (2-2 con Barcelona SC) y una derrota (3-0 ante Alianza Lima).<\/p>\n<p>Este 2026 ser\u00e1 un a\u00f1o at\u00edpico para los clubes de la MLS, que vivir\u00e1n un par\u00f3n del calendario entre el 25 de mayo y el 16 de julio por la disputa del Mundial 2026, que se celebrar\u00e1 en Canad\u00e1, Estados Unidos y M\u00e9xico del 11 de junio al 19 de julio.<\/p>\n<p>Adem\u00e1s, tambi\u00e9n ser\u00e1 un a\u00f1o hist\u00f3rico para el Inter Miami, que vivir\u00e1 la inauguraci\u00f3n del \u2018Miami Freedom Park\u2019, con capacidad para 25,000 personas, despu\u00e9s de jugar sus seis primeros a\u00f1os como local en un estadio temporal en la localidad de Fort Lauderdale, al norte de Miami.<\/p>\n<\/div>\n\n    <div class=\"xs_social_share_widget xs_share_url after_content \t\tmain_content  wslu-style-1 wslu-share-box-shaped wslu-fill-colored wslu-none wslu-share-horizontal wslu-theme-font-no wslu-main_content\">\n\n\t\t\n        <ul>\n\t\t\t        <\/ul>\n    <\/div> \n","protected":false},"excerpt":{"rendered":"<p>El Inter Miami comienza este s\u00e1bado la defensa de su primer t\u00edtulo de la MLS, conquistado el pasado diciembre, en un a\u00f1o en el que la prioridad ser\u00e1 alzar la Copa de Campeones de la Concacaf , pero en el que el equipo tendr\u00e1 que encontrar soluciones a las bajas de Jordi Alba y Sergio<\/p>\n","protected":false},"author":2,"featured_media":20317,"comment_status":"open","ping_status":"open","sticky":false,"template":"","format":"standard","meta":{"om_disable_all_campaigns":false,"_monsterinsights_skip_tracking":false,"_monsterinsights_sitenote_active":false,"_monsterinsights_sitenote_note":"","_monsterinsights_sitenote_category":0,"footnotes":""},"categories":[7],"tags":[],"class_list":["post-20316","post","type-post","status-publish","format-standard","has-post-thumbnail","hentry","category-deportes"],"aioseo_notices":[],"_links":{"self":[{"href":"https:\/\/aleeknews.com\/4l33k5\/wp-json\/wp\/v2\/posts\/20316","targetHints":{"allow":["GET"]}}],"collection":[{"href":"https:\/\/aleeknews.com\/4l33k5\/wp-json\/wp\/v2\/posts"}],"about":[{"href":"https:\/\/aleeknews.com\/4l33k5\/wp-json\/wp\/v2\/types\/post"}],"author":[{"embeddable":true,"href":"https:\/\/aleeknews.com\/4l33k5\/wp-json\/wp\/v2\/users\/2"}],"replies":[{"embeddable":true,"href":"https:\/\/aleeknews.com\/4l33k5\/wp-json\/wp\/v2\/comments?post=20316"}],"version-history":[{"count":0,"href":"https:\/\/aleeknews.com\/4l33k5\/wp-json\/wp\/v2\/posts\/20316\/revisions"}],"wp:featuredmedia":[{"embeddable":true,"href":"https:\/\/aleeknews.com\/4l33k5\/wp-json\/wp\/v2\/media\/20317"}],"wp:attachment":[{"href":"https:\/\/aleeknews.com\/4l33k5\/wp-json\/wp\/v2\/media?parent=20316"}],"wp:term":[{"taxonomy":"category","embeddable":true,"href":"https:\/\/aleeknews.com\/4l33k5\/wp-json\/wp\/v2\/categories?post=20316"},{"taxonomy":"post_tag","embeddable":true,"href":"https:\/\/aleeknews.com\/4l33k5\/wp-json\/wp\/v2\/tags?post=20316"}],"curies":[{"name":"wp","href":"https:\/\/api.w.org\/{rel}","templated":true}]}}