{"id":20214,"date":"2026-02-17T18:43:04","date_gmt":"2026-02-17T17:43:04","guid":{"rendered":"https:\/\/aleeknews.com\/4l33k5\/2026\/02\/17\/en-que-quedo-la-venta-de-la-sede-del-ppd-pablo-jose-hernandez-ultima-detalles-de-cara-al-proceso\/"},"modified":"2026-02-17T18:43:04","modified_gmt":"2026-02-17T17:43:04","slug":"en-que-quedo-la-venta-de-la-sede-del-ppd-pablo-jose-hernandez-ultima-detalles-de-cara-al-proceso","status":"publish","type":"post","link":"https:\/\/aleeknews.com\/4l33k5\/2026\/02\/17\/en-que-quedo-la-venta-de-la-sede-del-ppd-pablo-jose-hernandez-ultima-detalles-de-cara-al-proceso\/","title":{"rendered":"\u00bfEn qu\u00e9 qued\u00f3 la venta de la sede del PPD? Pablo Jos\u00e9 Hern\u00e1ndez ultima detalles de cara al proceso"},"content":{"rendered":"<div>\n<div data-fusion-lazy-id=\"f0fQYcNoHQKSGL\">\n<div class>\n<p><a href=\"https:\/\/thetrustproject.org\/\"><img decoding=\"async\" src=\"https:\/\/www.elnuevodia.com\/pf\/resources\/v2\/icons\/trust-icon.svg?d=221\"><\/a><\/p>\n<div>\n<p>Noticia<\/p>\n<div>\n<p>Basado en hechos que el periodista haya observado y verificado de primera mano, o en informaci\u00f3n verificada que proviene de fuentes bien informadas.<\/p>\n<\/div>\n<\/div>\n<\/div>\n<div>\n<h2>El presidente del partido a\u00fan no escoge un nuevo lugar, pero podr\u00eda establecerse en un local de manera temporal<\/h2>\n<div>\n<p>17 de febrero de 2026 &#8211; 11:10 PM<\/p>\n<\/div>\n<\/div>\n<\/div>\n<div data-fusion-lazy-id=\"f0fIYaQF9GLV14D\">\n<div><picture><source media=\"(max-width: 375px)\" ><source media=\"(max-width: 767px)\" ><source media=\"(max-width: 1023px)\" ><source ><\/picture><figcaption>En la d\u00e9cada del 80, el PPD compr\u00f3 la propiedad a los due\u00f1os, un grupo de contribuyentes populares, incluido Arturo D\u00edaz y Francisco \u201cPaco\u201d Rahola. <span>(Xavier Ara\u00fajo)<\/span><\/figcaption><\/div>\n<div>\n<p><img decoding=\"async\" alt=\"Gloria Ruiz Kuilan\" src=\"https:\/\/www.elnuevodia.com\/resizer\/v2\/https%3A%2F%2Fs3.amazonaws.com%2Farc-authors%2Fgfrmedia%2F925327e5-c9a0-44f0-bf04-5766e967ada3.png?auth=e63b4c823fe7418710fcdcf77083171834109ee025f72499ef8f9bf308070210&#038;quality=75&#038;smart=true&#038;width=170&#038;height=147\"><\/p>\n<\/div>\n<div>\n<p>Antes de vender su sede y adquirir una nueva, el liderato del <a href=\"https:\/\/www.elnuevodia.com\/topicos\/partido-popular-democratico\/\" target=\"_blank\" rel=\"noreferrer\" title=\"https:\/\/www.elnuevodia.com\/topicos\/partido-popular-democratico\/\"><b>Partido Popular Democr\u00e1tico<\/b><\/a> (PPD) se dispone a saldar una deuda con una sucesi\u00f3n, y no descarta alquilar un lugar, de manera temporal, antes de una mudanza definitiva, precis\u00f3 el presidente de la colectividad, <a href=\"https:\/\/www.elnuevodia.com\/autor\/pablo-jose-hernandez\/\" target=\"_blank\" rel=\"noreferrer\" title=\"https:\/\/www.elnuevodia.com\/autor\/pablo-jose-hernandez\/\"><b>Pablo Jos\u00e9 Hern\u00e1ndez Rivera<\/b><\/a>. <\/p>\n<\/div>\n<\/div>\n<section>\n<header><span>Popular en la Comunidad<\/span><\/header>\n<\/section>\n<\/div>\n\n    <div class=\"xs_social_share_widget xs_share_url after_content \t\tmain_content  wslu-style-1 wslu-share-box-shaped wslu-fill-colored wslu-none wslu-share-horizontal wslu-theme-font-no wslu-main_content\">\n\n\t\t\n        <ul>\n\t\t\t        <\/ul>\n    <\/div> \n","protected":false},"excerpt":{"rendered":"<p>Noticia Basado en hechos que el periodista haya observado y verificado de primera mano, o en informaci\u00f3n verificada que proviene de fuentes bien informadas. El presidente del partido a\u00fan no escoge un nuevo lugar, pero podr\u00eda establecerse en un local de manera temporal 17 de febrero de 2026 &#8211; 11:10 PM En la d\u00e9cada del<\/p>\n","protected":false},"author":2,"featured_media":20215,"comment_status":"open","ping_status":"open","sticky":false,"template":"","format":"standard","meta":{"om_disable_all_campaigns":false,"_monsterinsights_skip_tracking":false,"_monsterinsights_sitenote_active":false,"_monsterinsights_sitenote_note":"","_monsterinsights_sitenote_category":0,"footnotes":""},"categories":[6],"tags":[],"class_list":["post-20214","post","type-post","status-publish","format-standard","has-post-thumbnail","hentry","category-politica"],"aioseo_notices":[],"_links":{"self":[{"href":"https:\/\/aleeknews.com\/4l33k5\/wp-json\/wp\/v2\/posts\/20214","targetHints":{"allow":["GET"]}}],"collection":[{"href":"https:\/\/aleeknews.com\/4l33k5\/wp-json\/wp\/v2\/posts"}],"about":[{"href":"https:\/\/aleeknews.com\/4l33k5\/wp-json\/wp\/v2\/types\/post"}],"author":[{"embeddable":true,"href":"https:\/\/aleeknews.com\/4l33k5\/wp-json\/wp\/v2\/users\/2"}],"replies":[{"embeddable":true,"href":"https:\/\/aleeknews.com\/4l33k5\/wp-json\/wp\/v2\/comments?post=20214"}],"version-history":[{"count":0,"href":"https:\/\/aleeknews.com\/4l33k5\/wp-json\/wp\/v2\/posts\/20214\/revisions"}],"wp:featuredmedia":[{"embeddable":true,"href":"https:\/\/aleeknews.com\/4l33k5\/wp-json\/wp\/v2\/media\/20215"}],"wp:attachment":[{"href":"https:\/\/aleeknews.com\/4l33k5\/wp-json\/wp\/v2\/media?parent=20214"}],"wp:term":[{"taxonomy":"category","embeddable":true,"href":"https:\/\/aleeknews.com\/4l33k5\/wp-json\/wp\/v2\/categories?post=20214"},{"taxonomy":"post_tag","embeddable":true,"href":"https:\/\/aleeknews.com\/4l33k5\/wp-json\/wp\/v2\/tags?post=20214"}],"curies":[{"name":"wp","href":"https:\/\/api.w.org\/{rel}","templated":true}]}}