{"id":20163,"date":"2026-02-16T18:43:02","date_gmt":"2026-02-16T17:43:02","guid":{"rendered":"https:\/\/aleeknews.com\/4l33k5\/2026\/02\/16\/vuelo-de-turquia-aterriza-de-emergencia-en-bruselas-tras-una-violenta-pelea-entre-pasajeros-2\/"},"modified":"2026-02-16T18:43:02","modified_gmt":"2026-02-16T17:43:02","slug":"vuelo-de-turquia-aterriza-de-emergencia-en-bruselas-tras-una-violenta-pelea-entre-pasajeros-2","status":"publish","type":"post","link":"https:\/\/aleeknews.com\/4l33k5\/2026\/02\/16\/vuelo-de-turquia-aterriza-de-emergencia-en-bruselas-tras-una-violenta-pelea-entre-pasajeros-2\/","title":{"rendered":"Vuelo de Turqu\u00eda aterriza de emergencia en Bruselas tras una violenta pelea entre pasajeros"},"content":{"rendered":"<div>\n<p>Un violento enfrentamiento de pasajeros a bordo de un vuelo de la aerol\u00ednea brit\u00e1nica Jet2 oblig\u00f3 al piloto a realizar un aterrizaje de emergencia en Bruselas, <a href=\"https:\/\/www.elnuevodia.com\/topicos\/belgica\/\" target=\"_blank\" rel=\"noreferrer\" title=\"https:\/\/www.elnuevodia.com\/topicos\/belgica\/\"><b>B\u00e9lgica<\/b><\/a>, y <b>termin\u00f3 con la expulsi\u00f3n de dos personas. <\/b>El episodio ocurri\u00f3 el \u00faltimo jueves,en un trayecto que un\u00eda Antalya, <a href=\"https:\/\/www.elnuevodia.com\/topicos\/turquia\/\" target=\"_blank\" rel=\"noreferrer\" title=\"https:\/\/www.elnuevodia.com\/topicos\/turquia\/\"><b>Turqu\u00eda<\/b><\/a>, con la ciudad inglesa de Manchester.<\/p>\n<p>Seg\u00fan <i>The New York Times<\/i>, la discusi\u00f3n comenz\u00f3 pocas despu\u00e9s del despegue del vuelo LS896 y escal\u00f3 con rapidez. En videos difundidos en X se observa a dos hombres intercambiando insultos hasta que la confrontaci\u00f3n pasa a los golpes.<b> La situaci\u00f3n se descontrol\u00f3 al punto de que otros viajeros tuvieron que intervenir.<\/b><\/p>\n<p>En medio de la situaci\u00f3n ca\u00f3tica, <b>una tripulante se subi\u00f3 a un asiento y grit\u00f3 para intentar frenar la pelea<\/b>. Finalmente, uno de los presentes logr\u00f3 inmovilizar a uno de los involucrados con una llave en el cuello, lo que permiti\u00f3 contener la situaci\u00f3n.<\/p>\n<p>A ra\u00edz del incidente, el comandante desvi\u00f3 la aeronave a la capital belga, unas tres horas despu\u00e9s del inicio de un vuelo cuya duraci\u00f3n prevista era de cinco. <b>Una vez en tierra, la polic\u00eda abord\u00f3 el avi\u00f3n y retir\u00f3 a los pasajeros se\u00f1alados como responsables del enfrentamiento. <\/b>El viaje a Manchester se reanud\u00f3 a las 10:00 p.m.<\/p>\n<p>En un comunicado, la aerol\u00ednea atribuy\u00f3 el incidente al \u201ccomportamiento inaceptable de dos pasajeros conflictivos\u201d y confirm\u00f3 que <b>ambos recibieron una prohibici\u00f3n permanente para volar con la empresa.<\/b><\/p>\n<p><b>Adem\u00e1s, anticip\u00f3 que buscar\u00e1 recuperar los costos generados por el desv\u00edo del vuelo. <\/b>\u201cComo aerol\u00ednea orientada a las familias, mantenemos una pol\u00edtica de tolerancia cero frente a conductas disruptivas. Lamentamos profundamente que el resto de los pasajeros y la tripulaci\u00f3n hayan tenido que atravesar esta situaci\u00f3n\u201d, indicaron.<\/p>\n<p><b>No es la primera vez que Jet2 sanciona con dureza este tipo de comportamientos<\/b>, reconstruy\u00f3 el diario estadounidense. En 2022,<b> la empresa reclam\u00f3 unas 50.000 libras a dos hermanos por un incidente similar que tambi\u00e9n deriv\u00f3 en el desv\u00edo de un vuelo,<\/b> adem\u00e1s de imponerles una prohibici\u00f3n de por vida. En 2017, otra pareja fue vetada tras protagonizar un enfrentamiento f\u00edsico durante un trayecto que oblig\u00f3 a aterrizar preventivamente.<\/p>\n<p>Este tipo de episodios, conocidos como <i>air rage<\/i>, aumentaron en los \u00faltimos a\u00f1os. De acuerdo con datos citados por The New York Times, la Administraci\u00f3n Federal de Aviaci\u00f3n de Estados Unidos <b>detect\u00f3 un aumento cercano al 400% en los estallidos violentos a bordo entre 2019 y 2025<\/b>, un fen\u00f3meno que expertos vinculan, entre otros factores, con la tensi\u00f3n y el hacinamiento propios de los vuelos comerciales.<\/p>\n<\/div>\n\n    <div class=\"xs_social_share_widget xs_share_url after_content \t\tmain_content  wslu-style-1 wslu-share-box-shaped wslu-fill-colored wslu-none wslu-share-horizontal wslu-theme-font-no wslu-main_content\">\n\n\t\t\n        <ul>\n\t\t\t        <\/ul>\n    <\/div> \n","protected":false},"excerpt":{"rendered":"<p>Un violento enfrentamiento de pasajeros a bordo de un vuelo de la aerol\u00ednea brit\u00e1nica Jet2 oblig\u00f3 al piloto a realizar un aterrizaje de emergencia en Bruselas, B\u00e9lgica , y termin\u00f3 con la expulsi\u00f3n de dos personas. El episodio ocurri\u00f3 el \u00faltimo jueves,en un trayecto que un\u00eda Antalya, Turqu\u00eda , con la ciudad inglesa de Manchester.<\/p>\n","protected":false},"author":2,"featured_media":20162,"comment_status":"open","ping_status":"open","sticky":false,"template":"","format":"standard","meta":{"om_disable_all_campaigns":false,"_monsterinsights_skip_tracking":false,"_monsterinsights_sitenote_active":false,"_monsterinsights_sitenote_note":"","_monsterinsights_sitenote_category":0,"footnotes":""},"categories":[10],"tags":[],"class_list":["post-20163","post","type-post","status-publish","format-standard","has-post-thumbnail","hentry","category-mundo"],"aioseo_notices":[],"_links":{"self":[{"href":"https:\/\/aleeknews.com\/4l33k5\/wp-json\/wp\/v2\/posts\/20163","targetHints":{"allow":["GET"]}}],"collection":[{"href":"https:\/\/aleeknews.com\/4l33k5\/wp-json\/wp\/v2\/posts"}],"about":[{"href":"https:\/\/aleeknews.com\/4l33k5\/wp-json\/wp\/v2\/types\/post"}],"author":[{"embeddable":true,"href":"https:\/\/aleeknews.com\/4l33k5\/wp-json\/wp\/v2\/users\/2"}],"replies":[{"embeddable":true,"href":"https:\/\/aleeknews.com\/4l33k5\/wp-json\/wp\/v2\/comments?post=20163"}],"version-history":[{"count":0,"href":"https:\/\/aleeknews.com\/4l33k5\/wp-json\/wp\/v2\/posts\/20163\/revisions"}],"wp:featuredmedia":[{"embeddable":true,"href":"https:\/\/aleeknews.com\/4l33k5\/wp-json\/wp\/v2\/media\/20162"}],"wp:attachment":[{"href":"https:\/\/aleeknews.com\/4l33k5\/wp-json\/wp\/v2\/media?parent=20163"}],"wp:term":[{"taxonomy":"category","embeddable":true,"href":"https:\/\/aleeknews.com\/4l33k5\/wp-json\/wp\/v2\/categories?post=20163"},{"taxonomy":"post_tag","embeddable":true,"href":"https:\/\/aleeknews.com\/4l33k5\/wp-json\/wp\/v2\/tags?post=20163"}],"curies":[{"name":"wp","href":"https:\/\/api.w.org\/{rel}","templated":true}]}}