{"id":20053,"date":"2026-02-14T18:44:09","date_gmt":"2026-02-14T17:44:09","guid":{"rendered":"https:\/\/aleeknews.com\/4l33k5\/2026\/02\/14\/aumentara-el-credito-por-trabajo-este-ano-2\/"},"modified":"2026-02-14T18:44:09","modified_gmt":"2026-02-14T17:44:09","slug":"aumentara-el-credito-por-trabajo-este-ano-2","status":"publish","type":"post","link":"https:\/\/aleeknews.com\/4l33k5\/2026\/02\/14\/aumentara-el-credito-por-trabajo-este-ano-2\/","title":{"rendered":"Aumentar\u00e1 el cr\u00e9dito por trabajo este a\u00f1o"},"content":{"rendered":"<div>\n<p>La <a href=\"https:\/\/www.elnuevodia.com\/topicos\/junta-de-supervision-fiscal\" target=\"_self\" rel title=\"https:\/\/www.elnuevodia.com\/topicos\/junta-de-supervision-fiscal\">Junta de Supervisi\u00f3n Fiscal<\/a> (JSF) reconsider\u00f3 su postura sobre el ajuste por inflaci\u00f3n del Cr\u00e9dito por Trabajo (EITC) para el a\u00f1o contributivo 2025 y se mostr\u00f3 receptiva a que la modificaci\u00f3n que beneficiar\u00eda a miles de contribuyentes pueda aplicarse.<\/p>\n<p>En una carta enviada este viernes al secretario del <a href=\"https:\/\/www.elnuevodia.com\/topicos\/departamento-de-hacienda\" target=\"_self\" rel title=\"https:\/\/www.elnuevodia.com\/topicos\/departamento-de-hacienda\">Departamento de Hacienda<\/a>, \u00c1ngel Pantoja Rodr\u00edguez, el director ejecutivo de la JSF, Robert F. Mujica, inform\u00f3 que la carta circular que hab\u00eda rechazada en octubre de 2025 ahora queda \u201caprobado con observaciones\u201d.<\/p>\n<p><b>La Junta Fiscal explic\u00f3 que reconsider\u00f3 su decisi\u00f3n luego de enterarse de un acuerdo entre el Tesoro federal y el gobierno de Puerto Rico que define los par\u00e1metros para financiar el EITC, y reconoci\u00f3 que su rechazo pod\u00eda afectar ese acuerdo.<\/b><\/p>\n<p>\u201cDebido a que el acuerdo no fue compartido previamente con nosotros, la (JSF) desconoc\u00eda que su decisi\u00f3n pod\u00eda afectar potencialmente el acuerdo. Por lo tanto, tras la reconsideraci\u00f3n, la (JSF) designa la Reglamentaci\u00f3n Propuesta como \u2018Aprobada con Observaciones\u2019\u201d, reza la carta de Mujica.<\/p>\n<p><h4><b>Beneficio muy oneroso<\/b><\/h4>\n<\/p>\n<p>A pesar de que la JSF reconoci\u00f3 que el EITC es una de las herramientas m\u00e1s efectivas para aumentar la participaci\u00f3n laboral en el sector formal y reducir la pobreza, <b>se\u00f1al\u00f3 que el programa se convirti\u00f3 en uno de los gastos m\u00e1s grandes del gobierno.<\/b><\/p>\n<p>Originalmente, se pretend\u00eda que el costo total del programa fuera de $800 millones, compartido entre el gobierno federal ($600 millones) y el Fondo General de Puerto Rico ($200 millones). Sin embargo, el costo real en el primer a\u00f1o excedi\u00f3 $1,000 millones, y el programa ha seguido creciendo dram\u00e1ticamente desde entonces. <\/p>\n<p><b>El costo total en 2025 exceder\u00e1 $1,500 millones, con el gobierno local financiando m\u00e1s de la mitad del costo total, o casi $800 millones, seg\u00fan la JSF.<\/b><\/p>\n<p>\u201cLos costos del EITC son una combinaci\u00f3n de decisiones administrativas y de fiscalizaci\u00f3n, y la tendencia de aumentos continuos debe atenderse. El programa ahora es uno de los EITC m\u00e1s costosos del pa\u00eds, tanto en costo total como per c\u00e1pita. <b>Tambi\u00e9n representa uno de los gastos m\u00e1s significativos del Gobierno, costando m\u00e1s que las asignaciones del Fondo General al Departamento de Salud y a la Universidad de Puerto Rico, y casi tanto como el programa completo de Medicaid\u201d, se\u00f1ala el documento.<\/b><\/p>\n<p><b>La JSF estima que el ajuste por inflaci\u00f3n propuesto para 2025 aumentar\u00eda el costo del programa en $72 millones adicionales sobre el nivel de 2024. <\/b> <\/p>\n<p>Con ese ajuste, m\u00e1s el aumento de participantes, el costo del EITC para el Fondo General podr\u00eda subir a $783 millones para el a\u00f1o contributivo 2025. <\/p>\n<p>Se estima que, este a\u00f1o, unos 725,000 contribuyentes soliciten el cr\u00e9dito.<\/p>\n<p>La JSF recomend\u00f3 apretar la fiscalizaci\u00f3n, mencionando mecanismos como visitas de \u201cdue diligence\u201d y \u201cknock and talk\u201d, para reducir fraude o mala pr\u00e1ctica.<\/p>\n<p>La semana pasada, la organizaci\u00f3n Espacios Abiertos denunci\u00f3 que no aplicar el ajuste por inflaci\u00f3n al EITC, sobre 7,000 personas <a href=\"https:\/\/www.elnuevodia.com\/negocios\/economia\/notas\/madres-solteras-las-que-mas-se-afectara-con-decision-de-la-junta-fiscal-sobre-el-credito-por-trabajo-segun-estudio\/\" target=\"_blank\" rel=\"noreferrer\" title=\"https:\/\/www.elnuevodia.com\/negocios\/economia\/notas\/madres-solteras-las-que-mas-se-afectara-con-decision-de-la-junta-fiscal-sobre-el-credito-por-trabajo-segun-estudio\/\">no recibir\u00edan el alivio en su totalidad<\/a>, quedando con ingresos anuales por debajo del umbral de pobreza.<\/p>\n<\/div>\n\n    <div class=\"xs_social_share_widget xs_share_url after_content \t\tmain_content  wslu-style-1 wslu-share-box-shaped wslu-fill-colored wslu-none wslu-share-horizontal wslu-theme-font-no wslu-main_content\">\n\n\t\t\n        <ul>\n\t\t\t        <\/ul>\n    <\/div> \n","protected":false},"excerpt":{"rendered":"<p>La Junta de Supervisi\u00f3n Fiscal (JSF) reconsider\u00f3 su postura sobre el ajuste por inflaci\u00f3n del Cr\u00e9dito por Trabajo (EITC) para el a\u00f1o contributivo 2025 y se mostr\u00f3 receptiva a que la modificaci\u00f3n que beneficiar\u00eda a miles de contribuyentes pueda aplicarse. En una carta enviada este viernes al secretario del Departamento de Hacienda, \u00c1ngel Pantoja Rodr\u00edguez<\/p>\n","protected":false},"author":2,"featured_media":20050,"comment_status":"open","ping_status":"open","sticky":false,"template":"","format":"standard","meta":{"om_disable_all_campaigns":false,"_monsterinsights_skip_tracking":false,"_monsterinsights_sitenote_active":false,"_monsterinsights_sitenote_note":"","_monsterinsights_sitenote_category":0,"footnotes":""},"categories":[5],"tags":[],"class_list":["post-20053","post","type-post","status-publish","format-standard","has-post-thumbnail","hentry","category-negocios"],"aioseo_notices":[],"_links":{"self":[{"href":"https:\/\/aleeknews.com\/4l33k5\/wp-json\/wp\/v2\/posts\/20053","targetHints":{"allow":["GET"]}}],"collection":[{"href":"https:\/\/aleeknews.com\/4l33k5\/wp-json\/wp\/v2\/posts"}],"about":[{"href":"https:\/\/aleeknews.com\/4l33k5\/wp-json\/wp\/v2\/types\/post"}],"author":[{"embeddable":true,"href":"https:\/\/aleeknews.com\/4l33k5\/wp-json\/wp\/v2\/users\/2"}],"replies":[{"embeddable":true,"href":"https:\/\/aleeknews.com\/4l33k5\/wp-json\/wp\/v2\/comments?post=20053"}],"version-history":[{"count":0,"href":"https:\/\/aleeknews.com\/4l33k5\/wp-json\/wp\/v2\/posts\/20053\/revisions"}],"wp:featuredmedia":[{"embeddable":true,"href":"https:\/\/aleeknews.com\/4l33k5\/wp-json\/wp\/v2\/media\/20050"}],"wp:attachment":[{"href":"https:\/\/aleeknews.com\/4l33k5\/wp-json\/wp\/v2\/media?parent=20053"}],"wp:term":[{"taxonomy":"category","embeddable":true,"href":"https:\/\/aleeknews.com\/4l33k5\/wp-json\/wp\/v2\/categories?post=20053"},{"taxonomy":"post_tag","embeddable":true,"href":"https:\/\/aleeknews.com\/4l33k5\/wp-json\/wp\/v2\/tags?post=20053"}],"curies":[{"name":"wp","href":"https:\/\/api.w.org\/{rel}","templated":true}]}}