{"id":20051,"date":"2026-02-14T18:44:10","date_gmt":"2026-02-14T17:44:10","guid":{"rendered":"https:\/\/aleeknews.com\/4l33k5\/2026\/02\/14\/las-madres-solteras-llevaran-la-peor-parte-con-nueva-decision-de-la-junta-fiscal\/"},"modified":"2026-02-14T18:44:10","modified_gmt":"2026-02-14T17:44:10","slug":"las-madres-solteras-llevaran-la-peor-parte-con-nueva-decision-de-la-junta-fiscal","status":"publish","type":"post","link":"https:\/\/aleeknews.com\/4l33k5\/2026\/02\/14\/las-madres-solteras-llevaran-la-peor-parte-con-nueva-decision-de-la-junta-fiscal\/","title":{"rendered":"Las madres solteras llevar\u00e1n la peor parte con nueva decisi\u00f3n de la Junta Fiscal"},"content":{"rendered":"<div>\n<p>Los contribuyentes que se benefician del Cr\u00e9dito por Ingreso Devengado, tambi\u00e9n conocido como el Cr\u00e9dito por Trabajo (EITC, en ingl\u00e9s) recibir\u00e1n este a\u00f1o menos dinero, una realidad que afectar\u00e1 m\u00e1s dram\u00e1ticamente a las madres solteras.<\/p>\n<p>Un an\u00e1lisis de la entidad sin fines de lucro <a href=\"https:\/\/www.elnuevodia.com\/topicos\/espacios-abiertos\/\" target=\"_blank\" rel=\"noreferrer\" title=\"https:\/\/www.elnuevodia.com\/topicos\/espacios-abiertos\/\">Espacios Abiertos<\/a> encontr\u00f3 que al denegar que el cr\u00e9dito se ajuste seg\u00fan la tasa de inflaci\u00f3n, unas 7,475 personas no lograr\u00e1n rebasar el umbral de pobreza y por ende, no se beneficiar\u00edan plenamente del incentivo. <\/p>\n<p><b>Espacios Abiertos present\u00f3 este martes un an\u00e1lisis del impacto pr\u00e1ctico de <\/b><a href=\"https:\/\/www.elnuevodia.com\/noticias\/locales\/notas\/junta-de-supervision-fiscal-deniega-ajuste-por-inflacion-al-credito-por-trabajo\/\" target=\"_self\" rel title=\"https:\/\/www.elnuevodia.com\/noticias\/locales\/notas\/junta-de-supervision-fiscal-deniega-ajuste-por-inflacion-al-credito-por-trabajo\/\"><b>la decisi\u00f3n que tom\u00f3 la Junta de Supervisi\u00f3n Fiscal<\/b><\/a><b> (JSF) en octubre del a\u00f1o pasado, cuando determin\u00f3 que no deb\u00eda aplicarse un ajuste por inflaci\u00f3n a la asignaci\u00f3n presupuestaria para el desembolso del EITC. <\/b>Esto implica que el cr\u00e9dito por trabajo quedar\u00e1 igual que en el a\u00f1o anterior. <\/p>\n<p>Daniel Santamar\u00eda Ots, codirector ejecutivo de Espacios Abiertos, explic\u00f3 que los contribuyentes que reciben el EITC <b>no ver\u00e1n -en sus cheques- aproximadamente $100 adicionales que les hubieran correspondido con el ajuste por inflaci\u00f3n.<\/b> <b>En el caso de los contribuyentes con dependientes, el dinero que dejar\u00e1n de recibir es mucho m\u00e1s.<\/b><\/p>\n<p>Y la mayor\u00eda de los contribuyentes que rinden planillas solos y reclaman m\u00e1s de un dependiente, son mujeres, subraya el estudio.<\/p>\n<p>\u201cCuando miramos qui\u00e9n se ve m\u00e1s afectado, son familias con dos dependientes o m\u00e1s y contribuyentes individuales\u201d, dijo Santamar\u00eda Ots. \u201cEsta (decisi\u00f3n) afecta de manera importante a la mujer. En Puerto Rico, el 50% de las planillas son radicadas por hombres y el 50% son radicadas por mujeres.<b> Pero el 60% de las planillas individuales son radicadas por mujeres y el 80% de las planillas con dos dependientes a su cargo est\u00e1n radicadas por mujeres. <\/b>Cuando podemos cuantificar los datos de(l Departamento de) Hacienda de, a qui\u00e9nes afectan esto m\u00e1s, es a los contribuyentes independientes y, sin duda, la carga de la mujer es la m\u00e1s afectada por esta decisi\u00f3n\u201d.<\/p>\n<p>La entidad estim\u00f3 que, si la JSF hubiera aprobado el ajuste por inflaci\u00f3n para la asignaci\u00f3n presupuestaria que garantiza el EITC, <b>el total de personas que hubieran superado el umbral de la pobreza habr\u00eda aumentado, de 136,990 personas a 144,465 personas. <\/b><\/p>\n<p>\u201cEn Puerto Rico, el cr\u00e9dito por trabajo tiene un alcance amplio y un efecto tangible en los ingresos de los hogares. Durante el a\u00f1o contributivo 2024, el cr\u00e9dito por trabajo benefici\u00f3 a 734,619 familias o seis de cada 10 hogares que radicaron planilla, con un cr\u00e9dito promedio de $1,974 por familia\u201d, detall\u00f3 Santamar\u00eda Ots.<\/p>\n<p><h4><b>Efecto adverso de $72 millones<\/b><\/h4>\n<\/p>\n<p><b>Seg\u00fan la JSF, la asignaci\u00f3n presupuestaria para otorgar un cr\u00e9dito ajustado a la inflaci\u00f3n, hubiera significado una asignaci\u00f3n de $72 millones. <\/b>Santamar\u00eda Ots explic\u00f3 en conferencia de prensa que Puerto Rico retom\u00f3 el EITC en 2018 y ya para 2021, el gobierno federal destin\u00f3 fondos para el mismo.<\/p>\n<p>El mecanismo, seg\u00fan estudios en el tema, impulsa la radicaci\u00f3n de planillas y la entrada de contribuyentes de bajos ingresos a la econom\u00eda formal. <\/p>\n<p>El cr\u00e9dito por trabajo supone una asignaci\u00f3n de $1,450 millones, pagado -en parte- por el gobierno estatal y fondos federales. <\/p>\n<p>En octubre del a\u00f1o pasado, sin embargo, la JSF cerr\u00f3 el paso a unas gu\u00edas que hubieran incrementado el EITC para las planillas de este ciclo contributivo. Eso significa que la asignaci\u00f3n presupuestaria ser\u00e1 la misma que el a\u00f1o pasado. <b>El EITC puede representar sobre $1,700 para un trabajador con un dependiente, y hubiera sido m\u00e1s con el ajuste proyectado, reiter\u00f3 la organizaci\u00f3n.<\/b><\/p>\n<p>\u201cEstamos hablando de una ayuda importante a las personas que trabajan en el sector formal\u201d, dijo Santamar\u00eda Ots. \u201cEs un incentivo para trabajar en la formalidad en Puerto Rico. Seis de cada 10 planillas, o 735,000 contribuyentes, recibieron el cr\u00e9dito por trabajo\u201d.<\/p>\n<p>Wilmari de Jes\u00fas, analista de pol\u00edtica p\u00fablica de Espacios Abiertos, dijo que en el contexto de la discusi\u00f3n de una reforma contributiva, o cambios contributivos a las escalas o <i>brackets<\/i> de los contribuyentes, \u201cnecesitamos un sistema que refleje ese cambio\u201d.<\/p>\n<p>\u201cDentro del retraso que se da en ese proceso de cambio en las tasas contributivas, o ese an\u00e1lisis en el cambio de las tasas y la aprobaci\u00f3n de este nuevo incentivo que se dar\u00e1 a las familias (el cheque \u00fanico), el cr\u00e9dito por trabajo va paralelo\u201d, dijo De Jes\u00fas. <b>\u201cEs una medida que hemos podido evaluar a trav\u00e9s de los a\u00f1os que sabemos que funciona, que atiende a este grupo que m\u00e1s lo necesita\u201d.<\/b><\/p>\n<p>Ataveyra Medina Hern\u00e1ndez, portavoz de Espacios Abiertos, dijo, por su parte, que solicitaron una reuni\u00f3n a la JSF y a la Asamblea Legislativa \u201cpara profundizar en el an\u00e1lisis y entrar en una conversaci\u00f3n de an\u00e1lisis econ\u00f3mico porque la ley establece que se har\u00e1 un ajuste anual por inflaci\u00f3n. Entendemos que debe existir una expresi\u00f3n legislativa para denegar el ajuste por inflaci\u00f3n, m\u00e1s all\u00e1 de la expresi\u00f3n de la (JSF) en octubre de 2025\u201d.<\/p>\n<\/div>\n\n    <div class=\"xs_social_share_widget xs_share_url after_content \t\tmain_content  wslu-style-1 wslu-share-box-shaped wslu-fill-colored wslu-none wslu-share-horizontal wslu-theme-font-no wslu-main_content\">\n\n\t\t\n        <ul>\n\t\t\t        <\/ul>\n    <\/div> \n","protected":false},"excerpt":{"rendered":"<p>Los contribuyentes que se benefician del Cr\u00e9dito por Ingreso Devengado, tambi\u00e9n conocido como el Cr\u00e9dito por Trabajo (EITC, en ingl\u00e9s) recibir\u00e1n este a\u00f1o menos dinero, una realidad que afectar\u00e1 m\u00e1s dram\u00e1ticamente a las madres solteras. Un an\u00e1lisis de la entidad sin fines de lucro Espacios Abiertos encontr\u00f3 que al denegar que el cr\u00e9dito se ajuste<\/p>\n","protected":false},"author":2,"featured_media":20052,"comment_status":"open","ping_status":"open","sticky":false,"template":"","format":"standard","meta":{"om_disable_all_campaigns":false,"_monsterinsights_skip_tracking":false,"_monsterinsights_sitenote_active":false,"_monsterinsights_sitenote_note":"","_monsterinsights_sitenote_category":0,"footnotes":""},"categories":[5],"tags":[],"class_list":["post-20051","post","type-post","status-publish","format-standard","has-post-thumbnail","hentry","category-negocios"],"aioseo_notices":[],"_links":{"self":[{"href":"https:\/\/aleeknews.com\/4l33k5\/wp-json\/wp\/v2\/posts\/20051","targetHints":{"allow":["GET"]}}],"collection":[{"href":"https:\/\/aleeknews.com\/4l33k5\/wp-json\/wp\/v2\/posts"}],"about":[{"href":"https:\/\/aleeknews.com\/4l33k5\/wp-json\/wp\/v2\/types\/post"}],"author":[{"embeddable":true,"href":"https:\/\/aleeknews.com\/4l33k5\/wp-json\/wp\/v2\/users\/2"}],"replies":[{"embeddable":true,"href":"https:\/\/aleeknews.com\/4l33k5\/wp-json\/wp\/v2\/comments?post=20051"}],"version-history":[{"count":0,"href":"https:\/\/aleeknews.com\/4l33k5\/wp-json\/wp\/v2\/posts\/20051\/revisions"}],"wp:featuredmedia":[{"embeddable":true,"href":"https:\/\/aleeknews.com\/4l33k5\/wp-json\/wp\/v2\/media\/20052"}],"wp:attachment":[{"href":"https:\/\/aleeknews.com\/4l33k5\/wp-json\/wp\/v2\/media?parent=20051"}],"wp:term":[{"taxonomy":"category","embeddable":true,"href":"https:\/\/aleeknews.com\/4l33k5\/wp-json\/wp\/v2\/categories?post=20051"},{"taxonomy":"post_tag","embeddable":true,"href":"https:\/\/aleeknews.com\/4l33k5\/wp-json\/wp\/v2\/tags?post=20051"}],"curies":[{"name":"wp","href":"https:\/\/api.w.org\/{rel}","templated":true}]}}