{"id":20037,"date":"2026-02-14T18:43:36","date_gmt":"2026-02-14T17:43:36","guid":{"rendered":"https:\/\/aleeknews.com\/4l33k5\/2026\/02\/14\/controlado-incendio-registrado-en-refineria-de-la-habana-2\/"},"modified":"2026-02-14T18:43:36","modified_gmt":"2026-02-14T17:43:36","slug":"controlado-incendio-registrado-en-refineria-de-la-habana-2","status":"publish","type":"post","link":"https:\/\/aleeknews.com\/4l33k5\/2026\/02\/14\/controlado-incendio-registrado-en-refineria-de-la-habana-2\/","title":{"rendered":"Controlado incendio registrado en refiner\u00eda de La Habana"},"content":{"rendered":"<div>\n<p> La Habana- El incendio registrado este viernes en las instalaciones de la refiner\u00eda \u00d1ico L\u00f3pez, en La Habana, fue controlado por el cuerpo de bomberos de la capital sin que hasta el momento se reporten da\u00f1os importantes ni heridos, seg\u00fan medios oficiales. <\/p>\n<p>El Ministerio de Energ\u00eda y Minas asegur\u00f3 que sobre las 8:20 p.m., hora local, en redes sociales que el incendio hab\u00eda sido controlado poco m\u00e1s de una hora despu\u00e9s de iniciarse. <\/p>\n<p>Por su parte, el director de la instalaci\u00f3n, Maikel David Cabrera, se\u00f1al\u00f3 a los medios estatales que el siniestro ocurri\u00f3 en un almac\u00e9n de productos qu\u00edmicos \u201cen desuso\u201d y que las \u201cllamas no alcanzaron dep\u00f3sito de combustible alguno\u201d ni se extendieron a otras \u00e1reas.<\/p>\n<div data-oembed-type=\"twitter\">\n<blockquote>\n<p lang=\"es\" dir=\"ltr\">Controlado incendio que ocurri\u00f3 esta tarde en uno de los almacenes ubicado en la Refiner\u00eda &#8220;\u00d1ico L\u00f3pez&#8221;<br \/>Se investigan las causas.<\/p>\n<p>\u2014 Ministerio de Energ\u00eda y Minas de Cuba \ud83c\udde8\ud83c\uddfa (@EnergiaMinasCub) <a href=\"https:\/\/twitter.com\/EnergiaMinasCub\/status\/2022420543790870665?ref_src=twsrc%5Etfw\">February 13, 2026<\/a><\/p><\/blockquote>\n<\/div>\n<p>Cabrera a\u00f1adi\u00f3 que la refiner\u00eda trabaja con normalidad despu\u00e9s del incidente. Por el momento, las autoridades cubanas no han informado las causas del incendio. <\/p>\n<p><b>La \u00d1ico L\u00f3pez es una de las tres refiner\u00edas de Cuba.<\/b> Se trata de una antigua instalaci\u00f3n energ\u00e9tica que fue nacionalizada en 1960 y cuenta con capacidad para procesar tanto el pesado crudo nacional como petr\u00f3leo importado. <\/p>\n<p>No obstante, esta infraestructura arrastra problemas de a\u00f1os en el \u00e1mbito t\u00e9cnico. Se ha advertido adem\u00e1s de su proximidad a zonas densamente pobladas, con el riesgo que ello conlleva, y del impacto de sus vertidos en el ecosistema de la bah\u00eda. <\/p>\n<p>El incendio se produce en plena crisis energ\u00e9tica en Cuba. Desde mediados de 2024 la isla sufre prolongados apagones diarios, que se han intensificado en los \u00faltimos meses, por las frecuentes aver\u00edas de sus centrales termoel\u00e9ctricas y la falta de divisas para importar suficiente combustible. <\/p>\n<div>\n<figure><picture><source media=\"(max-width: 375px)\" ><source media=\"(max-width: 767px)\" ><source media=\"(max-width: 1023px)\" ><source ><img src=\"https:\/\/www.elnuevodia.com\/resizer\/v2\/XGHZMR65RBALREZYTI457Q6DOQ.jpg?auth=2ec338cc636fdba420cb5f6613b0dfb1d6c74f2c91b1d1413c9da7d043581f7b&#038;quality=75&#038;width=829&#038;smart=true\" alt=\"AME4813. LA HABANA (CUBA), 13\/02\/2026.- Fotograf\u00eda tomada a trav\u00e9s de rastreo de redes de un incendio en las instalaciones de la refiner\u00eda \u00d1ico L\u00f3pez este viernes, en La Habana (Cuba). EFE\/ Rastreo de Redes \/ \/SOLO USO EDITORIAL\/ SOLO DISPONIBLE PARA ILUSTRAR LA NOTICIA QUE ACOMPA\u00d1A (CR\u00c9DITO OBLIGATORIO)\n\" loading=\"eager\" fetchpriority=\"high\" decoding=\"sync\"><\/picture><figcaption>AME4813. LA HABANA (CUBA), 13\/02\/2026.- Fotograf\u00eda tomada a trav\u00e9s de rastreo de redes de un incendio en las instalaciones de la refiner\u00eda \u00d1ico L\u00f3pez este viernes, en La Habana (Cuba). EFE\/ Rastreo de Redes \/ \/SOLO USO EDITORIAL\/ SOLO DISPONIBLE PARA ILUSTRAR LA NOTICIA QUE ACOMPA\u00d1A (CR\u00c9DITO OBLIGATORIO)<br \/>\n (RASTREO DE REDES)<\/figcaption><\/figure>\n<\/div>\n<p>Estados Unidos cort\u00f3 a principios de enero los env\u00edos de crudo venezolano al pa\u00eds y tres semanas m\u00e1s tarde amenaz\u00f3 con aranceles a los pa\u00edses que suministrasen petr\u00f3leo a la isla. <\/p>\n<p>Cuba no es ajena a los incendios en instalaciones petroleras. <b>En agosto de 2022 la base de supertanqueros de combustible de la provincia de Matanzas (occidente), la principal infraestructura de reservas estrat\u00e9gicas del pa\u00eds ardi\u00f3 en llamas tras la ca\u00edda de un rayo. <\/b><\/p>\n<p>La isla tard\u00f3 una semana en controlar el incendio, que se convirti\u00f3 en el mayor desastre industrial en la historia reciente del pa\u00eds y se cobr\u00f3 la vida de 17 personas. El fuego da\u00f1\u00f3 por completo la estructura de hasta cuatro tanques -de un total de ocho- con una capacidad de 50,000 metros c\u00fabicos cada uno. <\/p>\n<\/div>\n\n    <div class=\"xs_social_share_widget xs_share_url after_content \t\tmain_content  wslu-style-1 wslu-share-box-shaped wslu-fill-colored wslu-none wslu-share-horizontal wslu-theme-font-no wslu-main_content\">\n\n\t\t\n        <ul>\n\t\t\t        <\/ul>\n    <\/div> \n","protected":false},"excerpt":{"rendered":"<p>La Habana- El incendio registrado este viernes en las instalaciones de la refiner\u00eda \u00d1ico L\u00f3pez, en La Habana, fue controlado por el cuerpo de bomberos de la capital sin que hasta el momento se reporten da\u00f1os importantes ni heridos, seg\u00fan medios oficiales. El Ministerio de Energ\u00eda y Minas asegur\u00f3 que sobre las 8:20 p.m., hora<\/p>\n","protected":false},"author":2,"featured_media":20034,"comment_status":"open","ping_status":"open","sticky":false,"template":"","format":"standard","meta":{"om_disable_all_campaigns":false,"_monsterinsights_skip_tracking":false,"_monsterinsights_sitenote_active":false,"_monsterinsights_sitenote_note":"","_monsterinsights_sitenote_category":0,"footnotes":""},"categories":[10],"tags":[],"class_list":["post-20037","post","type-post","status-publish","format-standard","has-post-thumbnail","hentry","category-mundo"],"aioseo_notices":[],"_links":{"self":[{"href":"https:\/\/aleeknews.com\/4l33k5\/wp-json\/wp\/v2\/posts\/20037","targetHints":{"allow":["GET"]}}],"collection":[{"href":"https:\/\/aleeknews.com\/4l33k5\/wp-json\/wp\/v2\/posts"}],"about":[{"href":"https:\/\/aleeknews.com\/4l33k5\/wp-json\/wp\/v2\/types\/post"}],"author":[{"embeddable":true,"href":"https:\/\/aleeknews.com\/4l33k5\/wp-json\/wp\/v2\/users\/2"}],"replies":[{"embeddable":true,"href":"https:\/\/aleeknews.com\/4l33k5\/wp-json\/wp\/v2\/comments?post=20037"}],"version-history":[{"count":0,"href":"https:\/\/aleeknews.com\/4l33k5\/wp-json\/wp\/v2\/posts\/20037\/revisions"}],"wp:featuredmedia":[{"embeddable":true,"href":"https:\/\/aleeknews.com\/4l33k5\/wp-json\/wp\/v2\/media\/20034"}],"wp:attachment":[{"href":"https:\/\/aleeknews.com\/4l33k5\/wp-json\/wp\/v2\/media?parent=20037"}],"wp:term":[{"taxonomy":"category","embeddable":true,"href":"https:\/\/aleeknews.com\/4l33k5\/wp-json\/wp\/v2\/categories?post=20037"},{"taxonomy":"post_tag","embeddable":true,"href":"https:\/\/aleeknews.com\/4l33k5\/wp-json\/wp\/v2\/tags?post=20037"}],"curies":[{"name":"wp","href":"https:\/\/api.w.org\/{rel}","templated":true}]}}