{"id":20031,"date":"2026-02-14T18:43:39","date_gmt":"2026-02-14T17:43:39","guid":{"rendered":"https:\/\/aleeknews.com\/4l33k5\/2026\/02\/14\/congreso-de-peru-debate-el-martes-mociones-para-destituir-a-presidente-interino\/"},"modified":"2026-02-14T18:43:39","modified_gmt":"2026-02-14T17:43:39","slug":"congreso-de-peru-debate-el-martes-mociones-para-destituir-a-presidente-interino","status":"publish","type":"post","link":"https:\/\/aleeknews.com\/4l33k5\/2026\/02\/14\/congreso-de-peru-debate-el-martes-mociones-para-destituir-a-presidente-interino\/","title":{"rendered":"Congreso de Per\u00fa debate el martes mociones para destituir a presidente interino"},"content":{"rendered":"<div>\n<p><b>Lima-<\/b> El Congreso de <a href=\"https:\/\/www.elnuevodia.com\/topicos\/peru\/\" target=\"_blank\" rel=\"noreferrer\" title=\"https:\/\/www.elnuevodia.com\/topicos\/peru\/\"><b>Per\u00fa<\/b><\/a> celebrar\u00e1 el pr\u00f3ximo martes el pleno extraordinario para debatir y votar una serie de mociones que buscan destituir al presidente interino del pa\u00eds, Jos\u00e9 Jer\u00ed, que asumi\u00f3 el cargo de manera transitoria en octubre, tras la destituci\u00f3n de su predecesora, Dina Boluarte (2022-2025). <\/p>\n<p><b>La sesi\u00f3n extraordinaria fue convocada por el presidente encargado del Congreso, el fujimorista Fernando Rospigliosi, tras anunciar que hab\u00edan sido validadas las 78 firmas reunidas por los congresistas para realizar este pleno en mitad del periodo de receso en el que se encuentra el Legislativo peruano. <\/b><\/p>\n<p>En su corto mandato asumido en su condici\u00f3n de presidente del Congreso en el momento de la destituci\u00f3n de Boluarte, Jer\u00ed se ha visto envuelto en varias pol\u00e9micas por encuentros semiclandestinos con empresarios chinos contratistas del Estado y por las contrataciones de j\u00f3venes funcionarias que previamente se hab\u00edan reunido con \u00e9l en el Palacio de Gobierno. <\/p>\n<p>Por estos motivos, desde hace un par de semanas, son varios los partidos de distintas ideolog\u00edas que han expresado su determinaci\u00f3n en destituir al presidente interino y finalmente este jueves se consiguieron las firmas necesarias. <\/p>\n<p>El \u00fanico partido que se ha negado en bloque a apoyar la celebraci\u00f3n de este pleno extraordinario es el fujimorismo, que ha seguido la directriz de su l\u00edder y candidata presidencial por cuarta vez Keiko Fujimori, hija y heredera pol\u00edtica del expresidente <a href=\"https:\/\/www.elnuevodia.com\/topicos\/alberto-fujimori\/\" target=\"_blank\" rel=\"noreferrer\" title=\"https:\/\/www.elnuevodia.com\/topicos\/alberto-fujimori\/\"><b>Alberto Fujimori<\/b><\/a> (1990-2000), quien ha optado por respaldar a Jer\u00ed. <\/p>\n<p><b>Las mociones de censura contra Jer\u00ed plantean destituirlo como presidente del Parlamento<\/b>, para lo que hace falta la mitad m\u00e1s uno de los votos, lo que autom\u00e1ticamente le har\u00eda perder su condici\u00f3n de presidente transitorio de la Rep\u00fablica. <\/p>\n<div>\n<p><b>1 \/ 6 | <\/b><span> Per\u00fa dice adi\u00f3s a Alberto Fujimori. Alberto Fujimori ser\u00e1 velado hasta el s\u00e1bado en el Ministerio de Cultura, donde unas 200 personas lo recibieron junto al primer ministro Gustavo Adrianz\u00e9n.<\/span><i> &#8211; Guadalupe Pardo<\/i><\/p>\n<\/div>\n<p>Si bien en un inicio Rospigliosi sosten\u00eda que para destituirlo se requer\u00edan los votos de los tercios de la c\u00e1mara, conforme plantea la Constituci\u00f3n para presidentes elegidos por votaci\u00f3n popular, finamente ha anticipado que aceptar\u00e1 el resultado por la v\u00eda que requiere menos votos. <\/p>\n<p><b>La figura de Jer\u00ed, de 39 a\u00f1os, ha quedado debilitada en las \u00faltimas semanas al revelarse las reuniones semiclandestinas que ha mantenido con una serie de empresarios<\/b>, entre ellas una donde acudi\u00f3 encapuchado a un restaurante para no ser reconocido. <\/p>\n<p>Adem\u00e1s, varios medios locales han revelado que al menos cinco mujeres j\u00f3venes consiguieron contratos con el Estado tras reunirse con el presidente en la sede de la Presidencia. <\/p>\n<p>Per\u00fa, que ha tenido siete presidentes en los \u00faltimos diez a\u00f1os, est\u00e1 en camino a celebrar nuevas elecciones generales en el segundo trimestre de este a\u00f1o, en una elecci\u00f3n con 34 candidatos presidenciales. <\/p>\n<\/div>\n\n    <div class=\"xs_social_share_widget xs_share_url after_content \t\tmain_content  wslu-style-1 wslu-share-box-shaped wslu-fill-colored wslu-none wslu-share-horizontal wslu-theme-font-no wslu-main_content\">\n\n\t\t\n        <ul>\n\t\t\t        <\/ul>\n    <\/div> \n","protected":false},"excerpt":{"rendered":"<p>Lima- El Congreso de Per\u00fa celebrar\u00e1 el pr\u00f3ximo martes el pleno extraordinario para debatir y votar una serie de mociones que buscan destituir al presidente interino del pa\u00eds, Jos\u00e9 Jer\u00ed, que asumi\u00f3 el cargo de manera transitoria en octubre, tras la destituci\u00f3n de su predecesora, Dina Boluarte (2022-2025). La sesi\u00f3n extraordinaria fue convocada por el<\/p>\n","protected":false},"author":2,"featured_media":20032,"comment_status":"open","ping_status":"open","sticky":false,"template":"","format":"standard","meta":{"om_disable_all_campaigns":false,"_monsterinsights_skip_tracking":false,"_monsterinsights_sitenote_active":false,"_monsterinsights_sitenote_note":"","_monsterinsights_sitenote_category":0,"footnotes":""},"categories":[10],"tags":[],"class_list":["post-20031","post","type-post","status-publish","format-standard","has-post-thumbnail","hentry","category-mundo"],"aioseo_notices":[],"_links":{"self":[{"href":"https:\/\/aleeknews.com\/4l33k5\/wp-json\/wp\/v2\/posts\/20031","targetHints":{"allow":["GET"]}}],"collection":[{"href":"https:\/\/aleeknews.com\/4l33k5\/wp-json\/wp\/v2\/posts"}],"about":[{"href":"https:\/\/aleeknews.com\/4l33k5\/wp-json\/wp\/v2\/types\/post"}],"author":[{"embeddable":true,"href":"https:\/\/aleeknews.com\/4l33k5\/wp-json\/wp\/v2\/users\/2"}],"replies":[{"embeddable":true,"href":"https:\/\/aleeknews.com\/4l33k5\/wp-json\/wp\/v2\/comments?post=20031"}],"version-history":[{"count":0,"href":"https:\/\/aleeknews.com\/4l33k5\/wp-json\/wp\/v2\/posts\/20031\/revisions"}],"wp:featuredmedia":[{"embeddable":true,"href":"https:\/\/aleeknews.com\/4l33k5\/wp-json\/wp\/v2\/media\/20032"}],"wp:attachment":[{"href":"https:\/\/aleeknews.com\/4l33k5\/wp-json\/wp\/v2\/media?parent=20031"}],"wp:term":[{"taxonomy":"category","embeddable":true,"href":"https:\/\/aleeknews.com\/4l33k5\/wp-json\/wp\/v2\/categories?post=20031"},{"taxonomy":"post_tag","embeddable":true,"href":"https:\/\/aleeknews.com\/4l33k5\/wp-json\/wp\/v2\/tags?post=20031"}],"curies":[{"name":"wp","href":"https:\/\/api.w.org\/{rel}","templated":true}]}}