{"id":19995,"date":"2026-02-13T17:45:31","date_gmt":"2026-02-13T16:45:31","guid":{"rendered":"https:\/\/aleeknews.com\/4l33k5\/2026\/02\/13\/llaman-a-protestar-si-se-aprueban-enmiendas-al-codigo-electoral-el-pais-esta-jugando-su-vida-democratica\/"},"modified":"2026-02-13T17:45:31","modified_gmt":"2026-02-13T16:45:31","slug":"llaman-a-protestar-si-se-aprueban-enmiendas-al-codigo-electoral-el-pais-esta-jugando-su-vida-democratica","status":"publish","type":"post","link":"https:\/\/aleeknews.com\/4l33k5\/2026\/02\/13\/llaman-a-protestar-si-se-aprueban-enmiendas-al-codigo-electoral-el-pais-esta-jugando-su-vida-democratica\/","title":{"rendered":"Llaman a protestar si se aprueban enmiendas al C\u00f3digo Electoral: \u201cEl pa\u00eds est\u00e1 jugando su vida democr\u00e1tica\u201d"},"content":{"rendered":"<div>\n<p>De aprobarse en la <a href=\"https:\/\/www.elnuevodia.com\/topicos\/camara-de-representantes\/\" target=\"_self\" rel title=\"https:\/\/www.elnuevodia.com\/topicos\/camara-de-representantes\/\"><b>C\u00e1mara de Representantes<\/b><\/a> las enmiendas propuestas al <a href=\"https:\/\/www.elnuevodia.com\/topicos\/codigo-electoral\/\" target=\"_self\" rel title=\"https:\/\/www.elnuevodia.com\/topicos\/codigo-electoral\/\"><b>C\u00f3digo Electoral<\/b><\/a> y, luego, recibir la firma de la gobernadora <a href=\"https:\/\/www.elnuevodia.com\/topicos\/jenniffer-gonzalez\/\" target=\"_self\" rel title=\"https:\/\/www.elnuevodia.com\/topicos\/jenniffer-gonzalez\/\"><b>Jenniffer Gonz\u00e1lez<\/b><\/a>, el pueblo debe lanzarse a la calle y manifestase colectivamente por el \u201ccaos\u201d que se crear\u00eda en el sistema electoral, del que hubo peque\u00f1as dosis en los comicios generales de 2020 y 2024, afirmaron este martes los abogados <b>H\u00e9ctor Luis Acevedo<\/b> y <b>Julio Fontanet<\/b>.<\/p>\n<p>Ambos hicieron un llamamiento a la ciudadan\u00eda a expresarse en \u201cprotesta\u201d si el <a href=\"https:\/\/sutra.oslpr.org\/medidas\/158328\" target=\"_self\" rel title=\"https:\/\/sutra.oslpr.org\/medidas\/158328\"><b>Proyecto del Senado 717<\/b><\/a>, de la autor\u00eda del presidente <a href=\"https:\/\/www.elnuevodia.com\/topicos\/thomas-rivera-schatz\/\" target=\"_self\" rel title=\"https:\/\/www.elnuevodia.com\/topicos\/thomas-rivera-schatz\/\"><b>Thomas Rivera Schatz<\/b><\/a>, es convertido en ley. La medida ya fue aprobada en el <a href=\"https:\/\/www.elnuevodia.com\/topicos\/senado\/\" target=\"_self\" rel title=\"https:\/\/www.elnuevodia.com\/topicos\/senado\/\"><b>Senado<\/b> <\/a>y, al momento, es evaluada por la C\u00e1mara, que introducir\u00eda cambios adicionales para, por ejemplo, bajar a 50 a\u00f1os la edad para solicitar el voto adelantado, adelant\u00f3 el presidente de ese cuerpo, <a href=\"https:\/\/www.elnuevodia.com\/topicos\/carlos-johnny-mendez\/\" target=\"_self\" rel title=\"https:\/\/www.elnuevodia.com\/topicos\/carlos-johnny-mendez\/\"><b>Carlos \u201cJohnny\u201d M\u00e9ndez<\/b><\/a>.<\/p>\n<p>\u201cEl pa\u00eds est\u00e1 jugando su vida democr\u00e1tica y, si la C\u00e1mara no nos escucha y la gobernadora firma esta barbaridad, pues, nos queda la protesta civil, pac\u00edfica y combativa&#8230; <b>la gente decente de este pa\u00eds no se puede dejar robar unas elecciones as\u00ed\u201d<\/b>, afirm\u00f3 Acevedo, quien fue alcalde de San Juan y comisionado electoral del <a href=\"https:\/\/www.elnuevodia.com\/topicos\/ppd\/\" target=\"_self\" rel title=\"https:\/\/www.elnuevodia.com\/topicos\/ppd\/\"><b>Partido Popular Democr\u00e1tico<\/b><\/a> (PPD), en el que milita. <\/p>\n<p>Acevedo, a quien no se le concedi\u00f3 turno para deponer en la \u00fanica vista p\u00fablica que el Senado efectu\u00f3 para discutir el proyecto, ha denunciado que <b>los cambios propuestos abren la puerta al fraude<\/b>, particularmente, al ampliar el voto adelantado por correo sin la garant\u00eda del correo certificado y enviando papeletas \u201ca cualquier direcci\u00f3n\u201d. <\/p>\n<p>Adem\u00e1s, cuestiona c\u00f3mo la medida permitir\u00eda eliminar el anuncio preliminar de los resultados de las elecciones la noche del evento y que quiten 20 d\u00edas del tiempo para inscribirse. <\/p>\n<p>Fontanet se hizo eco de las preocupaciones de Acevedo.<\/p>\n<p><b>\u201cPienso que es importante crear conciencia de la importancia de este proyecto de ley, los problemas que va a causar y los problemas que va a seguir agravando que vienen de la ley del 2020, (cuando se aprob\u00f3 el C\u00f3digo Electoral vigente)\u201d<\/b>, puntualiz\u00f3 Fontanet, decano y catedr\u00e1tico de la <a href=\"https:\/\/derecho.inter.edu\/nuestra-facultad\/mensaje-del-decano\/\" target=\"_self\" rel title=\"https:\/\/derecho.inter.edu\/nuestra-facultad\/mensaje-del-decano\/\"><b>Facultad de Derecho de la Universidad Interamericana<\/b><\/a>.<\/p>\n<p>\u201cYa el pueblo ha demostrado su capacidad de que, cuando alguien no tiene legitimidad, o se comporta indebidamente, podemos sacarle\u201d, record\u00f3, en alusi\u00f3n a <a href=\"https:\/\/www.elnuevodia.com\/noticias\/locales\/notas\/ricardo-rossello-renuncia-como-gobernador-efectivo-el-2-de-agosto\/\" target=\"_self\" rel title=\"https:\/\/www.elnuevodia.com\/noticias\/locales\/notas\/ricardo-rossello-renuncia-como-gobernador-efectivo-el-2-de-agosto\/\"><b>la renuncia<\/b><\/a>, en verano de 2019, del entonces gobernador, <a href=\"https:\/\/www.elnuevodia.com\/topicos\/ricardo-rossello-nevares\/\" target=\"_self\" rel title=\"https:\/\/www.elnuevodia.com\/topicos\/ricardo-rossello-nevares\/\"><b>Ricardo Rossell\u00f3<\/b><\/a>, en medio de protestas masivas.<\/p>\n<p>A preguntas de <b>El Nuevo D\u00eda<\/b>, Acevedo dijo que ya llev\u00f3 su preocupaci\u00f3n y denuncia contra las enmiendas al C\u00f3digo Electoral al interior del PPD. Pero, cuando se le cuestion\u00f3 por qu\u00e9 no se ve\u00eda al liderato expresarse con la misma vehemencia suya, respondi\u00f3: \u201cCada cual tiene sus modos de acci\u00f3n\u201d. <\/p>\n<p>Una petici\u00f3n de entrevista sobre el tema al presidente del PPD, <a href=\"https:\/\/www.elnuevodia.com\/topicos\/pablo-jose-hernandez-rivera\/\" target=\"_self\" rel title=\"https:\/\/www.elnuevodia.com\/topicos\/pablo-jose-hernandez-rivera\/\"><b>Pablo Jos\u00e9 Hern\u00e1ndez Rivera<\/b><\/a>, fue referida al comisionado electoral, <b>Ernesto Gonz\u00e1lez Rodr\u00edguez<\/b>. <\/p>\n<p><b>\u201cYo creo que est\u00e1 en el r\u00e9cord la postura del PPD con respecto a estos se\u00f1alamientos\u201d<\/b>, dijo Gonz\u00e1lez Rodr\u00edguez, quien calific\u00f3 de \u201cpreocupante\u201d que los l\u00edderes legislativos dijeran p\u00fablicamente que aprobar\u00e1n la medida.<\/p>\n<p>Sobre la posibilidad de que el PPD participe de una manifestaci\u00f3n colectiva, el comisionado electoral sostuvo \u201cpudi\u00e9ramos dialogar con todos los partidos de oposici\u00f3n y los movimientos sociales para p\u00fablicamente expresarnos en contra\u201d.<\/p>\n<p>Acevedo reiter\u00f3, por su parte, que \u201clo \u00fanico que yo no voy a hacer es quedarme callado\u201d. <\/p>\n<p><b>\u201cEl silencio no es una alternativa y la resignaci\u00f3n que yo veo en muchas personas no es una alternativa\u201d<\/b>, sentenci\u00f3, aunque no quiso identificar a qui\u00e9nes ve resignados.<\/p>\n<div>\n<p><img decoding=\"async\" src=\"https:\/\/cloudfront-us-east-1.images.arcpublishing.com\/sandbox.gfrmedia\/MZDXLYMH2ZFP7IQ6SARZ7IY4WE.png\" alt=\"icon\">Referencia<\/p>\n<\/div>\n<\/div>\n\n    <div class=\"xs_social_share_widget xs_share_url after_content \t\tmain_content  wslu-style-1 wslu-share-box-shaped wslu-fill-colored wslu-none wslu-share-horizontal wslu-theme-font-no wslu-main_content\">\n\n\t\t\n        <ul>\n\t\t\t        <\/ul>\n    <\/div> \n","protected":false},"excerpt":{"rendered":"<p>De aprobarse en la C\u00e1mara de Representantes las enmiendas propuestas al C\u00f3digo Electoral y, luego, recibir la firma de la gobernadora Jenniffer Gonz\u00e1lez , el pueblo debe lanzarse a la calle y manifestase colectivamente por el \u201ccaos\u201d que se crear\u00eda en el sistema electoral, del que hubo peque\u00f1as dosis en los comicios generales de 2020<\/p>\n","protected":false},"author":2,"featured_media":19996,"comment_status":"open","ping_status":"open","sticky":false,"template":"","format":"standard","meta":{"om_disable_all_campaigns":false,"_monsterinsights_skip_tracking":false,"_monsterinsights_sitenote_active":false,"_monsterinsights_sitenote_note":"","_monsterinsights_sitenote_category":0,"footnotes":""},"categories":[6],"tags":[],"class_list":["post-19995","post","type-post","status-publish","format-standard","has-post-thumbnail","hentry","category-politica"],"aioseo_notices":[],"_links":{"self":[{"href":"https:\/\/aleeknews.com\/4l33k5\/wp-json\/wp\/v2\/posts\/19995","targetHints":{"allow":["GET"]}}],"collection":[{"href":"https:\/\/aleeknews.com\/4l33k5\/wp-json\/wp\/v2\/posts"}],"about":[{"href":"https:\/\/aleeknews.com\/4l33k5\/wp-json\/wp\/v2\/types\/post"}],"author":[{"embeddable":true,"href":"https:\/\/aleeknews.com\/4l33k5\/wp-json\/wp\/v2\/users\/2"}],"replies":[{"embeddable":true,"href":"https:\/\/aleeknews.com\/4l33k5\/wp-json\/wp\/v2\/comments?post=19995"}],"version-history":[{"count":0,"href":"https:\/\/aleeknews.com\/4l33k5\/wp-json\/wp\/v2\/posts\/19995\/revisions"}],"wp:featuredmedia":[{"embeddable":true,"href":"https:\/\/aleeknews.com\/4l33k5\/wp-json\/wp\/v2\/media\/19996"}],"wp:attachment":[{"href":"https:\/\/aleeknews.com\/4l33k5\/wp-json\/wp\/v2\/media?parent=19995"}],"wp:term":[{"taxonomy":"category","embeddable":true,"href":"https:\/\/aleeknews.com\/4l33k5\/wp-json\/wp\/v2\/categories?post=19995"},{"taxonomy":"post_tag","embeddable":true,"href":"https:\/\/aleeknews.com\/4l33k5\/wp-json\/wp\/v2\/tags?post=19995"}],"curies":[{"name":"wp","href":"https:\/\/api.w.org\/{rel}","templated":true}]}}