{"id":19951,"date":"2026-02-12T17:46:02","date_gmt":"2026-02-12T16:46:02","guid":{"rendered":"https:\/\/aleeknews.com\/4l33k5\/2026\/02\/12\/no-puedo-anunciar-un-producto-que-no-tengo-es-ilegal-el-programa-vivienda-joven-no-esta-disponible-todavia-en-la-banca\/"},"modified":"2026-02-12T17:46:02","modified_gmt":"2026-02-12T16:46:02","slug":"no-puedo-anunciar-un-producto-que-no-tengo-es-ilegal-el-programa-vivienda-joven-no-esta-disponible-todavia-en-la-banca","status":"publish","type":"post","link":"https:\/\/aleeknews.com\/4l33k5\/2026\/02\/12\/no-puedo-anunciar-un-producto-que-no-tengo-es-ilegal-el-programa-vivienda-joven-no-esta-disponible-todavia-en-la-banca\/","title":{"rendered":"\u201cNo puedo anunciar un producto que no tengo. Es ilegal\u201d: el programa Vivienda Joven no est\u00e1 disponible todav\u00eda en la banca"},"content":{"rendered":"<div>\n<div data-testid=\"global-header-test\" data-fusion-lazy-id=\"f0f5G41E11Y61Ck\">\n<hr>\n<p><span>Bolsa de valores <b>04:46 PM<\/b><\/span><\/p>\n<\/div>\n<div>\n<div data-fusion-lazy-id=\"f0f9tfiOw0362nv\">\n<div class>\n<p><a href=\"https:\/\/thetrustproject.org\/\"><img decoding=\"async\" src=\"https:\/\/www.elnuevodia.com\/pf\/resources\/v2\/icons\/trust-icon.svg?d=220\"><\/a><\/p>\n<div>\n<p>Noticia<\/p>\n<div>\n<p>Basado en hechos que el periodista haya observado y verificado de primera mano, o en informaci\u00f3n verificada que proviene de fuentes bien informadas.<\/p>\n<\/div>\n<\/div>\n<\/div>\n<div>\n<h2>Aunque la gobernadora Jenniffer Gonz\u00e1lez anunci\u00f3 la semana pasada que 27 instituciones estaban \u201cautorizadas\u201d, las casas hipotecarias esperan por la AFV para conocer los par\u00e1metros financieros del producto<\/h2>\n<div>\n<p>18 de junio de 2025 &#8211; 11:10 PM<\/p>\n<\/div>\n<div>\n<p><b>Archivo<\/b><\/p>\n<p>Esta historia fue publicada hace m\u00e1s de 7 meses.<\/p>\n<\/div>\n<\/div>\n<\/div>\n<div data-fusion-lazy-id=\"f0f8wxHIPTYNet\">\n<div><picture><source media=\"(max-width: 375px)\" ><source media=\"(max-width: 767px)\" ><source media=\"(max-width: 1023px)\" ><source ><\/picture><figcaption>\u00c1lvarez Barreto inform\u00f3 que la AFV ha recibido \u201ccerca de 1,700 llamadas\u201d desde que \u201cVivienda Joven\u201d se anunci\u00f3 el pasado 6 de junio. <span>(Shutterstock)<\/span><\/figcaption><\/div>\n<div>\n<p><img decoding=\"async\" alt=\"Sharon Minelli P\u00e9rez\" src=\"https:\/\/www.elnuevodia.com\/resizer\/v2\/https%3A%2F%2Fs3.amazonaws.com%2Farc-authors%2Fgfrmedia%2F8e50d93e-0a9f-40ca-bda3-a3fc69f705fa.png?auth=ca40016ef4aff5e1315ee2650a1e5df14a4ccd8bb305ec40f5454f7dd1dccc4a&#038;quality=75&#038;smart=true&#038;width=170&#038;height=147\"><\/p>\n<\/div>\n<div>\n<p><b>El programa de \u201c<\/b><a href=\"https:\/\/www.elnuevodia.com\/noticias\/gobierno\/notas\/comienza-el-programa-para-asistir-a-jovenes-en-la-compra-de-su-primer-hogar-y-el-gobierno-explica-los-detalles\/?cache=jpr9i\" target=\"_blank\" rel title=\"https:\/\/www.elnuevodia.com\/noticias\/gobierno\/notas\/comienza-el-programa-para-asistir-a-jovenes-en-la-compra-de-su-primer-hogar-y-el-gobierno-explica-los-detalles\/?cache=jpr9i\"><b>Vivienda Joven<\/b><\/a><b>\u201c, que garantizar\u00eda hipotecas al 5% de inter\u00e9s para personas de 21 a 35 a\u00f1os que cumplan ciertos requisitos, no est\u00e1 disponible todav\u00eda en la banca hipotecaria <\/b>porque estas instituciones esperan por una carta circular que la Autoridad para el Financiamiento de la Vivienda (<a href=\"https:\/\/www.elnuevodia.com\/topicos\/autoridad-para-el-financiamiento-de-la-vivienda\/\" target=\"_blank\" rel title=\"https:\/\/www.elnuevodia.com\/topicos\/autoridad-para-el-financiamiento-de-la-vivienda\/\">AFV<\/a>) emitir\u00e1 y que servir\u00e1 para comprobar si, en efecto, el producto puede ser viable. <\/p>\n<\/div>\n<\/div>\n<section>\n<header><span>Popular en la Comunidad<\/span><\/header>\n<\/section>\n<\/div>\n<\/div>\n\n    <div class=\"xs_social_share_widget xs_share_url after_content \t\tmain_content  wslu-style-1 wslu-share-box-shaped wslu-fill-colored wslu-none wslu-share-horizontal wslu-theme-font-no wslu-main_content\">\n\n\t\t\n        <ul>\n\t\t\t        <\/ul>\n    <\/div> \n","protected":false},"excerpt":{"rendered":"<p>Bolsa de valores 04:46 PM Noticia Basado en hechos que el periodista haya observado y verificado de primera mano, o en informaci\u00f3n verificada que proviene de fuentes bien informadas. Aunque la gobernadora Jenniffer Gonz\u00e1lez anunci\u00f3 la semana pasada que 27 instituciones estaban \u201cautorizadas\u201d, las casas hipotecarias esperan por la AFV para conocer los par\u00e1metros financieros<\/p>\n","protected":false},"author":2,"featured_media":19952,"comment_status":"open","ping_status":"open","sticky":false,"template":"","format":"standard","meta":{"om_disable_all_campaigns":false,"_monsterinsights_skip_tracking":false,"_monsterinsights_sitenote_active":false,"_monsterinsights_sitenote_note":"","_monsterinsights_sitenote_category":0,"footnotes":""},"categories":[5],"tags":[],"class_list":["post-19951","post","type-post","status-publish","format-standard","has-post-thumbnail","hentry","category-negocios"],"aioseo_notices":[],"_links":{"self":[{"href":"https:\/\/aleeknews.com\/4l33k5\/wp-json\/wp\/v2\/posts\/19951","targetHints":{"allow":["GET"]}}],"collection":[{"href":"https:\/\/aleeknews.com\/4l33k5\/wp-json\/wp\/v2\/posts"}],"about":[{"href":"https:\/\/aleeknews.com\/4l33k5\/wp-json\/wp\/v2\/types\/post"}],"author":[{"embeddable":true,"href":"https:\/\/aleeknews.com\/4l33k5\/wp-json\/wp\/v2\/users\/2"}],"replies":[{"embeddable":true,"href":"https:\/\/aleeknews.com\/4l33k5\/wp-json\/wp\/v2\/comments?post=19951"}],"version-history":[{"count":0,"href":"https:\/\/aleeknews.com\/4l33k5\/wp-json\/wp\/v2\/posts\/19951\/revisions"}],"wp:featuredmedia":[{"embeddable":true,"href":"https:\/\/aleeknews.com\/4l33k5\/wp-json\/wp\/v2\/media\/19952"}],"wp:attachment":[{"href":"https:\/\/aleeknews.com\/4l33k5\/wp-json\/wp\/v2\/media?parent=19951"}],"wp:term":[{"taxonomy":"category","embeddable":true,"href":"https:\/\/aleeknews.com\/4l33k5\/wp-json\/wp\/v2\/categories?post=19951"},{"taxonomy":"post_tag","embeddable":true,"href":"https:\/\/aleeknews.com\/4l33k5\/wp-json\/wp\/v2\/tags?post=19951"}],"curies":[{"name":"wp","href":"https:\/\/api.w.org\/{rel}","templated":true}]}}