{"id":19931,"date":"2026-02-12T17:45:21","date_gmt":"2026-02-12T16:45:21","guid":{"rendered":"https:\/\/aleeknews.com\/4l33k5\/2026\/02\/12\/primera-ministra-danesa-dice-que-no-se-negocia-sobre-soberania-tras-cambio-de-postura-de-trump-hacia-groenlandia\/"},"modified":"2026-02-12T17:45:21","modified_gmt":"2026-02-12T16:45:21","slug":"primera-ministra-danesa-dice-que-no-se-negocia-sobre-soberania-tras-cambio-de-postura-de-trump-hacia-groenlandia","status":"publish","type":"post","link":"https:\/\/aleeknews.com\/4l33k5\/2026\/02\/12\/primera-ministra-danesa-dice-que-no-se-negocia-sobre-soberania-tras-cambio-de-postura-de-trump-hacia-groenlandia\/","title":{"rendered":"Primera ministra danesa dice que no se negocia sobre soberan\u00eda tras cambio de postura de Trump hacia Groenlandia"},"content":{"rendered":"<div>\n<p>La primera ministra de <a href=\"https:\/\/www.elnuevodia.com\/topicos\/dinamarca\/\" target=\"_blank\" rel=\"noreferrer\" title=\"https:\/\/www.elnuevodia.com\/topicos\/dinamarca\/\"><b>Dinamarca<\/b><\/a> insisti\u00f3 el jueves en que su pa\u00eds no puede negociar sobre su soberan\u00eda despu\u00e9s de que el presidente de <a href=\"https:\/\/www.elnuevodia.com\/topicos\/estados-unidos\/\" target=\"_blank\" rel=\"noreferrer\" title=\"https:\/\/www.elnuevodia.com\/topicos\/estados-unidos\/\"><b>Estados Unidos<\/b><\/a>, <a href=\"https:\/\/www.elnuevodia.com\/topicos\/donald-trump\/\" target=\"_blank\" rel=\"noreferrer\" title=\"https:\/\/www.elnuevodia.com\/topicos\/donald-trump\/\"><b>Donald Trump<\/b><\/a>, dijo que acord\u00f3 un <b>\u201cmarco para un futuro acuerdo\u201d<\/b> sobre la seguridad en el \u00c1rtico con el jefe de la <a href=\"https:\/\/www.elnuevodia.com\/topicos\/otan\/\" target=\"_blank\" rel=\"noreferrer\" title=\"https:\/\/www.elnuevodia.com\/topicos\/otan\/\"><b>OTAN<\/b><\/a>, y apunt\u00f3 que ha sido <b>\u201cinformada de que ese no ha sido el caso\u201d<\/b>.<\/p>\n<p>Trump cancel\u00f3 abruptamente el mi\u00e9rcoles los aranceles con los que hab\u00eda amenazado a ocho pa\u00edses europeos para presionar para que Washington asuma el control de <a href=\"https:\/\/www.elnuevodia.com\/topicos\/groenlandia\/\" target=\"_blank\" rel=\"noreferrer\" title=\"https:\/\/www.elnuevodia.com\/topicos\/groenlandia\/\"><b>Groenlandia<\/b><\/a>, un territorio semiaut\u00f3nomo de Dinamarca, aliado de la OTAN. Fue un cambio dram\u00e1tico poco despu\u00e9s de que insistiera en que quer\u00eda obtener la isla <b>\u201cincluidos los derechos, la titularidad y la propiedad\u201d<\/b>, aunque tambi\u00e9n dijo que no usar\u00eda la fuerza.<\/p>\n<p>Seg\u00fan Trump, se estaban llevando a cabo \u201cdiscusiones adicionales\u201d sobre Groenlandia en relaci\u00f3n con el programa de defensa antiantimisiles C\u00fapula Dorada, un sistema de m\u00faltiples capas de 175,000 millones que, por primera vez, pondr\u00e1 armas estadounidenses en el espacio. El mandatario ofreci\u00f3 pocos detalles alegando que a\u00fan se estaban ultimando.<\/p>\n<p><h4><b>Dinamarca insiste en su integridad territorial<\/b><\/h4>\n<\/p>\n<p>Por su parte, Mette Frederiksen, la primera ministra de Dinamarca, explic\u00f3 en un comunicado el jueves que la seguridad en el \u00c1rtico es un asunto que concierne a toda la OTAN, y es<b> \u201cbueno y natural\u201d <\/b>que se discuta entre el presidente de Estados Unidos y el secretario general de la alianza, Mark Rutte. Adem\u00e1s, apunt\u00f3 que hab\u00eda hablado con Rutte \u201cde manera continuada\u201d, tanto antes como despu\u00e9s de que su reuni\u00f3n con Trump en Davos.<\/p>\n<p>La mandataria escribi\u00f3 que la OTAN es plenamente consciente de la posici\u00f3n del reino de Dinamarca acerca de que se puede negociar cualquier cuesti\u00f3n pol\u00edtica, incluyendo la seguridad, la inversi\u00f3n y los asuntos econ\u00f3micos, \u201cpero no podemos negociar sobre nuestra soberan\u00eda\u201d.<\/p>\n<p><b>\u201cHe sido informada de que ese no ha sido el caso\u201d<\/b>, dijo, a\u00f1adiendo que solo Dinamarca y Groenlandia pueden tomar decisiones sobre los asuntos que les conciernen.<\/p>\n<p>Frederiksen apunt\u00f3 que Dinamarca quiere seguir participando en un di\u00e1logo constructivo con los aliados sobre c\u00f3mo reforzar la seguridad en el \u00c1rtico, incluido el programa C\u00fapula Dorada de Estados Unidos, <b>\u201csiempre que esto se haga con respeto por nuestra integridad territorial\u201d.<\/b><\/p>\n<p>Preguntado en una entrevista con la televisora Fox News por si Groenlandia seguir\u00eda formando parte del reino de Dinamarca bajo el acuerdo marco anunciado por Trump, Rutte respondi\u00f3 que \u201cese tema no se plante\u00f3 en mis conversaciones de esta noche con el presidente\u201d.<\/p>\n<p>\u201c\u00c9l est\u00e1 muy centrado en lo que necesitamos hacer para garantizar que esa enorme regi\u00f3n \u00e1rtica, donde se est\u00e1n produciendo cambios en este momento, donde los chinos y los rusos est\u00e1n cada vez m\u00e1s activos, est\u00e1 protegida\u201d, manifest\u00f3. \u201cEse fue realmente el enfoque de nuestras discusiones\u201d.<\/p>\n<p><h4><b>Bienvenida y escepticismo ante cambio de Trump<\/b><\/h4>\n<\/p>\n<p>En las calles de Copenhague, algunos se mostraron esc\u00e9pticos sobre el cambio de postura de Trump.<\/p>\n<p><b>\u201cCreo que este hombre ha dicho muchas cosas y ha hecho muchas cosas diferentes a lo que dice<\/b>\u201d, se\u00f1al\u00f3 Louise Pedersen, de 22 a\u00f1os, que trabaja en una startup. <b>\u201cMe cuesta creerlo. Creo que es aterrador que estemos as\u00ed en 2026\u201d.<\/b><\/p>\n<p>Los groenlandeses son quienes deben decidir qu\u00e9 sucede con su tierra \u201cno Donald Trump\u201d, agreg\u00f3.<\/p>\n<p>\u201cNo conf\u00edo realmente en nada de lo que dice el se\u00f1or Trump\u201d, apunt\u00f3 Poul Bjoern Strand, un publicista de 70 a\u00f1os.<\/p>\n<p>Sobre la posibilidad de ceder territorio, dijo que <b>\u201cEso no es lo que quieren los groenlandeses, eso no es lo que quieren los daneses, y&#8230; no puedo creer que los daneses vayan a aceptar eso\u201d<\/b>.<\/p>\n<p>El canciller de Alemania, Friedrich Merz, uno de los pa\u00edses a los que Trump amenaz\u00f3 con m\u00e1s aranceles debido a Groenlandia, subray\u00f3 la necesidad de que los aliados europeos de la OTAN hagan m\u00e1s para proteger la regi\u00f3n \u00e1rtica y destac\u00f3 que es<b> \u201cun inter\u00e9s transatl\u00e1ntico com\u00fan\u201d.<\/b><\/p>\n<p><b>\u201cProtegeremos a Dinamarca, a Groenlandia, al norte de la amenaza que representa Rusia\u201d<\/b>, declar\u00f3 en la reuni\u00f3n del Foro Econ\u00f3mico Mundial en Davos, Suiza. \u201cDefenderemos los principios sobre los cuales se funda la asociaci\u00f3n transatl\u00e1ntica, es decir, la soberan\u00eda y la integridad territorial\u201d.<\/p>\n<p><b>\u201cApoyamos las conversaciones entre Dinamarca, Groenlandia (y) Estados Unidos sobre la base de estos principios\u201d<\/b>, con el objetivo de una cooperaci\u00f3n m\u00e1s estrecha, agreg\u00f3 el canciller. \u201cEs una buena noticia que estemos dando pasos en esa direcci\u00f3n correcta. Doy la bienvenida a las declaraciones del presidente Trump de anoche: este es el camino a seguir\u201d.<\/p>\n<\/div>\n\n    <div class=\"xs_social_share_widget xs_share_url after_content \t\tmain_content  wslu-style-1 wslu-share-box-shaped wslu-fill-colored wslu-none wslu-share-horizontal wslu-theme-font-no wslu-main_content\">\n\n\t\t\n        <ul>\n\t\t\t        <\/ul>\n    <\/div> \n","protected":false},"excerpt":{"rendered":"<p>La primera ministra de Dinamarca insisti\u00f3 el jueves en que su pa\u00eds no puede negociar sobre su soberan\u00eda despu\u00e9s de que el presidente de Estados Unidos , Donald Trump , dijo que acord\u00f3 un \u201cmarco para un futuro acuerdo\u201d sobre la seguridad en el \u00c1rtico con el jefe de la OTAN , y apunt\u00f3 que<\/p>\n","protected":false},"author":2,"featured_media":19932,"comment_status":"open","ping_status":"open","sticky":false,"template":"","format":"standard","meta":{"om_disable_all_campaigns":false,"_monsterinsights_skip_tracking":false,"_monsterinsights_sitenote_active":false,"_monsterinsights_sitenote_note":"","_monsterinsights_sitenote_category":0,"footnotes":""},"categories":[10],"tags":[],"class_list":["post-19931","post","type-post","status-publish","format-standard","has-post-thumbnail","hentry","category-mundo"],"aioseo_notices":[],"_links":{"self":[{"href":"https:\/\/aleeknews.com\/4l33k5\/wp-json\/wp\/v2\/posts\/19931","targetHints":{"allow":["GET"]}}],"collection":[{"href":"https:\/\/aleeknews.com\/4l33k5\/wp-json\/wp\/v2\/posts"}],"about":[{"href":"https:\/\/aleeknews.com\/4l33k5\/wp-json\/wp\/v2\/types\/post"}],"author":[{"embeddable":true,"href":"https:\/\/aleeknews.com\/4l33k5\/wp-json\/wp\/v2\/users\/2"}],"replies":[{"embeddable":true,"href":"https:\/\/aleeknews.com\/4l33k5\/wp-json\/wp\/v2\/comments?post=19931"}],"version-history":[{"count":0,"href":"https:\/\/aleeknews.com\/4l33k5\/wp-json\/wp\/v2\/posts\/19931\/revisions"}],"wp:featuredmedia":[{"embeddable":true,"href":"https:\/\/aleeknews.com\/4l33k5\/wp-json\/wp\/v2\/media\/19932"}],"wp:attachment":[{"href":"https:\/\/aleeknews.com\/4l33k5\/wp-json\/wp\/v2\/media?parent=19931"}],"wp:term":[{"taxonomy":"category","embeddable":true,"href":"https:\/\/aleeknews.com\/4l33k5\/wp-json\/wp\/v2\/categories?post=19931"},{"taxonomy":"post_tag","embeddable":true,"href":"https:\/\/aleeknews.com\/4l33k5\/wp-json\/wp\/v2\/tags?post=19931"}],"curies":[{"name":"wp","href":"https:\/\/api.w.org\/{rel}","templated":true}]}}