{"id":19929,"date":"2026-02-12T17:45:22","date_gmt":"2026-02-12T16:45:22","guid":{"rendered":"https:\/\/aleeknews.com\/4l33k5\/2026\/02\/12\/lideres-de-la-union-europea-se-reunen-para-trazar-un-nuevo-rumbo-tras-amenazas-de-donald-trump-sobre-groenlandia\/"},"modified":"2026-02-12T17:45:22","modified_gmt":"2026-02-12T16:45:22","slug":"lideres-de-la-union-europea-se-reunen-para-trazar-un-nuevo-rumbo-tras-amenazas-de-donald-trump-sobre-groenlandia","status":"publish","type":"post","link":"https:\/\/aleeknews.com\/4l33k5\/2026\/02\/12\/lideres-de-la-union-europea-se-reunen-para-trazar-un-nuevo-rumbo-tras-amenazas-de-donald-trump-sobre-groenlandia\/","title":{"rendered":"L\u00edderes de la Uni\u00f3n Europea se re\u00fanen para trazar un nuevo rumbo tras amenazas de Donald Trump sobre Groenlandia"},"content":{"rendered":"<div>\n<p><b>Bruselas<\/b> &#8211; Los l\u00edderes de la <a href=\"https:\/\/www.elnuevodia.com\/topicos\/union-europea\/\" target=\"_self\" rel title=\"https:\/\/www.elnuevodia.com\/topicos\/union-europea\/\">Uni\u00f3n Europea<\/a> se re\u00fanen el jueves en conversaciones de emergencia para trazar un nuevo rumbo en las relaciones transatl\u00e1nticas tras dos semanas tumultuosas dominadas por las renovadas amenazas del presidente de Estados Unidos, <a href=\"https:\/\/www.elnuevodia.com\/topicos\/donald-trump\/\" target=\"_self\" rel title=\"https:\/\/www.elnuevodia.com\/topicos\/donald-trump\/\">Donald Trump<\/a>, de tomar el control de <a href=\"https:\/\/www.elnuevodia.com\/topicos\/groenlandia\/\" target=\"_self\" rel title=\"https:\/\/www.elnuevodia.com\/topicos\/groenlandia\/\">Groenlandia<\/a>.<\/p>\n<p>En v\u00edsperas de su cumbre, Trump se retract\u00f3 dr\u00e1sticamente de su insistencia en \u201cadquirir\u201d Groenlandia, un territorio semiaut\u00f3nomo de <a href=\"https:\/\/www.elnuevodia.com\/topicos\/dinamarca\/\" target=\"_self\" rel title=\"https:\/\/www.elnuevodia.com\/topicos\/dinamarca\/\">Dinamarca<\/a>. <b>Por primera vez, dijo que no utilizar\u00eda la fuerza para apoderarse de la isla. Trump tambi\u00e9n abandon\u00f3 su amenaza de imponer <\/b><a href=\"https:\/\/www.elnuevodia.com\/topicos\/aranceles\/\" target=\"_self\" rel title=\"https:\/\/www.elnuevodia.com\/topicos\/aranceles\/\"><b>aranceles<\/b><\/a><b> a ocho pa\u00edses europeos que apoyan a Dinamarca.<\/b><\/p>\n<p>Sin embargo, nada hace pensar que el impredecible l\u00edder estadounidense no vaya a cambiar de opini\u00f3n de nuevo. Esta semana, la presidenta de la Comisi\u00f3n Europea, Ursula von der Leyen, puso en duda su fiabilidad despu\u00e9s de que pareciera dispuesto a renegar de un acuerdo comercial entre la UE y Estados Unidos sellado en julio que pretend\u00eda poner fin a nuevos aranceles.<\/p>\n<p>\u201cEn pol\u00edtica, como en los negocios, un acuerdo es un acuerdo. Y cuando los amigos se dan la mano, debe significar algo\u201d, dijo Von der Leyen a los legisladores de la UE el martes.<\/p>\n<p><b>No se han hecho p\u00fablicos los detalles del apresurado acuerdo \u201cmarco\u201d que provoc\u00f3 la extraordinaria marcha atr\u00e1s de Trump, y persisten las dudas al respecto. La primera ministra danesa, Mette Frederiksen, insiste en que su pa\u00eds no negociar\u00e1 su soberan\u00eda.<\/b><\/p>\n<div>\n<p><b>1 \/ 12 | <\/b><span> Resistencia en el \u00c1rtico: miles marchan en Groenlandia en reclamo de su soberan\u00eda . La insistencia del presidente estadounidense, Donald Trump, de anexar a la isla continente de Groenlandia como colonia de Estados Unidos mantiene en alerta a sus ciudadanos, quienes en\u00e9rgicamente se oponen.<\/span><i> &#8211; Evgeniy Maloletka<\/i><\/p>\n<\/div>\n<p>Tambi\u00e9n se espera que los l\u00edderes europeos acuerden un enfoque conjunto para el \u201cConsejo de Paz\u201d propuesto por Trump, que inicialmente se concibi\u00f3 como un peque\u00f1o grupo de l\u00edderes mundiales que supervisar\u00eda el alto el fuego en Gaza, pero que se ha convertido en algo mucho m\u00e1s ambicioso.<\/p>\n<p>El jueves, d\u00edas despu\u00e9s de decirle al primer ministro de <a href=\"https:\/\/www.elnuevodia.com\/topicos\/noruega\/\" target=\"_self\" rel title=\"https:\/\/www.elnuevodia.com\/topicos\/noruega\/\">Noruega<\/a> en un mensaje de texto que ya no sent\u00eda \u201cla obligaci\u00f3n de pensar puramente en la paz\u201d, Trump puso en el punto de mira a la junta propuesta en Davos.<\/p>\n<p>Trump ha hablado sobre que el consejo reemplace algunas de las funciones de Naciones Unidas.<\/p>\n<p>Algunos pa\u00edses europeos han declinado las invitaciones para unirse. Noruega, Eslovenia y Suecia dijeron que no participar\u00e1n. Al ser informado de que es poco probable que el presidente <a href=\"https:\/\/www.elnuevodia.com\/topicos\/emmanuel-macron\/\" target=\"_self\" rel title=\"https:\/\/www.elnuevodia.com\/topicos\/emmanuel-macron\/\">Emmanuel Macron<\/a> se una, Trump dijo: \u201cLe pondr\u00e9 un arancel del 200% a sus vinos y champa\u00f1as y se unir\u00e1\u201d.<\/p>\n<div>\n<p><b>1 \/ 7 | <\/b><span> Condici\u00f3n de ojo obliga a Emmanuel Macron a usar gafas. El presidente de Francia, Emmanuel Macron, apareci\u00f3 en el Foro Econ\u00f3mico Mundial con gafas. (Foto AFP)<\/span><i> &#8211; FABRICE COFFRINI<\/i><\/p>\n<\/div>\n<p>Alemania ha ofrecido una respuesta cautelosa y no comprometida a la invitaci\u00f3n de Trump, pero Hungr\u00eda acept\u00f3.<\/p>\n<p>En v\u00edsperas de la reuni\u00f3n, el hombre que la presidir\u00e1, el presidente del Consejo Europeo, Ant\u00f3nio Costa, dijo que la administraci\u00f3n Trump representa un desaf\u00edo para la seguridad, los principios y la prosperidad de Europa.<\/p>\n<p>\u201cTodas estas tres dimensiones est\u00e1n siendo puestas a prueba en el momento actual de las relaciones transatl\u00e1nticas\u201d, indic\u00f3 Costa.<\/p>\n<p><b>Despu\u00e9s de consultar a los l\u00edderes, Costa dijo que est\u00e1n unidos en \u201clos principios del derecho internacional, la integridad territorial y la soberan\u00eda nacional\u201d, algo que la UE insiste en defender mientras protege a Ucrania contra Rusia, y que Trump ha amenazado en Groenlandia.<\/b><\/p>\n<p>En un discurso ante los legisladores de la UE en Estrasburgo, Francia, tambi\u00e9n insisti\u00f3 en que \u201cm\u00e1s aranceles socavar\u00edan las relaciones transatl\u00e1nticas y son incompatibles con el acuerdo comercial entre la UE y Estados Unidos\u201d. Los legisladores de la UE deben respaldar ese acuerdo, pero el mi\u00e9rcoles pospusieron su voto debido a las amenazas de Trump.<\/p>\n<p>Los l\u00edderes de la UE se han visto galvanizados por el acoso de Trump sobre Groenlandia y est\u00e1n replante\u00e1ndose sus relaciones con una Am\u00e9rica impredecible, su aliado de larga data y el miembro m\u00e1s poderoso de la OTAN.<\/p>\n<p>\u201cEl apaciguamiento siempre es un signo de debilidad. Europa no puede permitirse ser d\u00e9bil, ni contra sus enemigos, ni contra su aliado\u201d, public\u00f3 el martes en las redes sociales el primer ministro polaco Donald Tusk, un firme defensor de los fuertes lazos transatl\u00e1nticos.<\/p>\n<p>Von der Leyen, quien gestiona el comercio en nombre de los pa\u00edses de la UE, advirti\u00f3 que el bloque est\u00e1 \u201cen una encrucijada\u201d. Si llegan los aranceles, dijo, \u201cestamos completamente preparados para actuar, si es necesario, con unidad, urgencia y determinaci\u00f3n\u201d.<\/p>\n<p>Tambi\u00e9n dijo a los legisladores que la Comisi\u00f3n est\u00e1 trabajando en \u201cun aumento masivo de la inversi\u00f3n europea en Groenlandia\u201d para fortalecer su econom\u00eda e infraestructura, as\u00ed como en una nueva estrategia de seguridad europea.<\/p>\n<p>&#8212;&#8211;<\/p>\n<p><i>Esta historia fue traducida del ingl\u00e9s al espa\u00f1ol con una herramienta de inteligencia artificial y fue revisada por un editor antes de su publicaci\u00f3n.<\/i><\/p>\n<\/div>\n\n    <div class=\"xs_social_share_widget xs_share_url after_content \t\tmain_content  wslu-style-1 wslu-share-box-shaped wslu-fill-colored wslu-none wslu-share-horizontal wslu-theme-font-no wslu-main_content\">\n\n\t\t\n        <ul>\n\t\t\t        <\/ul>\n    <\/div> \n","protected":false},"excerpt":{"rendered":"<p>Bruselas &#8211; Los l\u00edderes de la Uni\u00f3n Europea se re\u00fanen el jueves en conversaciones de emergencia para trazar un nuevo rumbo en las relaciones transatl\u00e1nticas tras dos semanas tumultuosas dominadas por las renovadas amenazas del presidente de Estados Unidos, Donald Trump, de tomar el control de Groenlandia. En v\u00edsperas de su cumbre, Trump se retract\u00f3<\/p>\n","protected":false},"author":2,"featured_media":19930,"comment_status":"open","ping_status":"open","sticky":false,"template":"","format":"standard","meta":{"om_disable_all_campaigns":false,"_monsterinsights_skip_tracking":false,"_monsterinsights_sitenote_active":false,"_monsterinsights_sitenote_note":"","_monsterinsights_sitenote_category":0,"footnotes":""},"categories":[10],"tags":[],"class_list":["post-19929","post","type-post","status-publish","format-standard","has-post-thumbnail","hentry","category-mundo"],"aioseo_notices":[],"_links":{"self":[{"href":"https:\/\/aleeknews.com\/4l33k5\/wp-json\/wp\/v2\/posts\/19929","targetHints":{"allow":["GET"]}}],"collection":[{"href":"https:\/\/aleeknews.com\/4l33k5\/wp-json\/wp\/v2\/posts"}],"about":[{"href":"https:\/\/aleeknews.com\/4l33k5\/wp-json\/wp\/v2\/types\/post"}],"author":[{"embeddable":true,"href":"https:\/\/aleeknews.com\/4l33k5\/wp-json\/wp\/v2\/users\/2"}],"replies":[{"embeddable":true,"href":"https:\/\/aleeknews.com\/4l33k5\/wp-json\/wp\/v2\/comments?post=19929"}],"version-history":[{"count":0,"href":"https:\/\/aleeknews.com\/4l33k5\/wp-json\/wp\/v2\/posts\/19929\/revisions"}],"wp:featuredmedia":[{"embeddable":true,"href":"https:\/\/aleeknews.com\/4l33k5\/wp-json\/wp\/v2\/media\/19930"}],"wp:attachment":[{"href":"https:\/\/aleeknews.com\/4l33k5\/wp-json\/wp\/v2\/media?parent=19929"}],"wp:term":[{"taxonomy":"category","embeddable":true,"href":"https:\/\/aleeknews.com\/4l33k5\/wp-json\/wp\/v2\/categories?post=19929"},{"taxonomy":"post_tag","embeddable":true,"href":"https:\/\/aleeknews.com\/4l33k5\/wp-json\/wp\/v2\/tags?post=19929"}],"curies":[{"name":"wp","href":"https:\/\/api.w.org\/{rel}","templated":true}]}}