{"id":19926,"date":"2026-02-12T17:45:24","date_gmt":"2026-02-12T16:45:24","guid":{"rendered":"https:\/\/aleeknews.com\/4l33k5\/2026\/02\/12\/los-aliados-de-estados-unidos-en-la-otan-se-centran-en-europa-mientras-la-administracion-trump-da-un-paso-atras\/"},"modified":"2026-02-12T17:45:24","modified_gmt":"2026-02-12T16:45:24","slug":"los-aliados-de-estados-unidos-en-la-otan-se-centran-en-europa-mientras-la-administracion-trump-da-un-paso-atras","status":"publish","type":"post","link":"https:\/\/aleeknews.com\/4l33k5\/2026\/02\/12\/los-aliados-de-estados-unidos-en-la-otan-se-centran-en-europa-mientras-la-administracion-trump-da-un-paso-atras\/","title":{"rendered":"Los aliados de Estados Unidos en la OTAN se centran en Europa mientras la administraci\u00f3n Trump da un paso atr\u00e1s"},"content":{"rendered":"<div>\n<p><b>Bruselas<\/b> &#8211; Los aliados europeos de la <a href=\"https:\/\/www.elnuevodia.com\/topicos\/otan\/\" target=\"_self\" rel title=\"https:\/\/www.elnuevodia.com\/topicos\/otan\/\"><b>OTAN<\/b><\/a> compartieron el jueves la preocupaci\u00f3n de que <a href=\"https:\/\/www.elnuevodia.com\/noticias\/estados-unidos\/\" target=\"_self\" rel title=\"https:\/\/www.elnuevodia.com\/noticias\/estados-unidos\/\"><b>Estados Unidos<\/b><\/a> se haya retirado de su papel de liderazgo de la mayor organizaci\u00f3n de seguridad del mundo, dej\u00e1ndoles a ellos y a Canad\u00e1 la mayor parte de la defensa de Europa.<\/p>\n<p><b>El Secretario de Defensa de Estados Unidos, Pete Hegseth<\/b>, <b>no asisti\u00f3 a la reuni\u00f3n de ministros de Defensa celebrada el jueves en la sede de la OTAN en Bruselas.<\/b> Su ausencia se produjo despu\u00e9s de que el Secretario de Estado <a href=\"https:\/\/www.elnuevodia.com\/topicos\/marco-rubio\/\" target=\"_self\" rel title=\"https:\/\/www.elnuevodia.com\/topicos\/marco-rubio\/\">Marco Rubio<\/a> faltara a la \u00faltima reuni\u00f3n de ministros de Asuntos Exteriores de la OTAN en diciembre.<\/p>\n<p><b>Es raro que los miembros de una administraci\u00f3n estadounidense falten a una reuni\u00f3n del m\u00e1ximo \u00f3rgano decisorio de la organizaci\u00f3n, el Consejo del Atl\u00e1ntico Norte, a nivel de ministros, y mucho menos a dos reuniones seguidas. El subsecretario de Defensa, Elbridge Colby, fue enviado en lugar de Hegseth.<\/b><\/p>\n<div>\n<p><b>1 \/ 14 | <\/b><span> Reuni\u00f3n por la paz: as\u00ed llegaron l\u00edderes europeos a la Casa Blanca para buscar soluci\u00f3n a la guerra de Rusia contra Ucrania. Guardia de honor pasa por la prensa internacional antes de la reuni\u00f3n de l\u00edderes europeos con el presidente de Ucrania, Volodimir Zelensky, en la Casa Blanca.<\/span><i> &#8211; ANDREW CABALLERO-REYNOLDS<\/i><\/p>\n<\/div>\n<p>\u201cLamentablemente para \u00e9l, se est\u00e1 perdiendo una buena fiesta\u201d, declar\u00f3 a la prensa la ministra islandesa de Asuntos Exteriores, \u00deorger\u00f0ur Katr\u00edn Gunnarsd\u00f3ttir. \u201cPor supuesto, siempre es mejor que los ministros asistan aqu\u00ed, pero no lo describir\u00eda como una mala se\u00f1al\u201d.<\/p>\n<p>\u201cNo estoy decepcionado\u201d, declar\u00f3 el Ministro de Defensa alem\u00e1n, <b>Boris Pistorius<\/b>. \u201cCada uno de nosotros tiene una agenda completa. Y una vez el ministro de Defensa americano est\u00e1 aqu\u00ed, y otra no, as\u00ed que es su decisi\u00f3n y sus deberes los que tiene que cumplir.\u201d<\/p>\n<p><b>C\u00f3mo han cambiado los tiempos<\/b><\/p>\n<p>Cuando en 1949 le preguntaron cu\u00e1l era el objetivo de la OTAN, su primer Secretario General, el general y diplom\u00e1tico brit\u00e1nico <b>Lord Hastings Ismay<\/b>, respondi\u00f3: \u201cMantener a los norteamericanos dentro, a los rusos fuera y a los alemanes fuera\u201d: \u201cMantener a los norteamericanos dentro, a los rusos fuera y a los alemanes abajo\u201d.<\/p>\n<p>Hoy en d\u00eda, Alemania est\u00e1 dando un paso adelante. Despu\u00e9s de que Rusia invadiera Ucrania hace cuatro a\u00f1os, prometi\u00f3 gastar 100 millones de euros, equivalentes a unos 118 millones de d\u00f3lares americanos, para modernizar sus fuerzas armadas en los pr\u00f3ximos a\u00f1os.<\/p>\n<p>Gran parte del trabajo del Secretario General de la OTAN, <b>Mark Rutte<\/b>, consiste en mantener a los norteamericanos dentro.<\/p>\n<p>\u201cTienen que ocuparse del mundo entero. Se trata de Estados Unidos\u201d, declar\u00f3 Rutte a la prensa antes de presidir la reuni\u00f3n. \u201cLo acepto totalmente, estoy de acuerdo con ello\u201d.<\/p>\n<p>\u201cSiempre han abogado por que Europa haga m\u00e1s, que Canad\u00e1 haga m\u00e1s, que se ocupe m\u00e1s de la defensa del territorio de la OTAN, por supuesto conjuntamente con Estados Unidos\u201d, afirm\u00f3.<\/p>\n<p><b>Esto significa un mayor gasto europeo en armas convencionales y defensa, mientras Estados Unidos garantiza la disuasi\u00f3n nuclear de la OTAN.<\/b><\/p>\n<p><b>Pero las dudas persisten y no se pueden descartar sorpresas por parte de la administraci\u00f3n Trump. Los aliados a\u00fan se preguntan si se retirar\u00e1n m\u00e1s tropas estadounidenses de Europa.<\/b><\/p>\n<p>\u201cPara m\u00ed, lo m\u00e1s importante es la pol\u00edtica de no sorpresas acordada entre el Secretario General de la OTAN y Estados Unidos\u201d, declar\u00f3 el Ministro de Defensa holand\u00e9s, <b>Ruben Brekelmans<\/b>.<\/p>\n<p><b>Atr\u00e1s<\/b><\/p>\n<p>P\u00fablicamente al menos, la administraci\u00f3n Trump est\u00e1 haciendo mucho menos en la OTAN. Hace un a\u00f1o, Hegseth advirti\u00f3 que las prioridades de seguridad de Estados Unidos est\u00e1n en otra parte y que Europa tendr\u00eda que cuidar de s\u00ed misma, y Ucrania en su batalla contra la invasi\u00f3n a gran escala de Rusia.<\/p>\n<p>Los suministros de armas y dinero estadounidenses que fueron enviados a Ucrania por la anterior administraci\u00f3n del presidente <b>Joe Biden<\/b> se han secado bajo Trump. Los aliados europeos y Canad\u00e1 est\u00e1n obligados a comprar armas a Estados Unidos para donar ahora.<\/p>\n<p>Los partidarios occidentales de Ucrania tambi\u00e9n se reunieron el jueves en la OTAN para recabar m\u00e1s apoyo militar. El Grupo de Contacto para la Defensa de Ucrania, un plan que el <a href=\"https:\/\/www.elnuevodia.com\/topicos\/pentagono\/\" target=\"_self\" rel title=\"https:\/\/www.elnuevodia.com\/topicos\/pentagono\/\"><b>Pent\u00e1gono<\/b><\/a> defendi\u00f3 con orgullo bajo el mandato de Biden, est\u00e1 ahora presidido por el Reino Unido y Alemania.<\/p>\n<p>El Secretario de Defensa del Reino Unido, <b>John Healey<\/b>, anunci\u00f3 que Gran Breta\u00f1a proporcionar\u00eda \u201c500 millones de libras (682 millones de d\u00f3lares americanos) adicionales en defensa a\u00e9rea urgente a Ucrania. Esto es Gran Breta\u00f1a siendo una fuerza del bien en el mundo, construyendo un nuevo acuerdo para la seguridad europea dentro de la OTAN\u201d.<\/p>\n<p>Suecia tambi\u00e9n tiene la intenci\u00f3n de financiar la compra de m\u00e1s armas estadounidenses. Los Pa\u00edses Bajos enviar\u00e1n m\u00e1s simuladores de vuelo para ayudar a los pilotos de caza ucranianos a entrenarse para pilotar aviones F-16.<\/p>\n<p><b>Centinela \u00c1rtico<\/b><\/p>\n<p>El \u00fanico \u201cresultado\u201d de la reuni\u00f3n del jueves fue el anuncio de que la OTAN lanzar\u00e1 Arctic Sentry, su respuesta a las preocupaciones de seguridad de Estados Unidos en el alto norte, y un intento de disuadir a Trump de tratar de apoderarse de Groenlandia.<\/p>\n<p>Su objetivo aparente es contrarrestar las actividades o la influencia de Rusia y China en la regi\u00f3n \u00e1rtica.<\/p>\n<p>Pero Arctic Sentry es esencialmente un ejercicio de cambio de marca. Los simulacros nacionales que ya se est\u00e1n llevando a cabo en la regi\u00f3n, como los de Dinamarca y Noruega, pasar\u00e1n a estar bajo el paraguas de la OTAN y ser\u00e1n supervisados por el jefe militar de la organizaci\u00f3n.<\/p>\n<p><b>No se trata de una operaci\u00f3n o misi\u00f3n de la OTAN a largo plazo.<\/b><\/p>\n<p><b>Dinamarca, Francia y Alemania participar\u00e1n en las \u201cactividades militares\u201d de Arctic Sentry, pero no han dicho de qu\u00e9 manera. Es probable que Finlandia y Suecia participen. B\u00e9lgica est\u00e1 estudiando qu\u00e9 papel podr\u00eda desempe\u00f1ar.<\/b><\/p>\n<div>\n<p><b>1 \/ 12 | <\/b><span> Resistencia en el \u00c1rtico: miles marchan en Groenlandia en reclamo de su soberan\u00eda . La insistencia del presidente estadounidense, Donald Trump, de anexar a la isla continente de Groenlandia como colonia de Estados Unidos mantiene en alerta a sus ciudadanos, quienes en\u00e9rgicamente se oponen.<\/span><i> &#8211; Evgeniy Maloletka<\/i><\/p>\n<\/div>\n<p><b>A\u00fan no est\u00e1 claro qu\u00e9 papel desempe\u00f1ar\u00e1 Estados Unidos, si es que desempe\u00f1a alguno.<\/b><\/p>\n<p>\u201cNo puede ser s\u00f3lo m\u00e1s de Estados Unidos\u201d, dijo el embajador estadounidense ante la OTAN, Matthew Whitaker, antes de la reuni\u00f3n del jueves. \u201cNecesitamos aliados capaces que est\u00e9n preparados y sean fuertes, que puedan aportar activos a todas estas \u00e1reas de nuestra seguridad colectiva\u201d.<\/p>\n<p>Las renovadas amenazas de Trump el mes pasado de anexionarse Groenlandia -un territorio semiaut\u00f3nomo de Dinamarca, aliado de la OTAN- han sacudido profundamente al resto de la alianza. El papel principal de la OTAN es defender el territorio de sus 32 Estados miembros, no socavarlo.<\/p>\n<p>Los aliados europeos y Canad\u00e1 esperan que Arctic Sentry y las conversaciones en curso entre la administraci\u00f3n Trump, Dinamarca y Groenlandia permitan a la OTAN dejar atr\u00e1s la disputa y centrarse en la verdadera prioridad de seguridad de Europa, la guerra de Rusia contra Ucrania.<\/p>\n<p>El Ministro de Defensa belga, Theo Francken, declar\u00f3 que el acuerdo de seguridad \u00e1rtica significa al menos que \u201cdejamos de tener peleas de comida sobre el Atl\u00e1ntico\u201d.<\/p>\n<p><i>Esta historia fue traducida del ingl\u00e9s al espa\u00f1ol con una herramienta de inteligencia artificial y fue revisada por un editor antes de su publicaci\u00f3n.<\/i><\/p>\n<\/div>\n\n    <div class=\"xs_social_share_widget xs_share_url after_content \t\tmain_content  wslu-style-1 wslu-share-box-shaped wslu-fill-colored wslu-none wslu-share-horizontal wslu-theme-font-no wslu-main_content\">\n\n\t\t\n        <ul>\n\t\t\t        <\/ul>\n    <\/div> \n","protected":false},"excerpt":{"rendered":"<p>Bruselas &#8211; Los aliados europeos de la OTAN compartieron el jueves la preocupaci\u00f3n de que Estados Unidos se haya retirado de su papel de liderazgo de la mayor organizaci\u00f3n de seguridad del mundo, dej\u00e1ndoles a ellos y a Canad\u00e1 la mayor parte de la defensa de Europa. El Secretario de Defensa de Estados Unidos, Pete<\/p>\n","protected":false},"author":2,"featured_media":19927,"comment_status":"open","ping_status":"open","sticky":false,"template":"","format":"standard","meta":{"om_disable_all_campaigns":false,"_monsterinsights_skip_tracking":false,"_monsterinsights_sitenote_active":false,"_monsterinsights_sitenote_note":"","_monsterinsights_sitenote_category":0,"footnotes":""},"categories":[10],"tags":[],"class_list":["post-19926","post","type-post","status-publish","format-standard","has-post-thumbnail","hentry","category-mundo"],"aioseo_notices":[],"_links":{"self":[{"href":"https:\/\/aleeknews.com\/4l33k5\/wp-json\/wp\/v2\/posts\/19926","targetHints":{"allow":["GET"]}}],"collection":[{"href":"https:\/\/aleeknews.com\/4l33k5\/wp-json\/wp\/v2\/posts"}],"about":[{"href":"https:\/\/aleeknews.com\/4l33k5\/wp-json\/wp\/v2\/types\/post"}],"author":[{"embeddable":true,"href":"https:\/\/aleeknews.com\/4l33k5\/wp-json\/wp\/v2\/users\/2"}],"replies":[{"embeddable":true,"href":"https:\/\/aleeknews.com\/4l33k5\/wp-json\/wp\/v2\/comments?post=19926"}],"version-history":[{"count":0,"href":"https:\/\/aleeknews.com\/4l33k5\/wp-json\/wp\/v2\/posts\/19926\/revisions"}],"wp:featuredmedia":[{"embeddable":true,"href":"https:\/\/aleeknews.com\/4l33k5\/wp-json\/wp\/v2\/media\/19927"}],"wp:attachment":[{"href":"https:\/\/aleeknews.com\/4l33k5\/wp-json\/wp\/v2\/media?parent=19926"}],"wp:term":[{"taxonomy":"category","embeddable":true,"href":"https:\/\/aleeknews.com\/4l33k5\/wp-json\/wp\/v2\/categories?post=19926"},{"taxonomy":"post_tag","embeddable":true,"href":"https:\/\/aleeknews.com\/4l33k5\/wp-json\/wp\/v2\/tags?post=19926"}],"curies":[{"name":"wp","href":"https:\/\/api.w.org\/{rel}","templated":true}]}}