{"id":19896,"date":"2026-02-11T17:44:35","date_gmt":"2026-02-11T16:44:35","guid":{"rendered":"https:\/\/aleeknews.com\/4l33k5\/2026\/02\/11\/en-las-manos-de-la-jueza-swain-el-futuro-del-bufete-oneill-borges-como-abogado-de-la-junta-fiscal\/"},"modified":"2026-02-11T17:44:35","modified_gmt":"2026-02-11T16:44:35","slug":"en-las-manos-de-la-jueza-swain-el-futuro-del-bufete-oneill-borges-como-abogado-de-la-junta-fiscal","status":"publish","type":"post","link":"https:\/\/aleeknews.com\/4l33k5\/2026\/02\/11\/en-las-manos-de-la-jueza-swain-el-futuro-del-bufete-oneill-borges-como-abogado-de-la-junta-fiscal\/","title":{"rendered":"En las manos de la jueza Swain el futuro del bufete O\u2019Neill &#038; Borges como abogado de la Junta Fiscal"},"content":{"rendered":"<div>\n<div data-testid=\"global-header-test\" data-fusion-lazy-id=\"f0f5G41E11Y61Ck\">\n<hr>\n<p><span>Bolsa de valores <b>04:44 PM<\/b><\/span><\/p>\n<\/div>\n<div>\n<div data-fusion-lazy-id=\"f0f9tfiOw0362nv\">\n<div class>\n<p><a href=\"https:\/\/thetrustproject.org\/\"><img decoding=\"async\" src=\"https:\/\/www.elnuevodia.com\/pf\/resources\/v2\/icons\/trust-icon.svg?d=220\"><\/a><\/p>\n<div>\n<p>Se adhiere a los criterios de The Trust Project<\/p>\n<\/div>\n<\/div>\n<div>\n<h2>El bufete ya le someti\u00f3 la relaci\u00f3n de los casos que maneja y la magistrada decidir\u00e1 si este incurri\u00f3 en alg\u00fan conflicto de inter\u00e9s que amerite sea descualificado <\/h2>\n<div>\n<p>27 de julio de 2022 &#8211; 11:40 PM<\/p>\n<\/div>\n<div>\n<p><b>Archivo<\/b><\/p>\n<p>Esta historia fue publicada hace m\u00e1s de 3 a\u00f1os.<\/p>\n<\/div>\n<\/div>\n<\/div>\n<div data-fusion-lazy-id=\"f0f8wxHIPTYNet\">\n<div><picture><source media=\"(max-width: 375px)\" ><source media=\"(max-width: 767px)\" ><source media=\"(max-width: 1023px)\" ><source ><\/picture><figcaption>Puerto Rico es hasta ahora la mayor quiebra municipal en Estados Unidos, por lo que la corte federal no deber\u00eda permitirle a O&#038;B que siga incumpliendo con PROMESA y con PRRADA, reclam\u00f3 la parte querellante en su argumento contra el posible conflicto de inter\u00e9s. <span>(xavier.araujo@gfrmedia.com)<\/span><\/figcaption><\/div>\n<div>\n<p><img decoding=\"async\" alt=\"Marian D\u00edaz\" src=\"https:\/\/www.elnuevodia.com\/resizer\/v2\/https%3A%2F%2Fs3.amazonaws.com%2Farc-authors%2Fgfrmedia%2F14e09c78-76d5-47d9-b618-5a2cb8be0d96.png?auth=a5fd05e26d54c23523ae1b9d6ad49f1f9eab86e6cf3871570e6f0e82aec6fae9&#038;quality=75&#038;smart=true&#038;width=170&#038;height=147\"><\/p>\n<\/div>\n<div>\n<p>En los pr\u00f3ximos d\u00edas la jueza Laura Taylor Swain podr\u00eda decidir si descualifica al bufete O\u2019Neill &#038; Borges (O&#038;B) como abogado de la Junta de Supervisi\u00f3n Fiscal (JSF); o si por el contrario, permite que contin\u00fae por entender que sus funciones no est\u00e1n en conflicto con el caso de quiebra de Puerto Rico.<\/p>\n<\/div>\n<\/div>\n<section>\n<header><span>Popular en la Comunidad<\/span><\/header>\n<\/section>\n<\/div>\n<\/div>\n\n    <div class=\"xs_social_share_widget xs_share_url after_content \t\tmain_content  wslu-style-1 wslu-share-box-shaped wslu-fill-colored wslu-none wslu-share-horizontal wslu-theme-font-no wslu-main_content\">\n\n\t\t\n        <ul>\n\t\t\t        <\/ul>\n    <\/div> \n","protected":false},"excerpt":{"rendered":"<p>Bolsa de valores 04:44 PM Se adhiere a los criterios de The Trust Project El bufete ya le someti\u00f3 la relaci\u00f3n de los casos que maneja y la magistrada decidir\u00e1 si este incurri\u00f3 en alg\u00fan conflicto de inter\u00e9s que amerite sea descualificado 27 de julio de 2022 &#8211; 11:40 PM Archivo Esta historia fue publicada<\/p>\n","protected":false},"author":2,"featured_media":19897,"comment_status":"open","ping_status":"open","sticky":false,"template":"","format":"standard","meta":{"om_disable_all_campaigns":false,"_monsterinsights_skip_tracking":false,"_monsterinsights_sitenote_active":false,"_monsterinsights_sitenote_note":"","_monsterinsights_sitenote_category":0,"footnotes":""},"categories":[5],"tags":[],"class_list":["post-19896","post","type-post","status-publish","format-standard","has-post-thumbnail","hentry","category-negocios"],"aioseo_notices":[],"_links":{"self":[{"href":"https:\/\/aleeknews.com\/4l33k5\/wp-json\/wp\/v2\/posts\/19896","targetHints":{"allow":["GET"]}}],"collection":[{"href":"https:\/\/aleeknews.com\/4l33k5\/wp-json\/wp\/v2\/posts"}],"about":[{"href":"https:\/\/aleeknews.com\/4l33k5\/wp-json\/wp\/v2\/types\/post"}],"author":[{"embeddable":true,"href":"https:\/\/aleeknews.com\/4l33k5\/wp-json\/wp\/v2\/users\/2"}],"replies":[{"embeddable":true,"href":"https:\/\/aleeknews.com\/4l33k5\/wp-json\/wp\/v2\/comments?post=19896"}],"version-history":[{"count":0,"href":"https:\/\/aleeknews.com\/4l33k5\/wp-json\/wp\/v2\/posts\/19896\/revisions"}],"wp:featuredmedia":[{"embeddable":true,"href":"https:\/\/aleeknews.com\/4l33k5\/wp-json\/wp\/v2\/media\/19897"}],"wp:attachment":[{"href":"https:\/\/aleeknews.com\/4l33k5\/wp-json\/wp\/v2\/media?parent=19896"}],"wp:term":[{"taxonomy":"category","embeddable":true,"href":"https:\/\/aleeknews.com\/4l33k5\/wp-json\/wp\/v2\/categories?post=19896"},{"taxonomy":"post_tag","embeddable":true,"href":"https:\/\/aleeknews.com\/4l33k5\/wp-json\/wp\/v2\/tags?post=19896"}],"curies":[{"name":"wp","href":"https:\/\/api.w.org\/{rel}","templated":true}]}}