{"id":19811,"date":"2026-02-09T16:46:37","date_gmt":"2026-02-09T15:46:37","guid":{"rendered":"https:\/\/aleeknews.com\/4l33k5\/2026\/02\/09\/nimsy-lopez-un-legado-de-alabanza-que-trasciende-generaciones\/"},"modified":"2026-02-09T16:46:37","modified_gmt":"2026-02-09T15:46:37","slug":"nimsy-lopez-un-legado-de-alabanza-que-trasciende-generaciones","status":"publish","type":"post","link":"https:\/\/aleeknews.com\/4l33k5\/2026\/02\/09\/nimsy-lopez-un-legado-de-alabanza-que-trasciende-generaciones\/","title":{"rendered":"Nimsy L\u00f3pez: un legado de alabanza que trasciende generaciones"},"content":{"rendered":"<div data-fusion-lazy-id=\"f0fvkVotAlJJUv\">\n<div>\n<div>\n<p>A lo largo de los a\u00f1os, la adoradora se ha destacado como una de las figuras m\u00e1s influyentes de la m\u00fasica sacra contempor\u00e1nea, especialmente por su resiliencia y la profundidad espiritual de su mensaje. <\/p>\n<div>\n<p><img decoding=\"async\" alt=\"Jomar Jos\u00e9 Rivera Cede\u00f1o\" src=\"https:\/\/www.elnuevodia.com\/pf\/api\/v3\/content\/fetch\/image-resizer-v1?query=%7B%22website%22%3A%22el-nuevo-dia%22%2C%22imageUrl%22%3A%22https%3A%2F%2Fs3.amazonaws.com%2Farc-authors%2Fgfrmedia%2F8cbc33b9-9384-40e7-a8e4-0bc70d0a305d.png%22%2C%22width%22%3A170%2C%22height%22%3A147%2C%22redirect%22%3A%221%22%2C%22external%22%3A%221%22%7D\"><\/p>\n<\/div>\n<div>\n<p>7 de febrero de 2026 &#8211; 4:20 PM<\/p>\n<\/div>\n<\/div>\n<\/div>\n<div>\n<p><b>1 \/ 8 | <\/b><span> Nimsy L\u00f3pez: un legado de alabanza que trasciende generaciones. La carrera de Nimsy L\u00f3pez no solo se limita a la m\u00fasica, sino que destaca por m\u00e1s de 15 a\u00f1os de compromiso con labores humanitarias y de restauraci\u00f3n de vidas. <\/span><i> &#8211; Facebook<\/i><\/p>\n<\/div>\n<\/div>\n\n    <div class=\"xs_social_share_widget xs_share_url after_content \t\tmain_content  wslu-style-1 wslu-share-box-shaped wslu-fill-colored wslu-none wslu-share-horizontal wslu-theme-font-no wslu-main_content\">\n\n\t\t\n        <ul>\n\t\t\t        <\/ul>\n    <\/div> \n","protected":false},"excerpt":{"rendered":"<p>A lo largo de los a\u00f1os, la adoradora se ha destacado como una de las figuras m\u00e1s influyentes de la m\u00fasica sacra contempor\u00e1nea, especialmente por su resiliencia y la profundidad espiritual de su mensaje. 7 de febrero de 2026 &#8211; 4:20 PM 1 \/ 8 | Nimsy L\u00f3pez: un legado de alabanza que trasciende generaciones.<\/p>\n","protected":false},"author":2,"featured_media":19812,"comment_status":"open","ping_status":"open","sticky":false,"template":"","format":"standard","meta":{"om_disable_all_campaigns":false,"_monsterinsights_skip_tracking":false,"_monsterinsights_sitenote_active":false,"_monsterinsights_sitenote_note":"","_monsterinsights_sitenote_category":0,"footnotes":""},"categories":[47],"tags":[],"class_list":["post-19811","post","type-post","status-publish","format-standard","has-post-thumbnail","hentry","category-farandula"],"aioseo_notices":[],"_links":{"self":[{"href":"https:\/\/aleeknews.com\/4l33k5\/wp-json\/wp\/v2\/posts\/19811","targetHints":{"allow":["GET"]}}],"collection":[{"href":"https:\/\/aleeknews.com\/4l33k5\/wp-json\/wp\/v2\/posts"}],"about":[{"href":"https:\/\/aleeknews.com\/4l33k5\/wp-json\/wp\/v2\/types\/post"}],"author":[{"embeddable":true,"href":"https:\/\/aleeknews.com\/4l33k5\/wp-json\/wp\/v2\/users\/2"}],"replies":[{"embeddable":true,"href":"https:\/\/aleeknews.com\/4l33k5\/wp-json\/wp\/v2\/comments?post=19811"}],"version-history":[{"count":0,"href":"https:\/\/aleeknews.com\/4l33k5\/wp-json\/wp\/v2\/posts\/19811\/revisions"}],"wp:featuredmedia":[{"embeddable":true,"href":"https:\/\/aleeknews.com\/4l33k5\/wp-json\/wp\/v2\/media\/19812"}],"wp:attachment":[{"href":"https:\/\/aleeknews.com\/4l33k5\/wp-json\/wp\/v2\/media?parent=19811"}],"wp:term":[{"taxonomy":"category","embeddable":true,"href":"https:\/\/aleeknews.com\/4l33k5\/wp-json\/wp\/v2\/categories?post=19811"},{"taxonomy":"post_tag","embeddable":true,"href":"https:\/\/aleeknews.com\/4l33k5\/wp-json\/wp\/v2\/tags?post=19811"}],"curies":[{"name":"wp","href":"https:\/\/api.w.org\/{rel}","templated":true}]}}