{"id":19790,"date":"2026-02-09T16:45:42","date_gmt":"2026-02-09T15:45:42","guid":{"rendered":"https:\/\/aleeknews.com\/4l33k5\/2026\/02\/09\/cambio-en-la-direccion-financiera-de-firstbank\/"},"modified":"2026-02-09T16:45:42","modified_gmt":"2026-02-09T15:45:42","slug":"cambio-en-la-direccion-financiera-de-firstbank","status":"publish","type":"post","link":"https:\/\/aleeknews.com\/4l33k5\/2026\/02\/09\/cambio-en-la-direccion-financiera-de-firstbank\/","title":{"rendered":"Cambio en la direcci\u00f3n financiera de FirstBank"},"content":{"rendered":"<div>\n<p><b>El vicepresidente ejecutivo y principal oficial financiero (CFO, por sus siglas en ingl\u00e9s), Orlando Berges, se retirar\u00e1 de <\/b><a href=\"https:\/\/www.elnuevodia.com\/topicos\/first-bancorp\/\" target=\"_blank\" rel=\"noreferrer\" title=\"https:\/\/www.elnuevodia.com\/topicos\/first-bancorp\/\"><b>First BanCorp<\/b><\/a> <b>(NYSE: FBP)<\/b> tras casi 17 a\u00f1os en la instituci\u00f3n bancaria, anunci\u00f3 este lunes la matriz de <a href=\"https:\/\/www.elnuevodia.com\/topicos\/first-bank\/\" target=\"_blank\" rel=\"noreferrer\" title=\"https:\/\/www.elnuevodia.com\/topicos\/first-bank\/\"><b>FirstBank<\/b><\/a>. <\/p>\n<p>La jubilaci\u00f3n de Berges ser\u00e1 efectiva el pr\u00f3ximo 30 de junio de 2026.<\/p>\n<p>Bajo su liderazgo, la instituci\u00f3n atraves\u00f3 un proceso de recapitalizaci\u00f3n y recuperaci\u00f3n que incluy\u00f3 el fortalecimiento de los informes financieros, la ejecuci\u00f3n de adquisiciones e integraciones clave, una planificaci\u00f3n de capital m\u00e1s rigurosa y el robustecimiento del balance, elementos que hoy sostienen la rentabilidad y la posici\u00f3n de capital estable de FirstBank, asegur\u00f3 el conglomerado financiero en un informe al mercado.<\/p>\n<p><b>\u201cEstamos profundamente agradecidos por el liderazgo de Orlando y su dedicaci\u00f3n al \u00e9xito de FirstBank\u201d, indic\u00f3 Aurelio Alem\u00e1n, presidente y principal oficial ejecutivo de FBP.<\/b> <\/p>\n<p>Berges se uni\u00f3 al conglomerado bancario en mayo de 2009 y desempe\u00f1\u00f3 un papel central en la transformaci\u00f3n y el fortalecimiento a largo plazo de la instituci\u00f3n. <\/p>\n<p>\u201cSu integridad, profunda pericia financiera y orientaci\u00f3n firme han dejado un impacto duradero en nuestra organizaci\u00f3n y en todas las partes interesadas\u201d, continu\u00f3 Alem\u00e1n.<\/p>\n<p>En su lugar, <b>First BanCorp nombr\u00f3 a Said Ortiz, actual vicepresidente s\u00e9nior y principal oficial de contabilidad, como el nuevo vicepresidente ejecutivo y CFO, efectivo el 1 de julio de 2026.<\/b><\/p>\n<p>Ortiz cuenta con m\u00e1s de 19 a\u00f1os de experiencia en contabilidad, auditor\u00eda y gesti\u00f3n financiera, incluyendo roles de liderazgo en firmas globales de contabilidad p\u00fablica profesional. Comenz\u00f3 a trabajar en FBP en 2013.<\/p>\n<p>La designaci\u00f3n de Ortiz se da en el contexto de sus funciones en las divisiones de Contralor\u00eda y Finanzas, donde estuvo a cargo de \u00e1reas relacionadas con informes financieros, controles internos y contabilidad de la corporaci\u00f3n.<\/p>\n<p><b>Berges y Ortiz trabajar\u00e1n de forma coordinada durante los pr\u00f3ximos meses como parte del proceso de transici\u00f3n, comunic\u00f3 la instituci\u00f3n.<\/b><\/p>\n<p>\u201cNos complace nombrar a Said como nuestro pr\u00f3ximo principal oficial financiero\u201d, expres\u00f3 Alem\u00e1n. \u201cSu peritaje t\u00e9cnico, profundo entendimiento de nuestras operaciones y liderazgo comprobado continuar\u00e1n impulsando nuestra estrategia financiera y apoyando los objetivos a largo plazo de la compa\u00f1\u00eda\u201d.<\/p>\n<\/div>\n\n    <div class=\"xs_social_share_widget xs_share_url after_content \t\tmain_content  wslu-style-1 wslu-share-box-shaped wslu-fill-colored wslu-none wslu-share-horizontal wslu-theme-font-no wslu-main_content\">\n\n\t\t\n        <ul>\n\t\t\t        <\/ul>\n    <\/div> \n","protected":false},"excerpt":{"rendered":"<p>El vicepresidente ejecutivo y principal oficial financiero (CFO, por sus siglas en ingl\u00e9s), Orlando Berges, se retirar\u00e1 de First BanCorp (NYSE: FBP) tras casi 17 a\u00f1os en la instituci\u00f3n bancaria, anunci\u00f3 este lunes la matriz de FirstBank . La jubilaci\u00f3n de Berges ser\u00e1 efectiva el pr\u00f3ximo 30 de junio de 2026. Bajo su liderazgo, la<\/p>\n","protected":false},"author":2,"featured_media":19791,"comment_status":"open","ping_status":"open","sticky":false,"template":"","format":"standard","meta":{"om_disable_all_campaigns":false,"_monsterinsights_skip_tracking":false,"_monsterinsights_sitenote_active":false,"_monsterinsights_sitenote_note":"","_monsterinsights_sitenote_category":0,"footnotes":""},"categories":[5],"tags":[],"class_list":["post-19790","post","type-post","status-publish","format-standard","has-post-thumbnail","hentry","category-negocios"],"aioseo_notices":[],"_links":{"self":[{"href":"https:\/\/aleeknews.com\/4l33k5\/wp-json\/wp\/v2\/posts\/19790","targetHints":{"allow":["GET"]}}],"collection":[{"href":"https:\/\/aleeknews.com\/4l33k5\/wp-json\/wp\/v2\/posts"}],"about":[{"href":"https:\/\/aleeknews.com\/4l33k5\/wp-json\/wp\/v2\/types\/post"}],"author":[{"embeddable":true,"href":"https:\/\/aleeknews.com\/4l33k5\/wp-json\/wp\/v2\/users\/2"}],"replies":[{"embeddable":true,"href":"https:\/\/aleeknews.com\/4l33k5\/wp-json\/wp\/v2\/comments?post=19790"}],"version-history":[{"count":0,"href":"https:\/\/aleeknews.com\/4l33k5\/wp-json\/wp\/v2\/posts\/19790\/revisions"}],"wp:featuredmedia":[{"embeddable":true,"href":"https:\/\/aleeknews.com\/4l33k5\/wp-json\/wp\/v2\/media\/19791"}],"wp:attachment":[{"href":"https:\/\/aleeknews.com\/4l33k5\/wp-json\/wp\/v2\/media?parent=19790"}],"wp:term":[{"taxonomy":"category","embeddable":true,"href":"https:\/\/aleeknews.com\/4l33k5\/wp-json\/wp\/v2\/categories?post=19790"},{"taxonomy":"post_tag","embeddable":true,"href":"https:\/\/aleeknews.com\/4l33k5\/wp-json\/wp\/v2\/tags?post=19790"}],"curies":[{"name":"wp","href":"https:\/\/api.w.org\/{rel}","templated":true}]}}