{"id":19628,"date":"2026-02-06T14:47:12","date_gmt":"2026-02-06T13:47:12","guid":{"rendered":"https:\/\/aleeknews.com\/4l33k5\/2026\/02\/06\/argentina-y-estados-unidos-firman-acuerdo-de-libre-comercio-un-avance-clave-para-javier-milei-2\/"},"modified":"2026-02-06T14:47:12","modified_gmt":"2026-02-06T13:47:12","slug":"argentina-y-estados-unidos-firman-acuerdo-de-libre-comercio-un-avance-clave-para-javier-milei-2","status":"publish","type":"post","link":"https:\/\/aleeknews.com\/4l33k5\/2026\/02\/06\/argentina-y-estados-unidos-firman-acuerdo-de-libre-comercio-un-avance-clave-para-javier-milei-2\/","title":{"rendered":"Argentina y Estados Unidos firman acuerdo de libre comercio, un avance clave para Javier Milei"},"content":{"rendered":"<div>\n<p><a href=\"https:\/\/www.elnuevodia.com\/topicos\/argentina\/\" target=\"_blank\" rel=\"noreferrer\" title=\"https:\/\/www.elnuevodia.com\/topicos\/argentina\/\"><b>Argentina<\/b><\/a> y <a href=\"https:\/\/www.elnuevodia.com\/topicos\/estados-unidos\/\" target=\"_blank\" rel=\"noreferrer\" title=\"https:\/\/www.elnuevodia.com\/topicos\/estados-unidos\/\"><b>Estados Unidos<\/b><\/a> anunciaron el jueves un amplio acuerdo comercial que significa un impulso para el mandatario argentino <a href=\"https:\/\/www.elnuevodia.com\/topicos\/javier-milei\/\" target=\"_blank\" rel=\"noreferrer\" title=\"https:\/\/www.elnuevodia.com\/topicos\/javier-milei\/\"><b>Javier Milei<\/b><\/a> mientras avanza en la apertura de una econom\u00eda notablemente proteccionista, al tiempo que refleja su estrecha alianza con el presidente estadounidense <a href=\"https:\/\/www.elnuevodia.com\/topicos\/donald-trump\/\" target=\"_blank\" rel=\"noreferrer\" title=\"https:\/\/www.elnuevodia.com\/topicos\/donald-trump\/\"><b>Donald Trump<\/b><\/a>.<\/p>\n<p>El ministro de Relaciones Exteriores de Argentina, <b>Pablo Quirno<\/b>, public\u00f3 en redes sociales una selfie en la que aparece acompa\u00f1ado de varios diplom\u00e1ticos argentinos sonriendo despu\u00e9s de sostener una reuni\u00f3n en Washington, donde afirm\u00f3 que hab\u00edan firmado el pacto.<\/p>\n<p><b>\u201cFelicitaciones a nuestro equipo y gracias al equipo del representante comercial de Estados Unidos por construir juntos este gran acuerdo\u201d<\/b>, escribi\u00f3 Quirno. La Oficina del Representante Comercial de Estados Unidos tambi\u00e9n confirm\u00f3 el pacto.<\/p>\n<p>Ambos pa\u00edses anunciaron en noviembre un marco para el acuerdo, diciendo que Argentina aliviar\u00eda las restricciones sobre una amplia gama de importaciones estadounidenses, como el ganado, productos l\u00e1cteos, medicamentos, productos qu\u00edmicos, maquinaria, dispositivos m\u00e9dicos y veh\u00edculos. Esas eran algunas de las principales concesiones para Argentina, donde las industrias locales &#8211;protegidas desde hace tiempo por altos aranceles&#8211; han expresado preocupaci\u00f3n por su capacidad para competir con fabricantes estadounidenses.<\/p>\n<p>Estados Unidos, por su parte, eliminar\u00eda los aranceles rec\u00edprocos sobre las importaciones de \u201cciertos recursos naturales no disponibles\u201d e ingredientes para productos farmac\u00e9uticos de Argentina, seg\u00fan el marco.<\/p>\n<p>La Casa Blanca tambi\u00e9n alcanz\u00f3 en ese momento marcos similares con Ecuador, Guatemala y El Salvador como parte de lo que describi\u00f3 como un esfuerzo por mejorar la capacidad de las empresas estadounidenses para vender productos industriales y agr\u00edcolas en pa\u00edses latinoamericanos, y reducir los precios de los alimentos para los consumidores estadounidenses.<\/p>\n<p>Los funcionarios no ofrecieron de momento detalles sobre la versi\u00f3n final del acuerdo del jueves.<\/p>\n<p>El acuerdo marca el m\u00e1s reciente cap\u00edtulo en la estrecha alianza entre Trump y Milei, quien ha reformado la pol\u00edtica exterior argentina para que alinearse con Estados Unidos, gan\u00e1ndose los elogios de Trump por estabilizar la turbulenta econom\u00eda de su naci\u00f3n y viajar en repetidas ocasiones a Estados Unidos en los \u00faltimos dos a\u00f1os. Milei tiene programado asistir a una gala en la finca de Trump en Florida la pr\u00f3xima semana.<\/p>\n<p><b>Trump apoy\u00f3 el programa fiscal de Milei el a\u00f1o pasado al extender una l\u00ednea de cr\u00e9dito de 20,000 millones de d\u00f3lares que logr\u00f3 tranquilizar los mercados y mejorar las perspectivas de Milei en una crucial elecci\u00f3n de mitad de periodo en octubre pasado.<\/b> El Departamento del Tesoro de Estados Unidos tambi\u00e9n compr\u00f3 directamente bonos argentinos denominados en d\u00f3lares estadounidenses que las agencias de calificaci\u00f3n clasificaron como \u201cbasura\u201d en ese momento.<\/p>\n<p>La extraordinaria intervenci\u00f3n gener\u00f3 cr\u00edticas de parte de todo el espectro pol\u00edtico de Estados Unidos.<\/p>\n<p>La base de seguidores de Trump cuestion\u00f3 la necesidad de rescatar a un pa\u00eds lejano que no s\u00f3lo tiene poca importancia para Estados Unidos, sino que tambi\u00e9n compite directamente con sus exportaciones de ma\u00edz, trigo, carne y petr\u00f3leo.<\/p>\n<p>Legisladores dem\u00f3cratas expresaron indignaci\u00f3n porque Trump estaba poniendo en juego el dinero de los contribuyentes en un regalo pol\u00edtico a su alma gemela ideol\u00f3gica.<\/p>\n<p>Las cr\u00edticas contin\u00faan. La senadora federal Elizabeth Warren, la dem\u00f3crata de mayor rango en la Comisi\u00f3n Bancaria del Senado, apel\u00f3 el jueves al secretario del Tesoro <b>Scott Bessent<\/b> para que ponga fin a la l\u00ednea de cr\u00e9dito de 20,000 millones de d\u00f3lares.<\/p>\n<p>Escribi\u00f3 en una carta que, si bien el Departamento del Tesoro prometi\u00f3 que su l\u00ednea de cr\u00e9dito para Argentina \u201cera para un prop\u00f3sito a corto plazo y urgente, parece&#8230; haber dejado abierta la posibilidad de un uso continuo\u201d.<\/p>\n<\/div>\n\n    <div class=\"xs_social_share_widget xs_share_url after_content \t\tmain_content  wslu-style-1 wslu-share-box-shaped wslu-fill-colored wslu-none wslu-share-horizontal wslu-theme-font-no wslu-main_content\">\n\n\t\t\n        <ul>\n\t\t\t        <\/ul>\n    <\/div> \n","protected":false},"excerpt":{"rendered":"<p>Argentina y Estados Unidos anunciaron el jueves un amplio acuerdo comercial que significa un impulso para el mandatario argentino Javier Milei mientras avanza en la apertura de una econom\u00eda notablemente proteccionista, al tiempo que refleja su estrecha alianza con el presidente estadounidense Donald Trump . El ministro de Relaciones Exteriores de Argentina, Pablo Quirno, public\u00f3<\/p>\n","protected":false},"author":2,"featured_media":19623,"comment_status":"open","ping_status":"open","sticky":false,"template":"","format":"standard","meta":{"om_disable_all_campaigns":false,"_monsterinsights_skip_tracking":false,"_monsterinsights_sitenote_active":false,"_monsterinsights_sitenote_note":"","_monsterinsights_sitenote_category":0,"footnotes":""},"categories":[10],"tags":[],"class_list":["post-19628","post","type-post","status-publish","format-standard","has-post-thumbnail","hentry","category-mundo"],"aioseo_notices":[],"_links":{"self":[{"href":"https:\/\/aleeknews.com\/4l33k5\/wp-json\/wp\/v2\/posts\/19628","targetHints":{"allow":["GET"]}}],"collection":[{"href":"https:\/\/aleeknews.com\/4l33k5\/wp-json\/wp\/v2\/posts"}],"about":[{"href":"https:\/\/aleeknews.com\/4l33k5\/wp-json\/wp\/v2\/types\/post"}],"author":[{"embeddable":true,"href":"https:\/\/aleeknews.com\/4l33k5\/wp-json\/wp\/v2\/users\/2"}],"replies":[{"embeddable":true,"href":"https:\/\/aleeknews.com\/4l33k5\/wp-json\/wp\/v2\/comments?post=19628"}],"version-history":[{"count":0,"href":"https:\/\/aleeknews.com\/4l33k5\/wp-json\/wp\/v2\/posts\/19628\/revisions"}],"wp:featuredmedia":[{"embeddable":true,"href":"https:\/\/aleeknews.com\/4l33k5\/wp-json\/wp\/v2\/media\/19623"}],"wp:attachment":[{"href":"https:\/\/aleeknews.com\/4l33k5\/wp-json\/wp\/v2\/media?parent=19628"}],"wp:term":[{"taxonomy":"category","embeddable":true,"href":"https:\/\/aleeknews.com\/4l33k5\/wp-json\/wp\/v2\/categories?post=19628"},{"taxonomy":"post_tag","embeddable":true,"href":"https:\/\/aleeknews.com\/4l33k5\/wp-json\/wp\/v2\/tags?post=19628"}],"curies":[{"name":"wp","href":"https:\/\/api.w.org\/{rel}","templated":true}]}}