{"id":19596,"date":"2026-02-05T14:45:37","date_gmt":"2026-02-05T13:45:37","guid":{"rendered":"https:\/\/aleeknews.com\/4l33k5\/2026\/02\/05\/enero-termino-con-una-caida-de-9-en-las-ventas-de-autos-nuevos-2\/"},"modified":"2026-02-05T14:45:37","modified_gmt":"2026-02-05T13:45:37","slug":"enero-termino-con-una-caida-de-9-en-las-ventas-de-autos-nuevos-2","status":"publish","type":"post","link":"https:\/\/aleeknews.com\/4l33k5\/2026\/02\/05\/enero-termino-con-una-caida-de-9-en-las-ventas-de-autos-nuevos-2\/","title":{"rendered":"Enero termin\u00f3 con una ca\u00edda de 9% en las ventas de autos nuevos"},"content":{"rendered":"<div>\n<div data-testid=\"global-header-test\" data-fusion-lazy-id=\"f0f5G41E11Y61Ck\">\n<hr>\n<p><span>Bolsa de valores <b>01:45 PM<\/b><\/span><\/p>\n<\/div>\n<div>\n<div data-fusion-lazy-id=\"f0f9tfiOw0362nv\">\n<div class>\n<p><a href=\"https:\/\/thetrustproject.org\/\"><img decoding=\"async\" src=\"https:\/\/www.elnuevodia.com\/pf\/resources\/v2\/icons\/trust-icon.svg?d=220\"><\/a><\/p>\n<div>\n<p>Noticia<\/p>\n<div>\n<p>Basado en hechos que el periodista haya observado y verificado de primera mano, o en informaci\u00f3n verificada que proviene de fuentes bien informadas.<\/p>\n<\/div>\n<\/div>\n<\/div>\n<div>\n<h2>Los importadores registraron un \u201cdeterioro\u201d en la demanda debido a la incertidumbre econ\u00f3mica<\/h2>\n<div>\n<p>11 de febrero de 2025 &#8211; 7:10 PM<\/p>\n<\/div>\n<div>\n<p><b>Archivo<\/b><\/p>\n<p>Esta historia fue publicada hace m\u00e1s de 11 meses.<\/p>\n<\/div>\n<\/div>\n<\/div>\n<div data-fusion-lazy-id=\"f0f8wxHIPTYNet\">\n<div><picture><source media=\"(max-width: 375px)\" ><source media=\"(max-width: 767px)\" ><source media=\"(max-width: 1023px)\" ><source ><\/picture><figcaption>La reducci\u00f3n en las ventas de autos nuevos se produce luego de que el 2024 termin\u00f3 con 121,999 unidades vendidas, cifra que se qued\u00f3 por debajo de las 128,531 que se vendieron el a\u00f1o previo. <span>(Shutterstock)<\/span><\/figcaption><\/div>\n<div>\n<p><img decoding=\"async\" alt=\"Jos\u00e9 Orlando Delgado Rivera\" src=\"https:\/\/www.elnuevodia.com\/resizer\/v2\/https%3A%2F%2Fauthor-service-images-prod-us-east-1.publishing.aws.arc.pub%2Fgfrmedia%2F2b8b5e66-e7c1-4688-835e-191edae0ddfc.png?auth=5b4a7e8f482dddd87f58128de8eceac558550d1b57d5661fab3e195e38c75053&#038;quality=75&#038;smart=true&#038;width=170&#038;height=147\"><\/p>\n<\/div>\n<div>\n<p>El <b>Grupo Unido de Importadores de Autos<\/b> (GUIA) inform\u00f3 que enero termin\u00f3 con una ca\u00edda de 9.1% en la venta de autos nuevos en Puerto Rico.<\/p>\n<\/div>\n<\/div>\n<section>\n<header><span>Popular en la Comunidad<\/span><\/header>\n<\/section>\n<\/div>\n<\/div>\n\n    <div class=\"xs_social_share_widget xs_share_url after_content \t\tmain_content  wslu-style-1 wslu-share-box-shaped wslu-fill-colored wslu-none wslu-share-horizontal wslu-theme-font-no wslu-main_content\">\n\n\t\t\n        <ul>\n\t\t\t        <\/ul>\n    <\/div> \n","protected":false},"excerpt":{"rendered":"<p>Bolsa de valores 01:45 PM Noticia Basado en hechos que el periodista haya observado y verificado de primera mano, o en informaci\u00f3n verificada que proviene de fuentes bien informadas. Los importadores registraron un \u201cdeterioro\u201d en la demanda debido a la incertidumbre econ\u00f3mica 11 de febrero de 2025 &#8211; 7:10 PM Archivo Esta historia fue publicada<\/p>\n","protected":false},"author":2,"featured_media":19591,"comment_status":"open","ping_status":"open","sticky":false,"template":"","format":"standard","meta":{"om_disable_all_campaigns":false,"_monsterinsights_skip_tracking":false,"_monsterinsights_sitenote_active":false,"_monsterinsights_sitenote_note":"","_monsterinsights_sitenote_category":0,"footnotes":""},"categories":[5],"tags":[],"class_list":["post-19596","post","type-post","status-publish","format-standard","has-post-thumbnail","hentry","category-negocios"],"aioseo_notices":[],"_links":{"self":[{"href":"https:\/\/aleeknews.com\/4l33k5\/wp-json\/wp\/v2\/posts\/19596","targetHints":{"allow":["GET"]}}],"collection":[{"href":"https:\/\/aleeknews.com\/4l33k5\/wp-json\/wp\/v2\/posts"}],"about":[{"href":"https:\/\/aleeknews.com\/4l33k5\/wp-json\/wp\/v2\/types\/post"}],"author":[{"embeddable":true,"href":"https:\/\/aleeknews.com\/4l33k5\/wp-json\/wp\/v2\/users\/2"}],"replies":[{"embeddable":true,"href":"https:\/\/aleeknews.com\/4l33k5\/wp-json\/wp\/v2\/comments?post=19596"}],"version-history":[{"count":0,"href":"https:\/\/aleeknews.com\/4l33k5\/wp-json\/wp\/v2\/posts\/19596\/revisions"}],"wp:featuredmedia":[{"embeddable":true,"href":"https:\/\/aleeknews.com\/4l33k5\/wp-json\/wp\/v2\/media\/19591"}],"wp:attachment":[{"href":"https:\/\/aleeknews.com\/4l33k5\/wp-json\/wp\/v2\/media?parent=19596"}],"wp:term":[{"taxonomy":"category","embeddable":true,"href":"https:\/\/aleeknews.com\/4l33k5\/wp-json\/wp\/v2\/categories?post=19596"},{"taxonomy":"post_tag","embeddable":true,"href":"https:\/\/aleeknews.com\/4l33k5\/wp-json\/wp\/v2\/tags?post=19596"}],"curies":[{"name":"wp","href":"https:\/\/api.w.org\/{rel}","templated":true}]}}