{"id":19593,"date":"2026-02-05T14:45:39","date_gmt":"2026-02-05T13:45:39","guid":{"rendered":"https:\/\/aleeknews.com\/4l33k5\/2026\/02\/05\/liberty-puerto-rico-rechaza-comentar-sobre-rumores-de-venta-a-verizon-y-comcast\/"},"modified":"2026-02-05T14:45:39","modified_gmt":"2026-02-05T13:45:39","slug":"liberty-puerto-rico-rechaza-comentar-sobre-rumores-de-venta-a-verizon-y-comcast","status":"publish","type":"post","link":"https:\/\/aleeknews.com\/4l33k5\/2026\/02\/05\/liberty-puerto-rico-rechaza-comentar-sobre-rumores-de-venta-a-verizon-y-comcast\/","title":{"rendered":"Liberty Puerto Rico rechaza comentar sobre rumores de venta a Verizon y Comcast"},"content":{"rendered":"<div>\n<div data-testid=\"global-header-test\" data-fusion-lazy-id=\"f0f5G41E11Y61Ck\">\n<hr>\n<p><span>Bolsa de valores <b>01:45 PM<\/b><\/span><\/p>\n<\/div>\n<div>\n<div data-fusion-lazy-id=\"f0f9tfiOw0362nv\">\n<div class>\n<p><a href=\"https:\/\/thetrustproject.org\/\"><img decoding=\"async\" src=\"https:\/\/www.elnuevodia.com\/pf\/resources\/v2\/icons\/trust-icon.svg?d=220\"><\/a><\/p>\n<div>\n<p>Noticia<\/p>\n<div>\n<p>Basado en hechos que el periodista haya observado y verificado de primera mano, o en informaci\u00f3n verificada que proviene de fuentes bien informadas.<\/p>\n<\/div>\n<\/div>\n<\/div>\n<div>\n<h2>\u201cNo comentamos sobre especulaciones ni rumores\u201d, afirm\u00f3 su gerente general, Eduardo D\u00edaz Corona, al tiempo que confirm\u00f3 que la proveedora se muda de la Milla de Oro <\/h2>\n<div>\n<p>11 de febrero de 2025 &#8211; 4:20 PM<\/p>\n<\/div>\n<div>\n<p><b>Archivo<\/b><\/p>\n<p>Esta historia fue publicada hace m\u00e1s de 11 meses.<\/p>\n<\/div>\n<\/div>\n<\/div>\n<div data-fusion-lazy-id=\"f0f8wxHIPTYNet\">\n<div><picture><source media=\"(max-width: 375px)\" ><source media=\"(max-width: 767px)\" ><source media=\"(max-width: 1023px)\" ><source ><\/picture><figcaption>Eduardo D\u00edaz Corona, gerente general de Liberty, asegur\u00f3 que en 2025 &#8220;continuaremos nuestros planes agresivos de inversi\u00f3n en nuestras redes m\u00f3vil y fija&#8221;. <span>(Pablo Mart\u00ednez Rodr\u00edguez)<\/span><\/figcaption><\/div>\n<div>\n<p><img decoding=\"async\" alt=\"Sharon Minelli P\u00e9rez\" src=\"https:\/\/www.elnuevodia.com\/resizer\/v2\/https%3A%2F%2Fs3.amazonaws.com%2Farc-authors%2Fgfrmedia%2F8e50d93e-0a9f-40ca-bda3-a3fc69f705fa.png?auth=ca40016ef4aff5e1315ee2650a1e5df14a4ccd8bb305ec40f5454f7dd1dccc4a&#038;quality=75&#038;smart=true&#038;width=170&#038;height=147\"><\/p>\n<\/div>\n<div>\n<p>Tras recalcar que la proveedora tiene \u201cplanes agresivos de inversi\u00f3n\u201d en el mercado local, el gerente general de <a href=\"https:\/\/www.elnuevodia.com\/topicos\/liberty-puerto-rico\/\" target=\"_blank\">Liberty Puerto Rico<\/a>, Eduardo D\u00edaz Corona, rechaz\u00f3 validar comentarios publicados en redes sociales de que la empresa estar\u00eda en negociaciones para vender su operaci\u00f3n a Verizon y Comcast.<\/p>\n<\/div>\n<\/div>\n<section>\n<header><span>Popular en la Comunidad<\/span><\/header>\n<\/section>\n<\/div>\n<\/div>\n\n    <div class=\"xs_social_share_widget xs_share_url after_content \t\tmain_content  wslu-style-1 wslu-share-box-shaped wslu-fill-colored wslu-none wslu-share-horizontal wslu-theme-font-no wslu-main_content\">\n\n\t\t\n        <ul>\n\t\t\t        <\/ul>\n    <\/div> \n","protected":false},"excerpt":{"rendered":"<p>Bolsa de valores 01:45 PM Noticia Basado en hechos que el periodista haya observado y verificado de primera mano, o en informaci\u00f3n verificada que proviene de fuentes bien informadas. \u201cNo comentamos sobre especulaciones ni rumores\u201d, afirm\u00f3 su gerente general, Eduardo D\u00edaz Corona, al tiempo que confirm\u00f3 que la proveedora se muda de la Milla de<\/p>\n","protected":false},"author":2,"featured_media":0,"comment_status":"open","ping_status":"open","sticky":false,"template":"","format":"standard","meta":{"om_disable_all_campaigns":false,"_monsterinsights_skip_tracking":false,"_monsterinsights_sitenote_active":false,"_monsterinsights_sitenote_note":"","_monsterinsights_sitenote_category":0,"footnotes":""},"categories":[5],"tags":[],"class_list":["post-19593","post","type-post","status-publish","format-standard","hentry","category-negocios"],"aioseo_notices":[],"_links":{"self":[{"href":"https:\/\/aleeknews.com\/4l33k5\/wp-json\/wp\/v2\/posts\/19593","targetHints":{"allow":["GET"]}}],"collection":[{"href":"https:\/\/aleeknews.com\/4l33k5\/wp-json\/wp\/v2\/posts"}],"about":[{"href":"https:\/\/aleeknews.com\/4l33k5\/wp-json\/wp\/v2\/types\/post"}],"author":[{"embeddable":true,"href":"https:\/\/aleeknews.com\/4l33k5\/wp-json\/wp\/v2\/users\/2"}],"replies":[{"embeddable":true,"href":"https:\/\/aleeknews.com\/4l33k5\/wp-json\/wp\/v2\/comments?post=19593"}],"version-history":[{"count":0,"href":"https:\/\/aleeknews.com\/4l33k5\/wp-json\/wp\/v2\/posts\/19593\/revisions"}],"wp:attachment":[{"href":"https:\/\/aleeknews.com\/4l33k5\/wp-json\/wp\/v2\/media?parent=19593"}],"wp:term":[{"taxonomy":"category","embeddable":true,"href":"https:\/\/aleeknews.com\/4l33k5\/wp-json\/wp\/v2\/categories?post=19593"},{"taxonomy":"post_tag","embeddable":true,"href":"https:\/\/aleeknews.com\/4l33k5\/wp-json\/wp\/v2\/tags?post=19593"}],"curies":[{"name":"wp","href":"https:\/\/api.w.org\/{rel}","templated":true}]}}