{"id":19578,"date":"2026-02-05T14:45:03","date_gmt":"2026-02-05T13:45:03","guid":{"rendered":"https:\/\/aleeknews.com\/4l33k5\/2026\/02\/05\/ucrania-acusa-a-rusia-de-atacar-ilegalmente-su-red-electrica-en-pleno-invierno\/"},"modified":"2026-02-05T14:45:03","modified_gmt":"2026-02-05T13:45:03","slug":"ucrania-acusa-a-rusia-de-atacar-ilegalmente-su-red-electrica-en-pleno-invierno","status":"publish","type":"post","link":"https:\/\/aleeknews.com\/4l33k5\/2026\/02\/05\/ucrania-acusa-a-rusia-de-atacar-ilegalmente-su-red-electrica-en-pleno-invierno\/","title":{"rendered":"Ucrania acusa a Rusia de atacar ilegalmente su red el\u00e9ctrica en pleno invierno"},"content":{"rendered":"<div>\n<p><b>La Haya, Pa\u00edses Bajos-<\/b> En las \u00faltimas semanas, misiles y aviones no tripulados rusos han bombardeado la red el\u00e9ctrica de <a href=\"https:\/\/www.elnuevodia.com\/topicos\/ucrania\/\" target=\"_blank\" rel=\"noreferrer\" title=\"https:\/\/www.elnuevodia.com\/topicos\/ucrania\/\"><b>Ucrania<\/b><\/a>, sumiendo a la poblaci\u00f3n en una oscuridad glacial en uno de los inviernos m\u00e1s fr\u00edos registrados en el pa\u00eds.<\/p>\n<p>Ucrania ha acusado a <a href=\"https:\/\/www.elnuevodia.com\/topicos\/rusia\/\" target=\"_blank\" rel=\"noreferrer\" title=\"https:\/\/www.elnuevodia.com\/topicos\/rusia\/\"><b>Rusia<\/b><\/a> de atacar ilegalmente las infraestructuras el\u00e9ctricas durante la guerra para denegar a los civiles luz, calefacci\u00f3n y agua corriente.<\/p>\n<p><b>\u201cAprovechar los d\u00edas m\u00e1s fr\u00edos del invierno para aterrorizar a la gente es m\u00e1s importante para Rusia que la diplomacia\u201d, declar\u00f3 el martes el presidente ucraniano,<\/b> <a href=\"https:\/\/www.elnuevodia.com\/topicos\/volodymyr-zelensky\/\" target=\"_blank\" rel=\"noreferrer\" title=\"https:\/\/www.elnuevodia.com\/topicos\/volodymyr-zelensky\/\"><b>Volodymyr Zelensky<\/b><\/a>, en v\u00edsperas de una nueva ronda de conversaciones para poner fin al conflicto y mientras las temperaturas en Kiev rondaban los 20 grados bajo cero.<\/p>\n<div>\n<figure><picture><source media=\"(max-width: 375px)\" ><source media=\"(max-width: 767px)\" ><source media=\"(max-width: 1023px)\" ><source ><img src=\"https:\/\/www.elnuevodia.com\/resizer\/v2\/CXSVNYHWWVBEFHXRTIRJFFR2SE.jpg?auth=6f05eee3ee1213524a34fbb09a0d1a2196b3c0ca1d0408f457c04c24debffe24&#038;quality=75&#038;width=829&#038;smart=true\" alt=\"Trabajadores limpian los da\u00f1os en la central t\u00e9rmica de Darnytsia tras un ataque ruso en Kiev, Ucrania, el mi\u00e9rcoles 4 de febrero de 2026. (Foto AP\/Sergei Grits)\" loading=\"eager\" fetchpriority=\"high\" decoding=\"sync\"><\/picture><figcaption>Trabajadores limpian los da\u00f1os en la central t\u00e9rmica de Darnytsia tras un ataque ruso en Kiev, Ucrania, el mi\u00e9rcoles 4 de febrero de 2026. (Foto AP\/Sergei Grits) (Sergei Grits)<\/figcaption><\/figure>\n<\/div>\n<p>Rusia afirma que sus ataques son parte leg\u00edtima de su campa\u00f1a militar contra su vecino. La propia invasi\u00f3n de Ucrania por Mosc\u00fa se considera en general un acto ilegal de agresi\u00f3n.<\/p>\n<p>Entonces, \u00bfest\u00e1n permitidos los ataques a instalaciones energ\u00e9ticas durante la guerra?<\/p>\n<p><h4><b>Lo que dice el Derecho internacional<\/b><\/h4>\n<\/p>\n<p>Los combatientes pueden atacar legalmente una red el\u00e9ctrica si el ataque \u201cafecta directamente a un objetivo militar v\u00e1lido\u201d, pero no pueden causar un n\u00famero excesivo de v\u00edctimas civiles, afirm\u00f3 David Crane, ex fiscal jefe del Tribunal Especial de las <a href=\"https:\/\/www.elnuevodia.com\/topicos\/onu\/\" target=\"_blank\" rel=\"noreferrer\" title=\"https:\/\/www.elnuevodia.com\/topicos\/onu\/\"><b>Naciones Unidas<\/b><\/a> para Sierra Leona.<\/p>\n<p>En el caso de los ataques de Rusia contra Ucrania, \u201clos ataques indiscriminados y generalizados no se acercan a lo que es legal\u201d, afirm\u00f3 en una respuesta por correo electr\u00f3nico a preguntas de The Associated Press.<\/p>\n<p>El Comit\u00e9 Internacional de la <a href=\"https:\/\/www.elnuevodia.com\/topicos\/cruz-roja\/\" target=\"_blank\" rel=\"noreferrer\" title=\"https:\/\/www.elnuevodia.com\/topicos\/cruz-roja\/\"><b>Cruz Roja<\/b><\/a> afirma que las partes de los sistemas energ\u00e9ticos que prestan servicios esenciales a la poblaci\u00f3n civil \u201cson, en principio, bienes de car\u00e1cter civil y, como tales, est\u00e1n protegidos contra los ataques directos y las represalias, as\u00ed como contra los da\u00f1os incidentales.\u201d<\/p>\n<p>De hecho,<b> los jueces de instrucci\u00f3n de la Corte Penal Internacional dictaron \u00f3rdenes de detenci\u00f3n en 2024 contra altos mandos militares rusos y el exministro de Defensa del pa\u00eds por su presunta implicaci\u00f3n en ataques con misiles contra infraestructuras el\u00e9ctricas.<\/b><\/p>\n<p>Al anunciar las \u00f3rdenes de detenci\u00f3n contra el ex ministro de Defensa Sergei Shoigu y el jefe militar de Rusia, el general Valery Gerasimov, el tribunal dijo que los jueces encontraron \u201cmotivos razonables para creer que los presuntos ataques estaban dirigidos contra objetivos civiles, y para aquellas instalaciones que pudieran haber sido calificadas como objetivos militares en el momento relevante, los da\u00f1os y perjuicios incidentales a civiles esperados habr\u00edan sido claramente excesivos para la ventaja militar prevista\u201d.<\/p>\n<p>Rusia no es miembro del tribunal, rechaza su jurisdicci\u00f3n y se niega a extraditar a sospechosos para que comparezcan ante la justicia en los tribunales de la CPI en La Haya (Pa\u00edses Bajos).<\/p>\n<div>\n<figure><picture><source media=\"(max-width: 375px)\" ><source media=\"(max-width: 767px)\" ><source media=\"(max-width: 1023px)\" ><source ><img src=\"https:\/\/www.elnuevodia.com\/resizer\/v2\/GSULRBCB4VCUPBUOIKXM3LYIMU.jpg?auth=6300e73f45e699b188bfc5d0ce67476866f4c79c6f9eaf240404412eaa8b20e0&#038;quality=75&#038;width=829&#038;smart=true\" alt=\"Trabajadores limpian los da\u00f1os en la central t\u00e9rmica de Darnytsia tras un ataque ruso en Kiev, Ucrania, el mi\u00e9rcoles 4 de febrero de 2026. (Foto AP\/Sergei Grits)\" loading=\"eager\" fetchpriority=\"high\" decoding=\"sync\"><\/picture><figcaption>Trabajadores limpian los da\u00f1os en la central t\u00e9rmica de Darnytsia tras un ataque ruso en Kiev, Ucrania, el mi\u00e9rcoles 4 de febrero de 2026. (Foto AP\/Sergei Grits) (Sergei Grits)<\/figcaption><\/figure>\n<\/div>\n<p><h4><b>Lo que alega Rusia<\/b><\/h4>\n<\/p>\n<p>El ej\u00e9rcito ruso ha afirmado en repetidas ocasiones que ha atacado instalaciones energ\u00e9ticas y otras infraestructuras que sirven de apoyo a las industrias militares y las fuerzas armadas ucranianas. Ha negado haber atacado zonas residenciales a pesar de las pruebas diarias de lo contrario.<\/p>\n<p>El portavoz del Kremlin, Dmitry Peskov, insisti\u00f3 el mi\u00e9rcoles en que \u201cnuestros militares est\u00e1n atacando los objetivos que creen asociados al complejo militar del r\u00e9gimen de Kiev, la operaci\u00f3n contin\u00faa.\u201d<\/p>\n<p><h4><b>Lo que dice Ucrania<\/b><\/h4>\n<\/p>\n<p>Kiev acusa a Rusia de tratar de agotar el apetito de los ucranianos por la lucha infligiendo penurias a los civiles obligados a vivir en hogares oscuros y helados.<\/p>\n<p>Las autoridades afirman que Rusia ha intentado paralizar la red el\u00e9ctrica ucraniana atacando subestaciones, transformadores, turbinas y generadores de centrales el\u00e9ctricas. La mayor compa\u00f1\u00eda el\u00e9ctrica privada de Ucrania, DTEK, dijo que el ataque nocturno de esta semana era el noveno asalto importante a las centrales t\u00e9rmicas de la compa\u00f1\u00eda desde octubre.<\/p>\n<\/div>\n\n    <div class=\"xs_social_share_widget xs_share_url after_content \t\tmain_content  wslu-style-1 wslu-share-box-shaped wslu-fill-colored wslu-none wslu-share-horizontal wslu-theme-font-no wslu-main_content\">\n\n\t\t\n        <ul>\n\t\t\t        <\/ul>\n    <\/div> \n","protected":false},"excerpt":{"rendered":"<p>La Haya, Pa\u00edses Bajos- En las \u00faltimas semanas, misiles y aviones no tripulados rusos han bombardeado la red el\u00e9ctrica de Ucrania , sumiendo a la poblaci\u00f3n en una oscuridad glacial en uno de los inviernos m\u00e1s fr\u00edos registrados en el pa\u00eds. Ucrania ha acusado a Rusia de atacar ilegalmente las infraestructuras el\u00e9ctricas durante la guerra<\/p>\n","protected":false},"author":2,"featured_media":19579,"comment_status":"open","ping_status":"open","sticky":false,"template":"","format":"standard","meta":{"om_disable_all_campaigns":false,"_monsterinsights_skip_tracking":false,"_monsterinsights_sitenote_active":false,"_monsterinsights_sitenote_note":"","_monsterinsights_sitenote_category":0,"footnotes":""},"categories":[10],"tags":[],"class_list":["post-19578","post","type-post","status-publish","format-standard","has-post-thumbnail","hentry","category-mundo"],"aioseo_notices":[],"_links":{"self":[{"href":"https:\/\/aleeknews.com\/4l33k5\/wp-json\/wp\/v2\/posts\/19578","targetHints":{"allow":["GET"]}}],"collection":[{"href":"https:\/\/aleeknews.com\/4l33k5\/wp-json\/wp\/v2\/posts"}],"about":[{"href":"https:\/\/aleeknews.com\/4l33k5\/wp-json\/wp\/v2\/types\/post"}],"author":[{"embeddable":true,"href":"https:\/\/aleeknews.com\/4l33k5\/wp-json\/wp\/v2\/users\/2"}],"replies":[{"embeddable":true,"href":"https:\/\/aleeknews.com\/4l33k5\/wp-json\/wp\/v2\/comments?post=19578"}],"version-history":[{"count":0,"href":"https:\/\/aleeknews.com\/4l33k5\/wp-json\/wp\/v2\/posts\/19578\/revisions"}],"wp:featuredmedia":[{"embeddable":true,"href":"https:\/\/aleeknews.com\/4l33k5\/wp-json\/wp\/v2\/media\/19579"}],"wp:attachment":[{"href":"https:\/\/aleeknews.com\/4l33k5\/wp-json\/wp\/v2\/media?parent=19578"}],"wp:term":[{"taxonomy":"category","embeddable":true,"href":"https:\/\/aleeknews.com\/4l33k5\/wp-json\/wp\/v2\/categories?post=19578"},{"taxonomy":"post_tag","embeddable":true,"href":"https:\/\/aleeknews.com\/4l33k5\/wp-json\/wp\/v2\/tags?post=19578"}],"curies":[{"name":"wp","href":"https:\/\/api.w.org\/{rel}","templated":true}]}}