{"id":19571,"date":"2026-02-05T14:45:07","date_gmt":"2026-02-05T13:45:07","guid":{"rendered":"https:\/\/aleeknews.com\/4l33k5\/2026\/02\/05\/jd-vance-llega-a-milan-para-los-juegos-olimpicos-de-invierno\/"},"modified":"2026-02-05T14:45:07","modified_gmt":"2026-02-05T13:45:07","slug":"jd-vance-llega-a-milan-para-los-juegos-olimpicos-de-invierno","status":"publish","type":"post","link":"https:\/\/aleeknews.com\/4l33k5\/2026\/02\/05\/jd-vance-llega-a-milan-para-los-juegos-olimpicos-de-invierno\/","title":{"rendered":"JD Vance llega a Mil\u00e1n para los Juegos Ol\u00edmpicos de Invierno"},"content":{"rendered":"<div>\n<p><b>Mil\u00e1n<\/b> &#8211; El vicepresidente <a href=\"https:\/\/www.elnuevodia.com\/topicos\/jd-vance\/\" target=\"_self\" rel title=\"https:\/\/www.elnuevodia.com\/topicos\/jd-vance\/\">JD Vance<\/a> aterriz\u00f3 el jueves en Mil\u00e1n con su familia, primera escala de un viaje que combina diplomacia y deporte en el que encabeza la delegaci\u00f3n del presidente <a href=\"https:\/\/www.elnuevodia.com\/topicos\/donald-trump\/\" target=\"_self\" rel title=\"https:\/\/www.elnuevodia.com\/topicos\/donald-trump\/\">Donald Trump<\/a> a los Juegos Ol\u00edmpicos de Invierno de 2026 y posteriormente har\u00e1 escala en Armenia y Azerbaiy\u00e1n en una muestra de apoyo al acuerdo de paz mediado por la <a href=\"https:\/\/www.elnuevodia.com\/topicos\/casa-blanca\/\" target=\"_self\" rel title=\"https:\/\/www.elnuevodia.com\/topicos\/casa-blanca\/\">Casa Blanca<\/a> el a\u00f1o pasado.<\/p>\n<p><b>El viaje de una semana puede ser uno de los pocos viajes internacionales que haga Vance este a\u00f1o.<\/b> Trump y los miembros de su gabinete se est\u00e1n centrando m\u00e1s en los asuntos internos -y en los viajes internos- de cara a las elecciones de mitad de mandato de noviembre, dijo el mes pasado la jefa de gabinete de la Casa Blanca, Susie Wiles.<\/p>\n<p>El jueves, Vance tiene previsto reunirse con los atletas estadounidenses que compiten en los Juegos de Invierno de Mil\u00e1n Cortina, y m\u00e1s tarde tiene previsto ver al equipo femenino de hockey de Estados Unidos enfrentarse a Chequia en un partido preliminar.<\/p>\n<p>En la ceremonia de inauguraci\u00f3n de los Juegos, el viernes, el vicepresidente encabezar\u00e1 una delegaci\u00f3n estadounidense que incluye a su esposa, la segunda dama Usha Vance; el secretario de Estado, <a href=\"https:\/\/www.elnuevodia.com\/topicos\/marco-rubio\/\" target=\"_self\" rel title=\"https:\/\/www.elnuevodia.com\/topicos\/marco-rubio\/\">Marco Rubio<\/a>; y el embajador de Estados Unidos en Italia, Tilman Fertitta. Tambi\u00e9n formar\u00e1n parte de la delegaci\u00f3n antiguos medallistas de oro ol\u00edmpicos, como las hermanas Jocelyne Lamoureux-Davidson y Monique Lamoureux-Morando, jugadoras de hockey; el patinador de velocidad Apolo Ohno y el patinador art\u00edstico Evan Lysacek.<\/p>\n<p>Vance sigue los pasos de los exvicepresidentes <a href=\"https:\/\/www.elnuevodia.com\/topicos\/joe-biden\/\" target=\"_self\" rel title=\"https:\/\/www.elnuevodia.com\/topicos\/joe-biden\/\">Joe Biden<\/a>, que asisti\u00f3 a los Juegos Ol\u00edmpicos de Invierno en Vancouver en 2010, y Mike Pence, que viaj\u00f3 a Pyeongchang (Corea) en 2018. La exvicepresidenta <a href=\"https:\/\/www.elnuevodia.com\/topicos\/kamala-harris\/\" target=\"_self\" rel title=\"https:\/\/www.elnuevodia.com\/topicos\/kamala-harris\/\">Kamala Harris<\/a> no asisti\u00f3 a los Juegos Ol\u00edmpicos de Invierno de 2022 en Pek\u00edn porque el gobierno de Biden no envi\u00f3 a ning\u00fan funcionario diplom\u00e1tico como boicot por motivos de derechos humanos.<\/p>\n<p>Despu\u00e9s de <a href=\"https:\/\/www.elnuevodia.com\/topicos\/italia\/\" target=\"_self\" rel title=\"https:\/\/www.elnuevodia.com\/topicos\/italia\/\">Italia<\/a>, Vance tiene previsto dirigirse a Armenia y Azerbaiy\u00e1n, donde Trump le ha encargado que desarrolle un acuerdo destinado a poner fin a cuatro d\u00e9cadas de conflicto entre ambos pa\u00edses.<\/p>\n<p>El acuerdo de paz refuerza la posici\u00f3n de Estados Unidos en la regi\u00f3n en un momento en que la influencia de <a href=\"https:\/\/www.elnuevodia.com\/topicos\/rusia\/\" target=\"_self\" rel title=\"https:\/\/www.elnuevodia.com\/topicos\/rusia\/\">Rusia<\/a> est\u00e1 disminuyendo. Las dos antiguas rep\u00fablicas sovi\u00e9ticas, Armenia y Azerbaiy\u00e1n, acordaron reabrir rutas de transporte clave y reforzar la cooperaci\u00f3n con Estados Unidos en materia de energ\u00eda, tecnolog\u00eda y econom\u00eda. <b>El acuerdo tambi\u00e9n prev\u00e9 la creaci\u00f3n de un importante corredor de tr\u00e1nsito denominado Ruta Trump para la Paz y la Prosperidad Internacionales. Se espera que conecte Azerbaiy\u00e1n y su exclave aut\u00f3nomo de Najichev\u00e1n, separados por una franja de territorio armenio de 32 kil\u00f3metros de ancho.<\/b><\/p>\n<p>La misi\u00f3n de Vance en el viaje para impulsar el esfuerzo de paz es similar a una misi\u00f3n que asumi\u00f3 en octubre, cuando viaj\u00f3 a Israel semanas despu\u00e9s de que se negociara un alto el fuego en su guerra con Ham\u00e1s en Gaza, reiterando el compromiso de la administraci\u00f3n Trump con el esfuerzo.<\/p>\n<p>Adem\u00e1s de la parada en <a href=\"https:\/\/www.elnuevodia.com\/topicos\/israel\/\" target=\"_self\" rel title=\"https:\/\/www.elnuevodia.com\/topicos\/israel\/\">Israel<\/a> el a\u00f1o pasado, Vance viaj\u00f3 a Francia, Alemania, Groenlandia, India y el Reino Unido. Visit\u00f3 Italia en dos ocasiones y se reuni\u00f3 con el <a href=\"https:\/\/www.elnuevodia.com\/topicos\/papa-francisco\/\" target=\"_self\" rel title=\"https:\/\/www.elnuevodia.com\/topicos\/papa-francisco\/\">papa Francisco<\/a> antes de su muerte y, m\u00e1s tarde, con su sucesor, el <a href=\"https:\/\/www.elnuevodia.com\/topicos\/papa-leon-xiv\/\" target=\"_self\" rel title=\"https:\/\/www.elnuevodia.com\/topicos\/papa-leon-xiv\/\">papa Le\u00f3n XIV<\/a>.<\/p>\n<p>Mientras que los presidentes centran sus viajes al extranjero en reuniones con algunos de los mayores aliados de Estados Unidos, los vicepresidentes a menudo son llamados a realizar viajes un poco fuera de los caminos trillados. Biden, por ejemplo, fue a Mongolia en 2011, donde prob\u00f3 el tiro con arco y le regalaron un caballo. En 2017, Pence visit\u00f3 Estonia, Georgia y Montenegro, donde reafirm\u00f3 su apoyo a la OTAN, adem\u00e1s de participar en un acto de diplomacia simb\u00f3lica con la plantaci\u00f3n de un roble.<\/p>\n<p>Para los vicepresidentes, los viajes al extranjero son en parte \u201cuna funci\u00f3n de lo que al presidente le gusta hacer &#8211; y no le gusta hacer\u201d, dijo Marc Short, que fue jefe de gabinete de Pence durante el primer mandato de Trump.<\/p>\n<p>A veces, los viajes pueden incluir elementos inesperados, como el viaje de Pence en 2018 a la Cumbre de Asia Oriental en Singapur, que incluy\u00f3 una reuni\u00f3n informal con el presidente ruso <a href=\"https:\/\/www.elnuevodia.com\/topicos\/vladimir-putin\/\" target=\"_self\" rel title=\"https:\/\/www.elnuevodia.com\/topicos\/vladimir-putin\/\">Vladimir Putin<\/a>.<\/p>\n<p>Short tambi\u00e9n record\u00f3 un viaje a Polonia en 2019 en el que Pence fue llamado para sustituir al presidente que se qued\u00f3 en casa para supervisar el hurac\u00e1n Dorian. Ese viaje incluy\u00f3 una reuni\u00f3n con el presidente ucraniano <a href=\"https:\/\/www.elnuevodia.com\/topicos\/volodymyr-zelensky\/\" target=\"_self\" rel title=\"https:\/\/www.elnuevodia.com\/topicos\/volodymyr-zelensky\/\">Volodymyr Zelensky<\/a>.<\/p>\n<p>&#8212;&#8212;&#8211;<\/p>\n<p><i>Esta historia fue traducida del ingl\u00e9s al espa\u00f1ol con una herramienta de inteligencia artificial y fue revisada por un editor antes de su publicaci\u00f3n.<\/i><\/p>\n<\/div>\n\n    <div class=\"xs_social_share_widget xs_share_url after_content \t\tmain_content  wslu-style-1 wslu-share-box-shaped wslu-fill-colored wslu-none wslu-share-horizontal wslu-theme-font-no wslu-main_content\">\n\n\t\t\n        <ul>\n\t\t\t        <\/ul>\n    <\/div> \n","protected":false},"excerpt":{"rendered":"<p>Mil\u00e1n &#8211; El vicepresidente JD Vance aterriz\u00f3 el jueves en Mil\u00e1n con su familia, primera escala de un viaje que combina diplomacia y deporte en el que encabeza la delegaci\u00f3n del presidente Donald Trump a los Juegos Ol\u00edmpicos de Invierno de 2026 y posteriormente har\u00e1 escala en Armenia y Azerbaiy\u00e1n en una muestra de apoyo<\/p>\n","protected":false},"author":2,"featured_media":19572,"comment_status":"open","ping_status":"open","sticky":false,"template":"","format":"standard","meta":{"om_disable_all_campaigns":false,"_monsterinsights_skip_tracking":false,"_monsterinsights_sitenote_active":false,"_monsterinsights_sitenote_note":"","_monsterinsights_sitenote_category":0,"footnotes":""},"categories":[10],"tags":[],"class_list":["post-19571","post","type-post","status-publish","format-standard","has-post-thumbnail","hentry","category-mundo"],"aioseo_notices":[],"_links":{"self":[{"href":"https:\/\/aleeknews.com\/4l33k5\/wp-json\/wp\/v2\/posts\/19571","targetHints":{"allow":["GET"]}}],"collection":[{"href":"https:\/\/aleeknews.com\/4l33k5\/wp-json\/wp\/v2\/posts"}],"about":[{"href":"https:\/\/aleeknews.com\/4l33k5\/wp-json\/wp\/v2\/types\/post"}],"author":[{"embeddable":true,"href":"https:\/\/aleeknews.com\/4l33k5\/wp-json\/wp\/v2\/users\/2"}],"replies":[{"embeddable":true,"href":"https:\/\/aleeknews.com\/4l33k5\/wp-json\/wp\/v2\/comments?post=19571"}],"version-history":[{"count":0,"href":"https:\/\/aleeknews.com\/4l33k5\/wp-json\/wp\/v2\/posts\/19571\/revisions"}],"wp:featuredmedia":[{"embeddable":true,"href":"https:\/\/aleeknews.com\/4l33k5\/wp-json\/wp\/v2\/media\/19572"}],"wp:attachment":[{"href":"https:\/\/aleeknews.com\/4l33k5\/wp-json\/wp\/v2\/media?parent=19571"}],"wp:term":[{"taxonomy":"category","embeddable":true,"href":"https:\/\/aleeknews.com\/4l33k5\/wp-json\/wp\/v2\/categories?post=19571"},{"taxonomy":"post_tag","embeddable":true,"href":"https:\/\/aleeknews.com\/4l33k5\/wp-json\/wp\/v2\/tags?post=19571"}],"curies":[{"name":"wp","href":"https:\/\/api.w.org\/{rel}","templated":true}]}}