{"id":19246,"date":"2026-01-29T12:43:31","date_gmt":"2026-01-29T11:43:31","guid":{"rendered":"https:\/\/aleeknews.com\/4l33k5\/2026\/01\/29\/cuanto-dinero-te-podrias-ahorrar-con-la-reforma-contributiva\/"},"modified":"2026-01-29T12:43:31","modified_gmt":"2026-01-29T11:43:31","slug":"cuanto-dinero-te-podrias-ahorrar-con-la-reforma-contributiva","status":"publish","type":"post","link":"https:\/\/aleeknews.com\/4l33k5\/2026\/01\/29\/cuanto-dinero-te-podrias-ahorrar-con-la-reforma-contributiva\/","title":{"rendered":"\u00bfCu\u00e1nto dinero te podr\u00edas ahorrar con la reforma contributiva?"},"content":{"rendered":"<div>\n<p>La propuesta contributiva que recientemente envi\u00f3 la gobernadora Jenniffer Gonz\u00e1lez a la Legislatura abarca cambios en los umbrales contributivos para individuos, los cuales se espera que se traduzcan en ahorros para los contribuyentes.<\/p>\n<p>La meta de la administraci\u00f3n de Gonz\u00e1lez Col\u00f3n es que la C\u00e1mara y el Senado apruebe las enmiendas propuestas<b> al C\u00f3digo de Rentas Internas para que se apliquen al periodo de radicaci\u00f3n de planillas de 2026. <\/b><\/p>\n<p><b>Para lograrlo el secretario del Departamento de Hacienda, \u00c1ngel Pantoja, inform\u00f3 ayer, martes, que se eval\u00faa extender las fechas de radicaci\u00f3n de planillas. <\/b>Por los pasados a\u00f1os el ciclo contributivo para individuos inici\u00f3 a mediados de febrero, extendi\u00e9ndose hasta el 15 de abril. <\/p>\n<p><b>Se estima que la reforma contributiva le costar\u00e1 al erario $550 millones que se sustituir\u00e1n con otros ajustes contributivos como la eliminaci\u00f3n de la exenci\u00f3n de arbitrios sobre veh\u00edculos h\u00edbridos y el\u00e9ctricos, as\u00ed como el pago del Impuesto sobre Ventas y Uso (IVU) en materias de energ\u00eda solar. <\/b><\/p>\n<p>Pero, finalmente, \u00bfcu\u00e1nto dinero se ahorrar\u00e1n los contribuyentes con los cambios propuestos por la gobernadora? <b>A continuaci\u00f3n te explicamos tres cambios que pudieran beneficiarte.<\/b><\/p>\n<\/div>\n\n    <div class=\"xs_social_share_widget xs_share_url after_content \t\tmain_content  wslu-style-1 wslu-share-box-shaped wslu-fill-colored wslu-none wslu-share-horizontal wslu-theme-font-no wslu-main_content\">\n\n\t\t\n        <ul>\n\t\t\t        <\/ul>\n    <\/div> \n","protected":false},"excerpt":{"rendered":"<p>La propuesta contributiva que recientemente envi\u00f3 la gobernadora Jenniffer Gonz\u00e1lez a la Legislatura abarca cambios en los umbrales contributivos para individuos, los cuales se espera que se traduzcan en ahorros para los contribuyentes. La meta de la administraci\u00f3n de Gonz\u00e1lez Col\u00f3n es que la C\u00e1mara y el Senado apruebe las enmiendas propuestas al C\u00f3digo de<\/p>\n","protected":false},"author":2,"featured_media":19247,"comment_status":"open","ping_status":"open","sticky":false,"template":"","format":"standard","meta":{"om_disable_all_campaigns":false,"_monsterinsights_skip_tracking":false,"footnotes":""},"categories":[5],"tags":[],"class_list":["post-19246","post","type-post","status-publish","format-standard","has-post-thumbnail","hentry","category-negocios"],"aioseo_notices":[],"_links":{"self":[{"href":"https:\/\/aleeknews.com\/4l33k5\/wp-json\/wp\/v2\/posts\/19246","targetHints":{"allow":["GET"]}}],"collection":[{"href":"https:\/\/aleeknews.com\/4l33k5\/wp-json\/wp\/v2\/posts"}],"about":[{"href":"https:\/\/aleeknews.com\/4l33k5\/wp-json\/wp\/v2\/types\/post"}],"author":[{"embeddable":true,"href":"https:\/\/aleeknews.com\/4l33k5\/wp-json\/wp\/v2\/users\/2"}],"replies":[{"embeddable":true,"href":"https:\/\/aleeknews.com\/4l33k5\/wp-json\/wp\/v2\/comments?post=19246"}],"version-history":[{"count":0,"href":"https:\/\/aleeknews.com\/4l33k5\/wp-json\/wp\/v2\/posts\/19246\/revisions"}],"wp:featuredmedia":[{"embeddable":true,"href":"https:\/\/aleeknews.com\/4l33k5\/wp-json\/wp\/v2\/media\/19247"}],"wp:attachment":[{"href":"https:\/\/aleeknews.com\/4l33k5\/wp-json\/wp\/v2\/media?parent=19246"}],"wp:term":[{"taxonomy":"category","embeddable":true,"href":"https:\/\/aleeknews.com\/4l33k5\/wp-json\/wp\/v2\/categories?post=19246"},{"taxonomy":"post_tag","embeddable":true,"href":"https:\/\/aleeknews.com\/4l33k5\/wp-json\/wp\/v2\/tags?post=19246"}],"curies":[{"name":"wp","href":"https:\/\/api.w.org\/{rel}","templated":true}]}}