{"id":19244,"date":"2026-01-29T12:43:32","date_gmt":"2026-01-29T11:43:32","guid":{"rendered":"https:\/\/aleeknews.com\/4l33k5\/2026\/01\/29\/complicado-aprobar-la-reforma-contributiva-en-esta-sesion-legislativa\/"},"modified":"2026-01-29T12:43:32","modified_gmt":"2026-01-29T11:43:32","slug":"complicado-aprobar-la-reforma-contributiva-en-esta-sesion-legislativa","status":"publish","type":"post","link":"https:\/\/aleeknews.com\/4l33k5\/2026\/01\/29\/complicado-aprobar-la-reforma-contributiva-en-esta-sesion-legislativa\/","title":{"rendered":"\u201cComplicado\u201d aprobar la reforma contributiva en esta sesi\u00f3n legislativa"},"content":{"rendered":"<div>\n<div data-testid=\"global-header-test\" data-fusion-lazy-id=\"f0f5G41E11Y61Ck\">\n<hr>\n<p><span>Bolsa de valores <b>11:43 AM<\/b><\/span><\/p>\n<\/div>\n<div>\n<div data-fusion-lazy-id=\"f0f9tfiOw0362nv\">\n<div class>\n<p><a href=\"https:\/\/thetrustproject.org\/\"><img decoding=\"async\" src=\"https:\/\/www.elnuevodia.com\/pf\/resources\/v2\/icons\/trust-icon.svg?d=219\"><\/a><\/p>\n<div>\n<p>Se adhiere a los criterios de The Trust Project<\/p>\n<\/div>\n<\/div>\n<div>\n<h2>El presidente de la comisi\u00f3n de Hacienda en la C\u00e1mara, Jes\u00fas Santa, asegura intentan avanzar mientras Junta Fiscal pide un proyecto de ley que atienda todo el sistema contributivo de una vez<\/h2>\n<div>\n<p>10 de mayo de 2023 &#8211; 11:40 PM<\/p>\n<\/div>\n<div>\n<p><b>Archivo<\/b><\/p>\n<p>Esta historia fue publicada hace m\u00e1s de 2 a\u00f1os.<\/p>\n<\/div>\n<\/div>\n<\/div>\n<div data-fusion-lazy-id=\"f0f8wxHIPTYNet\">\n<div><picture><source media=\"(max-width: 375px)\" ><source media=\"(max-width: 767px)\" ><source media=\"(max-width: 1023px)\" ><source ><\/picture><figcaption>El representante Jes\u00fas Santa dijo que es poco probable que haya una reforma contributiva antes del 30 de junio.<br \/>\n(FOTO: VANESSA SERRA DIAZ<br \/>\nvanessa.serra@gfrmedia.com) <span>(vanessa.serra@gfrmedia.com)<\/span><\/figcaption><\/div>\n<div>\n<p><img decoding=\"async\" alt=\"Maricarmen Rivera S\u00e1nchez\" src=\"https:\/\/www.elnuevodia.com\/resizer\/v2\/https%3A%2F%2Fauthor-service-images-prod-us-east-1.publishing.aws.arc.pub%2Fgfrmedia%2Fd7e09b7c-e3ac-42d9-9b55-fd4ec60fdd8e.png?auth=473195d231d90ef88f73011702b0a9dfb1fd392b4b707b9f977bd57796ae2b6e&#038;quality=75&#038;smart=true&#038;width=170&#038;height=147\"><\/p>\n<\/div>\n<div>\n<p>El representante <a href=\"https:\/\/www.elnuevodia.com\/topicos\/jesus-santa\/\" target=\"_blank\">Jes\u00fas Santa<\/a>, presidente de la comisi\u00f3n cameral de Hacienda y Presupuesto, dej\u00f3 saber que <b>las probabilidades de aprobar una reforma contributiva antes del pr\u00f3ximo 30 de junio, d\u00eda en que termina la sesi\u00f3n legislativa, est\u00e1n finitas, sino inexistentes.<\/b><\/p>\n<\/div>\n<\/div>\n<section>\n<header><span>Popular en la Comunidad<\/span><\/header>\n<\/section>\n<\/div>\n<\/div>\n\n    <div class=\"xs_social_share_widget xs_share_url after_content \t\tmain_content  wslu-style-1 wslu-share-box-shaped wslu-fill-colored wslu-none wslu-share-horizontal wslu-theme-font-no wslu-main_content\">\n\n\t\t\n        <ul>\n\t\t\t        <\/ul>\n    <\/div> \n","protected":false},"excerpt":{"rendered":"<p>Bolsa de valores 11:43 AM Se adhiere a los criterios de The Trust Project El presidente de la comisi\u00f3n de Hacienda en la C\u00e1mara, Jes\u00fas Santa, asegura intentan avanzar mientras Junta Fiscal pide un proyecto de ley que atienda todo el sistema contributivo de una vez 10 de mayo de 2023 &#8211; 11:40 PM Archivo<\/p>\n","protected":false},"author":2,"featured_media":19245,"comment_status":"open","ping_status":"open","sticky":false,"template":"","format":"standard","meta":{"om_disable_all_campaigns":false,"_monsterinsights_skip_tracking":false,"footnotes":""},"categories":[5],"tags":[],"class_list":["post-19244","post","type-post","status-publish","format-standard","has-post-thumbnail","hentry","category-negocios"],"aioseo_notices":[],"_links":{"self":[{"href":"https:\/\/aleeknews.com\/4l33k5\/wp-json\/wp\/v2\/posts\/19244","targetHints":{"allow":["GET"]}}],"collection":[{"href":"https:\/\/aleeknews.com\/4l33k5\/wp-json\/wp\/v2\/posts"}],"about":[{"href":"https:\/\/aleeknews.com\/4l33k5\/wp-json\/wp\/v2\/types\/post"}],"author":[{"embeddable":true,"href":"https:\/\/aleeknews.com\/4l33k5\/wp-json\/wp\/v2\/users\/2"}],"replies":[{"embeddable":true,"href":"https:\/\/aleeknews.com\/4l33k5\/wp-json\/wp\/v2\/comments?post=19244"}],"version-history":[{"count":0,"href":"https:\/\/aleeknews.com\/4l33k5\/wp-json\/wp\/v2\/posts\/19244\/revisions"}],"wp:featuredmedia":[{"embeddable":true,"href":"https:\/\/aleeknews.com\/4l33k5\/wp-json\/wp\/v2\/media\/19245"}],"wp:attachment":[{"href":"https:\/\/aleeknews.com\/4l33k5\/wp-json\/wp\/v2\/media?parent=19244"}],"wp:term":[{"taxonomy":"category","embeddable":true,"href":"https:\/\/aleeknews.com\/4l33k5\/wp-json\/wp\/v2\/categories?post=19244"},{"taxonomy":"post_tag","embeddable":true,"href":"https:\/\/aleeknews.com\/4l33k5\/wp-json\/wp\/v2\/tags?post=19244"}],"curies":[{"name":"wp","href":"https:\/\/api.w.org\/{rel}","templated":true}]}}